{"id":126,"date":"2024-08-04T15:53:40","date_gmt":"2024-08-04T13:53:40","guid":{"rendered":"http:\/\/delamarre.net\/wpprecy\/?p=126"},"modified":"2024-08-16T13:49:34","modified_gmt":"2024-08-16T11:49:34","slug":"la-revolution-a-precy-2eme-partie","status":"publish","type":"post","link":"https:\/\/histoiredeprecy.com\/index.php\/2024\/08\/04\/la-revolution-a-precy-2eme-partie\/","title":{"rendered":"La R\u00e9volution \u00e0 Pr\u00e9cy &#8211; 2\u00e8me partie"},"content":{"rendered":"\n<p><\/p>\n\n\n\n<p><strong>Le Serment<\/strong><\/p>\n\n\n\n<div class=\"wp-block-group has-global-padding is-layout-constrained wp-block-group-is-layout-constrained\">\n<figure class=\"wp-block-image alignright size-full is-resized\"><img loading=\"lazy\" decoding=\"async\" width=\"520\" height=\"510\" src=\"http:\/\/delamarre.net\/wpprecy\/wp-content\/uploads\/2024\/08\/p53_serment_constitution.jpg\" alt=\"\" class=\"wp-image-127\" style=\"width:235px;height:auto\" srcset=\"https:\/\/histoiredeprecy.com\/wp-content\/uploads\/2024\/08\/p53_serment_constitution.jpg 520w, https:\/\/histoiredeprecy.com\/wp-content\/uploads\/2024\/08\/p53_serment_constitution-300x294.jpg 300w\" sizes=\"auto, (max-width: 520px) 100vw, 520px\" \/><figcaption class=\"wp-element-caption\">Le serment \u00e0 la Constitution<\/figcaption><\/figure>\n\n\n\n<p><br>Le 27 novembre 1790, parut un d\u00e9cret \u00ab <em>qui obligeait les \u00e9v\u00eaques et cur\u00e9s \u00e0 pr\u00eater dans la huitaine, le serment \u00e0 la constitution civile faute de quoi les r\u00e9calcitrants seraient cens\u00e9s avoir donn\u00e9 leur d\u00e9mission s&rsquo;ils continuaient \u00e0 s&rsquo;immiscer dans leurs anciennes fonctions, ils seraient poursuivis comme perturbateurs de l&rsquo;ordre public<\/em> \u00bb.<br>Les bailliages fixaient la date de la prestation de serment de fid\u00e9lit\u00e9 \u00e0 la Constitution Civile. Des \u00e9tudes r\u00e9centes d\u00e9montrent qu&rsquo;on pouvait pr\u00eater serment avec restriction ou modification ou en ajoutant des pr\u00e9cisions. On voit ainsi des cur\u00e9s qui jurent \u00ab <em>fid\u00e9lit\u00e9 et attachement \u00e0 la R\u00e9publique, \u00e0 la Constitution, au Pape et \u00e0 l&rsquo;Eglise<\/em> \u00bb. D&rsquo;autres \u00ab <em>d&rsquo;\u00eatre fid\u00e8le \u00e0 la nation, \u00e0 la loi et \u00e0 la constitution pourvu qu&rsquo;elles ne portent aucune atteinte \u00e0 la foi \u00e0 l&rsquo;Eglise et \u00e0 sa hi\u00e9rarchie<\/em> \u00bb.<br><\/p>\n\n\n\n<div class=\"wp-block-group has-global-padding is-layout-constrained wp-block-group-is-layout-constrained\">\n<figure class=\"wp-block-image alignleft size-full is-resized\"><img loading=\"lazy\" decoding=\"async\" width=\"1000\" height=\"670\" src=\"http:\/\/delamarre.net\/wpprecy\/wp-content\/uploads\/2024\/08\/13_revol_serment_cure_p.jpg\" alt=\"\" class=\"wp-image-130\" style=\"width:336px;height:auto\" srcset=\"https:\/\/histoiredeprecy.com\/wp-content\/uploads\/2024\/08\/13_revol_serment_cure_p.jpg 1000w, https:\/\/histoiredeprecy.com\/wp-content\/uploads\/2024\/08\/13_revol_serment_cure_p-300x201.jpg 300w, https:\/\/histoiredeprecy.com\/wp-content\/uploads\/2024\/08\/13_revol_serment_cure_p-768x515.jpg 768w\" sizes=\"auto, (max-width: 1000px) 100vw, 1000px\" \/><figcaption class=\"wp-element-caption\">Le serment sign\u00e9 par le cur\u00e9 de Pr\u00e9cy (1791)<\/figcaption><\/figure>\n\n\n\n<p>Certains pr\u00eatres prononceront le serment tout en d\u00e9clarant \u00ab <em>l&rsquo;incomp\u00e9tence du pouvoir temporel dans le domaine spirituel<\/em> \u00bb. En certaines communes, les municipalit\u00e9s ont refus\u00e9 de mentionner les restrictions dans le proc\u00e8s verbal.<br>Le 27 f\u00e9vrier 1791, le Directoire du D\u00e9partement \u00e9crit au district de Senlis :<br>\u00ab <em>nous avons cru devoir user d&rsquo;indulgence en demandant la radiation de certaines expressions qui repr\u00e9sentent des restrictions ou modifications. En cons\u00e9quence, si messieurs les cur\u00e9s consentaient \u00e0 la radiation de ces expressions&#8230;. ces serments devenant constitutionnels, il serait inutile de nous les faire repasser&#8230;.<\/em> \u00bb (J. Leflon). N&rsquo;oublions surtout pas qu&rsquo;aussit\u00f4t la condamnation du serment par le Pape, beaucoup de pr\u00eatres se r\u00e9tract\u00e8rent. Le souci qui animait les pr\u00eatres jureurs \u00e9tait de rester \u00e0 leur poste et de ne pas abandonner leurs fid\u00e8les. Cela n&rsquo;exclut pas pour certains la crainte d&rsquo;\u00eatre d\u00e9missionn\u00e9, d&rsquo;avoir \u00e0 quitter sa cure, ses habitudes&#8230;.<br>Nous pouvons donc conclure qu&rsquo;il n&rsquo;y a aucune contradiction entre les diff\u00e9rents extraits d&rsquo;archives que nous publions au sujet de l&rsquo;Abb\u00e9 Delaunoy cur\u00e9 de Pr\u00e9cy.<br><img loading=\"lazy\" decoding=\"async\" width=\"265\" height=\"184\" src=\"\" alt=\"Nouvelle m\u00e9thode pour faire pr\u00eater serment\"><\/p>\n\n\n\n<div class=\"wp-block-group has-global-padding is-layout-constrained wp-block-group-is-layout-constrained\">\n<figure class=\"wp-block-image alignright size-full is-resized\"><img loading=\"lazy\" decoding=\"async\" width=\"1000\" height=\"688\" src=\"http:\/\/delamarre.net\/wpprecy\/wp-content\/uploads\/2024\/08\/13b_estampe_serment_p.jpg\" alt=\"\" class=\"wp-image-132\" style=\"width:301px;height:auto\" srcset=\"https:\/\/histoiredeprecy.com\/wp-content\/uploads\/2024\/08\/13b_estampe_serment_p.jpg 1000w, https:\/\/histoiredeprecy.com\/wp-content\/uploads\/2024\/08\/13b_estampe_serment_p-300x206.jpg 300w, https:\/\/histoiredeprecy.com\/wp-content\/uploads\/2024\/08\/13b_estampe_serment_p-768x528.jpg 768w\" sizes=\"auto, (max-width: 1000px) 100vw, 1000px\" \/><figcaption class=\"wp-element-caption\">Nouvelle m\u00e9thode pour faire pr\u00eater serment au cur\u00e9<\/figcaption><\/figure>\n\n\n\n<p>Le 21 janvier 1791, l&rsquo;abb\u00e9 Delaunoy \u00e9crit au greffier de la municipalit\u00e9 de Pr\u00e9cy :<br>\u00ab <em>J&rsquo;ai l&rsquo; honneur de vous pr\u00e9venir qu&rsquo;en vertu du d\u00e9cret du 12 et 24 juillet et 27 septembre de l&rsquo;ann\u00e9e derni\u00e8re, je me propose de pr\u00eater le serment exig\u00e9 des Eccl\u00e9siastiques fonctionnaires publics, et ce dans l&rsquo;Eglise, \u00e0 l&rsquo;issue de la Messe de la Paroisse, en pr\u00e9sence du Conseil G\u00e9n\u00e9ral de la Commune et de ses fid\u00e8les. Je vous en prie pour en donner avis \u00e0 messieurs les officiers municipaux de cette paroisse et faire part \u00e0 Monsieur le Maire que j&rsquo;aurai l&rsquo; honneur de le voir et de commencer avec lui de cette affaire grave.<\/em><br><em>Ce jour, ne le pouvant faire Dimanche prochain \u00e9tant oblig\u00e9 en qualit\u00e9 d&rsquo;Electeur et de me rendre \u00e0 Senlis ce jour l\u00e0 \u00e0 huit heures tr\u00e8s pr\u00e9cises. J&rsquo;ai l&rsquo;honneur d&rsquo;\u00eatre tr\u00e8s cordialement, Monsieur, votre fr\u00e8re et concitoyen.<\/em> \u00bb<br>Sign\u00e9, Delaunoy. Cur\u00e9 de Pr\u00e9cy.<\/p>\n\n\n\n<div class=\"wp-block-group has-global-padding is-layout-constrained wp-block-group-is-layout-constrained\">\n<figure class=\"wp-block-image alignleft size-full is-resized\"><img loading=\"lazy\" decoding=\"async\" width=\"400\" height=\"291\" src=\"http:\/\/delamarre.net\/wpprecy\/wp-content\/uploads\/2024\/08\/retable_roman_xiiie_p.jpg\" alt=\"\" class=\"wp-image-133\" style=\"width:272px;height:auto\" srcset=\"https:\/\/histoiredeprecy.com\/wp-content\/uploads\/2024\/08\/retable_roman_xiiie_p.jpg 400w, https:\/\/histoiredeprecy.com\/wp-content\/uploads\/2024\/08\/retable_roman_xiiie_p-300x218.jpg 300w\" sizes=\"auto, (max-width: 400px) 100vw, 400px\" \/><figcaption class=\"wp-element-caption\">Le maitre autel de Pr\u00e9cy<\/figcaption><\/figure>\n\n\n\n<p><br>\u00ab <em>L&rsquo;An mil sept cent quatre vingt onze, le Dimanche trente janvier, \u00e0 l&rsquo; issue de la messe paroissiale de Pr\u00e9cy-sur-Oise et en l&rsquo;Eglise dudit lieu, en la pr\u00e9sence du Corps Municipal, est comparu M. Louis Florent Delaunoy, cur\u00e9 dudit Pr\u00e9cy, lequel a dit qu&rsquo; en ex\u00e9cution et pour satisfaire \u00e0 la loi relative aux serments \u00e0 pr\u00eater par les eccl\u00e9siastiques fonctionnaires publics, donn\u00e9e \u00e0 Paris le vingt sept d\u00e9cembre dernier, auquel il \u00e9tait assujetti par l&rsquo;article 39, du d\u00e9cret du 13 juillet pr\u00e9c\u00e9dent&#8230; articles 21 et 38 et celui du douze du m\u00eame mois, concernant la Constitution Civile du Clerg\u00e9, il a ce jourd&rsquo;hui dans l&rsquo;Eglise dudit Pr\u00e9cy, \u00e0 l&rsquo;issue de la Messe de Paroisse, en pr\u00e9sence du Corps Municipal et du Conseil G\u00e9n\u00e9ral de la Commune et de ses fid\u00e8les, fait le serment ordonn\u00e9 par lequel il a jur\u00e9 de veiller avec soin sur les fid\u00e8les et la paroisse qui lui a \u00e9t\u00e9 conf\u00e9r\u00e9e, d&rsquo;\u00eatre fid\u00e8le \u00e0 la Nation, \u00e0 la loi et au Roi et de maintenir en tout son pouvoir la Constitution d\u00e9cr\u00e9t\u00e9e par l&rsquo;Assembl\u00e9e Nationale et accept\u00e9e par le Roi ;<\/em><br><em>Requ\u00e9rant qu&rsquo; il lui en fut donn\u00e9 acte et il a sign\u00e9.<\/em> \u00bb<br>Delaunoy, Cur\u00e9 de Pr\u00e9cy<br>Ces extraits du Registre des D\u00e9lib\u00e9rations du Conseil Municipal (1790-1793, pages 12 et 13), compar\u00e9s avec ce que disent les Registres Paroissiaux au sujet du m\u00eame serment, prouvent dans quel d\u00e9sarroi pouvaient \u00eatre les pr\u00eatres. Le cur\u00e9 de Pr\u00e9cy a donc pr\u00eat\u00e9 serment \u00e0 la Constitution Civile, bien qu&rsquo;il ait proclam\u00e9 auparavant qu&rsquo;il y \u00e9tait hostile.<br>Il se r\u00e9tractera par la suite ce qui explique sans doute les \u00e9v\u00e9nements que nous avons \u00e9voqu\u00e9s.<\/p>\n<\/div>\n<\/div>\n<\/div>\n<\/div>\n\n\n\n<p><br><a><\/a><strong>Eph\u00e9m\u00e9rides pendant la R\u00e9volution \u00e0 Pr\u00e9cy-sur-Oise<\/strong><\/p>\n\n\n\n<div class=\"wp-block-group has-global-padding is-layout-constrained wp-block-group-is-layout-constrained\">\n<figure class=\"wp-block-image alignright size-full is-resized\"><img loading=\"lazy\" decoding=\"async\" width=\"758\" height=\"428\" src=\"http:\/\/delamarre.net\/wpprecy\/wp-content\/uploads\/2024\/08\/etats_generaux.jpg\" alt=\"\" class=\"wp-image-135\" style=\"width:360px;height:auto\" srcset=\"https:\/\/histoiredeprecy.com\/wp-content\/uploads\/2024\/08\/etats_generaux.jpg 758w, https:\/\/histoiredeprecy.com\/wp-content\/uploads\/2024\/08\/etats_generaux-300x169.jpg 300w\" sizes=\"auto, (max-width: 758px) 100vw, 758px\" \/><figcaption class=\"wp-element-caption\">Etats g\u00e9n\u00e9raux \u00e0 Versailles<\/figcaption><\/figure>\n\n\n\n<p><br>Les \u00e9v\u00e9nements rapport\u00e9s se situent tous pendant la p\u00e9riode qui court de 1789 \u00e0 1793. Les faits eux-m\u00eames \u00e9tant plus importants que les dates pr\u00e9cises, nous ne les avons pas toujours pr\u00e9sent\u00e9s selon l&rsquo;ordre chronologique mais parfois p\u00eale-m\u00eale selon l&rsquo;int\u00e9r\u00eat des sujets ou passages s\u00e9lectionn\u00e9s dans les archives. Leur seul lien est leur rapport avec la r\u00e9volution subie \u00e0 Pr\u00e9cy.<br>1789 &#8211; 2 mars. Essai de repl\u00e2trage<br>Les d\u00e9l\u00e9gu\u00e9s des paroisses du baillage de Senlis se r\u00e9unirent en assembl\u00e9e pr\u00e9liminaire le lundi 2 mars \u00e0 8 h du matin par devant Paul Deslandes pr\u00e9sident, lieutenant g\u00e9n\u00e9ral civil, criminel et de police, commissaire enqu\u00eateur examinateur et commissaire aux scell\u00e9s et inventaires dudit baillage, assist\u00e9 du procureur du Roi et de Lefebvre, greffier faisant les fonctions de secr\u00e9taire. Apr\u00e8s la lecture des lettres du Roi, du r\u00e9glement y annex\u00e9 et de l&rsquo;ordonnance du bailli de Senlis dat\u00e9e du 12 f\u00e9vrier, on proc\u00e8de \u00e0 l&rsquo;appel des d\u00e9put\u00e9s. Comparurent pour les villes de Blaincourt pr\u00e8s Pr\u00e9cy-sur-Oise (compos\u00e9e de 137 feux) Jacques Couvreur et Claude Eloy&#8230;<br><\/p>\n\n\n\n<div class=\"wp-block-group has-global-padding is-layout-constrained wp-block-group-is-layout-constrained\">\n<figure class=\"wp-block-image alignleft size-full is-resized\"><img loading=\"lazy\" decoding=\"async\" width=\"758\" height=\"595\" src=\"http:\/\/delamarre.net\/wpprecy\/wp-content\/uploads\/2024\/08\/trois_ordres.jpg\" alt=\"\" class=\"wp-image-137\" style=\"width:303px;height:auto\" srcset=\"https:\/\/histoiredeprecy.com\/wp-content\/uploads\/2024\/08\/trois_ordres.jpg 758w, https:\/\/histoiredeprecy.com\/wp-content\/uploads\/2024\/08\/trois_ordres-300x235.jpg 300w\" sizes=\"auto, (max-width: 758px) 100vw, 758px\" \/><figcaption class=\"wp-element-caption\">Clerg\u00e9, noblesse et Tiers Etat<\/figcaption><\/figure>\n\n\n\n<p>En ce qui concerne la commune de Pr\u00e9cy ; \u00ab <em>Pour le baillage de Beaumont, il n&rsquo;a \u00e9t\u00e9 trouv\u00e9 ni proc\u00e8s-verbaux, ni voeux, ni dol\u00e9ances<\/em> \u00bb. (Pr\u00e9cy relevait du Baillage de Beaumont-sur-Oise).<br>11 mars 1789. Assembl\u00e9e des trois ordres \u00e0 Senlis<br>Le Clerg\u00e9, la Noblesse et le Tiers Etat \u00e9taient convoqu\u00e9s en assembl\u00e9e g\u00e9n\u00e9rale pour le 11 mars \u00e0 dix heures du matin&#8230; Apr\u00e8s de chaudes discussions sur la r\u00e9duction au quart, elle fut reprise \u00e0 cinq heures du soir en l&rsquo;\u00e9glise des Capucins par devant Gaston Pierre Marc, duc de L\u00e9vis, mestre de camp de cavalerie, seigneur d&rsquo;Ennery et Livilliers, capitaine des gardes de Monsieur, fr\u00e8re du Roi, et grand bailli d&rsquo;\u00e9p\u00e9e, assist\u00e9 de Paul Deslandes, lieutenant g\u00e9n\u00e9ral et de Louis Charles Marie S\u00e9guin, procureur du Roi. Le clerg\u00e9 occupait la droite de l&rsquo;\u00e9glise, la noblesse la gauche, le Tiers-Etat \u00e9tait rang\u00e9 des deux c\u00f4t\u00e9s aupr\u00e8s de la porte.<br><img loading=\"lazy\" decoding=\"async\" width=\"146\" height=\"197\" src=\"\" alt=\"D\u00e9claration des droits de l'Homme\"><\/p>\n\n\n\n<div class=\"wp-block-group has-global-padding is-layout-constrained wp-block-group-is-layout-constrained\">\n<figure class=\"wp-block-image alignright size-full is-resized\"><img loading=\"lazy\" decoding=\"async\" width=\"200\" height=\"269\" src=\"http:\/\/delamarre.net\/wpprecy\/wp-content\/uploads\/2024\/08\/13d_Declaration_droits_homme.jpg\" alt=\"\" class=\"wp-image-139\" style=\"width:233px;height:auto\"\/><figcaption class=\"wp-element-caption\">D\u00e9claration des droits de l&rsquo;homme<\/figcaption><\/figure>\n\n\n\n<p>Le r\u00e8glement mettant ce dernier ordre en face des deux autres mais la petitesse de l&rsquo;\u00e9glise ne permettait pas cette disposition. Le Tiers-Etat protesta contre la place qui lui \u00e9tait assign\u00e9e.<br>Apr\u00e8s avoir requis lecture des lettres du Roi et du r\u00e8glement y annex\u00e9, lecture faite imm\u00e9diatement, le procureur du Roi pronon\u00e7a un discours fleuri dans lequel, \u00ab <em>contemplant avec bonheur sous ces vo\u00fbtes sacr\u00e9es, le spectacle d&rsquo;une auguste et nombreuse assembl\u00e9e compos\u00e9e d&rsquo;\u00e2mes nobles et vertueuses chez qui tout annon\u00e7ait l&rsquo;\u00e9minence des talents, l&rsquo;amour pour son Roi, la sensibilit\u00e9 aux besoins et aux abus de l&rsquo;Etat, le z\u00e8le pour la Patrie<\/em> \u00bb il se d\u00e9clara incapable de faire fumer en son honneur un encens digne d&rsquo;en \u00eatre forc\u00e9 de se r\u00e9signer au silence.<br>Le grand bailli prit alors la parole et dit :<br>\u00ab <em>Messieurs, vous \u00eates appel\u00e9s aujourd&rsquo;hui par le Roi \u00e0 remplir la plus noble et la plus auguste des fonctions de l&rsquo;ordre social ; vous allez soutenir et r\u00e9parer cet antique \u00e9difice de la Constitution Fran\u00e7aise qui subsiste avec gloire depuis tant de si\u00e8cles et qui sans votre secours, semble pr\u00eat \u00e0 s&rsquo;\u00e9crouler. Par vous les droits sacr\u00e9s de la libert\u00e9 et de la propri\u00e9t\u00e9 vont \u00eatre reconnus et constat\u00e9s ; par nous, ils seront maintenus \u00e0 jamais\u2026<\/em><br><\/p>\n\n\n\n<figure class=\"wp-block-image alignleft size-full is-resized\"><img loading=\"lazy\" decoding=\"async\" width=\"480\" height=\"627\" src=\"http:\/\/delamarre.net\/wpprecy\/wp-content\/uploads\/2024\/08\/p_constitution_1791.jpg\" alt=\"\" class=\"wp-image-141\" style=\"width:189px;height:auto\" srcset=\"https:\/\/histoiredeprecy.com\/wp-content\/uploads\/2024\/08\/p_constitution_1791.jpg 480w, https:\/\/histoiredeprecy.com\/wp-content\/uploads\/2024\/08\/p_constitution_1791-230x300.jpg 230w\" sizes=\"auto, (max-width: 480px) 100vw, 480px\" \/><figcaption class=\"wp-element-caption\">Constitution de 1791<\/figcaption><\/figure>\n\n\n\n<p><em>Mais songez, Messieurs, que pour travailler avec succ\u00e8s au grand ouvrage de la f\u00e9licit\u00e9 publique, l&rsquo;union vous est plus que jamais n\u00e9cessaire et que c&rsquo;est d&rsquo;elle que vous tirerez votre plus grande force. Songez encore que si vous voyez r\u00e9gner la paix et l&rsquo;accord entre les diff\u00e9rents ordres qui composent cette illustre assembl\u00e9e, que si, au lieu des dissenssions funestes qui d\u00e9chirent plusieurs de nos provinces, vous conservez ce bien pr\u00e9cieux, vous le devez \u00e0 la mod\u00e9ration du troisi\u00e8me ordre et au juste et g\u00e9n\u00e9reux d\u00e9sint\u00e9ressement des deux premiers&#8230;<\/em><br><em>Votre int\u00e9r\u00eat devenant le m\u00eame, vous r\u00e9tablirez bien plus facilement un ordre fixe et immuable, n\u00e9cessaire dans une grande monarchie ; vous reconna\u00eetrez et vous consoliderez la dette publique.<\/em><br><em>Les peuples ne g\u00e9miront plus sous le poids d&rsquo;imp\u00f4ts excessifs et d\u00e9sastreux ; et vous Messieurs, ses dignes repr\u00e9sentants, vous n&rsquo;aurez plus, comme autrefois, \u00e0 porter aux assembl\u00e9es nationales vos justes et \u00e9ternelles r\u00e9clamations. Vous ne vous plaindrez plus que le fruit de vos travaux a \u00e9t\u00e9 dissip\u00e9 par des d\u00e9pr\u00e9dateurs avides&#8230; Messieurs, en travaillant \u00e0 assurer le bonheur de la nation, il est bien doux d&rsquo;\u00e9tablir sur les m\u00eames bases celui d&rsquo;un Roi que nous ch\u00e9rissons&#8230; Le bonheur et l&rsquo;amour des peuples est la plus douce r\u00e9compense des rois vertueux.<\/em><br><em>C&rsquo;est \u00e0 Senlis, messieurs, c&rsquo;est dans cette ville toujours fid\u00e8le que le grand Henri disait , &lsquo;Ici notre heur a pris commencement&rsquo;<\/em><br><em>Puisse le Roi et la Nation Fran\u00e7aise nous rendre encore ce t\u00e9moignage honorable&#8230; La premi\u00e8re d\u00e9lib\u00e9ration que nous devrons prendre pour d\u00e9cider si nous op\u00e9rerons la compression des cahiers en commun ou par ordre, est bien importante.<\/em><br><\/p>\n\n\n\n<div class=\"wp-block-group has-global-padding is-layout-constrained wp-block-group-is-layout-constrained\">\n<figure class=\"wp-block-image alignright size-full is-resized\"><img loading=\"lazy\" decoding=\"async\" width=\"640\" height=\"429\" src=\"http:\/\/delamarre.net\/wpprecy\/wp-content\/uploads\/2024\/08\/trois_ordres2.jpg\" alt=\"\" class=\"wp-image-142\" style=\"width:411px;height:auto\" srcset=\"https:\/\/histoiredeprecy.com\/wp-content\/uploads\/2024\/08\/trois_ordres2.jpg 640w, https:\/\/histoiredeprecy.com\/wp-content\/uploads\/2024\/08\/trois_ordres2-300x201.jpg 300w\" sizes=\"auto, (max-width: 640px) 100vw, 640px\" \/><figcaption class=\"wp-element-caption\">Les trois ordres<\/figcaption><\/figure>\n\n\n\n<p><em>L&rsquo;on pr\u00e9voit que vos sentiments patriotiques auront bient\u00f4t lev\u00e9 les seuls obstacles qui pourraient emp\u00eacher d&rsquo;adopter une r\u00e9daction faite en commun ; et ce sera alors qu&rsquo;aux Etats G\u00e9n\u00e9raux chacun de nos d\u00e9put\u00e9s interrog\u00e9 sur son ordre, pourra faire cette belle r\u00e9ponse qui fut jadis faite aux Etats de 1483 : &lsquo;nous ne sommes point de tel ou tel ordre, nous sommes Fran\u00e7ais&rsquo;<\/em> \u00bb.<br>Ce discours termin\u00e9, le grand bailli, ordonna au greffier, secr\u00e9taire de l&rsquo;assembl\u00e9e de faire, sur le r\u00f4le \u00e0 lui remis par le procureur du Roi, l&rsquo;appel des Trois Etats du baillage provincial. Comparurent dans l&rsquo;ordre du Clerg\u00e9 ; &#8230; l&rsquo;\u00e9v\u00eaque de Senlis et beaucoup d&rsquo;autres parmi lesquels Pierre Colasse, pr\u00eatre chapelain de l&rsquo;\u00e9glise de Pr\u00e9cy-sur-Oise. Louis Florent Delaunoy, cur\u00e9 de Pr\u00e9cy.<br>Parmi les nobles on trouve entre autres : \u00ab <em>Anne L\u00e9on, duc de Montmorency, premier baron de France et premier baron chr\u00e9tien, chef des noms et armes de sa maison, comme <\/em><a href=\"http:\/\/web.archive.org\/web\/20240304111347\/http:\/www.histoiredeprecy.com\/precy-a-travers-le-temps\/les-montmorency.html\" target=\"_blank\" rel=\"noreferrer noopener\"><em>Seigneur de Pr\u00e9cy-sur-Oise<\/em><\/a><em>, Blaincourt pr\u00e8s Pr\u00e9cy est repr\u00e9sent\u00e9 par de Chevreuse<\/em> \u00bb.<br>Parmi le Tiers-Etat, on voit Pierre Val\u00e9rie Grehan de Pr\u00e9cy et Claude Eloi de Blaincourt pr\u00e8s Pr\u00e9cy. \u00ab <em>Le grand Bailli assigna \u00e0 chacun des ordres un lieu destin\u00e9 \u00e0 leurs assembl\u00e9es particuli\u00e8res ; au clerg\u00e9, le palais \u00e9piscopal ; \u00e0 la noblesse, l&rsquo;une des salles de l&rsquo;Abbaye de Saint-Vincent , au Tiers-Etat, l&rsquo;H\u00f4tel de ville et leur proposa de d\u00e9cider tout d&rsquo;abord, chacun de leur c\u00f4t\u00e9, s&rsquo;ils proc\u00e9deraient conjointement ou divis\u00e9ment \u00e0 la r\u00e9daction de leurs cahiers et \u00e0 l&rsquo;\u00e9lection de leurs d\u00e9put\u00e9s pour les Etats G\u00e9n\u00e9raux<\/em> \u00bb.<\/p>\n<\/div>\n<\/div>\n<\/div>\n<\/div>\n","protected":false},"excerpt":{"rendered":"<p>Le Serment Le 27 novembre 1790, parut un d\u00e9cret \u00ab qui obligeait les \u00e9v\u00eaques et cur\u00e9s \u00e0 pr\u00eater dans la huitaine, le serment \u00e0 la constitution civile faute de quoi les r\u00e9calcitrants seraient cens\u00e9s avoir donn\u00e9 leur d\u00e9mission s&rsquo;ils continuaient \u00e0 s&rsquo;immiscer dans leurs anciennes fonctions, ils seraient poursuivis comme perturbateurs de l&rsquo;ordre public \u00bb.Les [&hellip;]<\/p>\n","protected":false},"author":1,"featured_media":0,"comment_status":"closed","ping_status":"open","sticky":false,"template":"","format":"standard","meta":{"footnotes":""},"categories":[1],"tags":[],"class_list":["post-126","post","type-post","status-publish","format-standard","hentry","category-non-classe"],"_links":{"self":[{"href":"https:\/\/histoiredeprecy.com\/index.php\/wp-json\/wp\/v2\/posts\/126","targetHints":{"allow":["GET"]}}],"collection":[{"href":"https:\/\/histoiredeprecy.com\/index.php\/wp-json\/wp\/v2\/posts"}],"about":[{"href":"https:\/\/histoiredeprecy.com\/index.php\/wp-json\/wp\/v2\/types\/post"}],"author":[{"embeddable":true,"href":"https:\/\/histoiredeprecy.com\/index.php\/wp-json\/wp\/v2\/users\/1"}],"replies":[{"embeddable":true,"href":"https:\/\/histoiredeprecy.com\/index.php\/wp-json\/wp\/v2\/comments?post=126"}],"version-history":[{"count":9,"href":"https:\/\/histoiredeprecy.com\/index.php\/wp-json\/wp\/v2\/posts\/126\/revisions"}],"predecessor-version":[{"id":1821,"href":"https:\/\/histoiredeprecy.com\/index.php\/wp-json\/wp\/v2\/posts\/126\/revisions\/1821"}],"wp:attachment":[{"href":"https:\/\/histoiredeprecy.com\/index.php\/wp-json\/wp\/v2\/media?parent=126"}],"wp:term":[{"taxonomy":"category","embeddable":true,"href":"https:\/\/histoiredeprecy.com\/index.php\/wp-json\/wp\/v2\/categories?post=126"},{"taxonomy":"post_tag","embeddable":true,"href":"https:\/\/histoiredeprecy.com\/index.php\/wp-json\/wp\/v2\/tags?post=126"}],"curies":[{"name":"wp","href":"https:\/\/api.w.org\/{rel}","templated":true}]}}