{"id":144,"date":"2024-08-04T16:29:28","date_gmt":"2024-08-04T14:29:28","guid":{"rendered":"http:\/\/delamarre.net\/wpprecy\/?p=144"},"modified":"2024-08-16T13:55:11","modified_gmt":"2024-08-16T11:55:11","slug":"la-revolution-a-precy-3eme-partie","status":"publish","type":"post","link":"https:\/\/histoiredeprecy.com\/index.php\/2024\/08\/04\/la-revolution-a-precy-3eme-partie\/","title":{"rendered":"La R\u00e9volution \u00e0 Pr\u00e9cy &#8211; 3\u00e8me partie"},"content":{"rendered":"\n<p><\/p>\n\n\n\n<p><strong>La Charit\u00e9 de Pr\u00e9cy<\/strong><\/p>\n\n\n\n<div class=\"wp-block-group has-global-padding is-layout-constrained wp-block-group-is-layout-constrained\">\n<figure class=\"wp-block-image alignleft size-large is-resized\"><img loading=\"lazy\" decoding=\"async\" width=\"1024\" height=\"695\" src=\"http:\/\/delamarre.net\/wpprecy\/wp-content\/uploads\/2024\/08\/14_revol_charite_1989_p-1024x695.jpg\" alt=\"\" class=\"wp-image-146\" style=\"width:316px;height:auto\" srcset=\"https:\/\/histoiredeprecy.com\/wp-content\/uploads\/2024\/08\/14_revol_charite_1989_p-1024x695.jpg 1024w, https:\/\/histoiredeprecy.com\/wp-content\/uploads\/2024\/08\/14_revol_charite_1989_p-300x204.jpg 300w, https:\/\/histoiredeprecy.com\/wp-content\/uploads\/2024\/08\/14_revol_charite_1989_p-768x522.jpg 768w, https:\/\/histoiredeprecy.com\/wp-content\/uploads\/2024\/08\/14_revol_charite_1989_p.jpg 1072w\" sizes=\"auto, (max-width: 1024px) 100vw, 1024px\" \/><figcaption class=\"wp-element-caption\">Ce qui reste de la Charit\u00e9 de Pr\u00e9cy en 1989<\/figcaption><\/figure>\n\n\n\n<p>L&rsquo;an mil sept cent quatre vingt dix le vingti\u00e8me jour de novembre, huit heures du matin, nous Jean-Pierre Tardu, notaire royal demeurant \u00e0 Pr\u00e9cy-sur-Oise, en vertu de la commission \u00e0 nous donn\u00e9e par MM. les administrateurs composant le directoire du district de Senlis le quatre octobre dernier sommes transport\u00e9s en la Maison de la Charit\u00e9 et des pauvres malades dudit Pr\u00e9cy \u00e0 l&rsquo;effet de proc\u00e9der :<br>1\u00b0 \u00e0 l&rsquo;inventaire des biens meubles et effets mobiliaires de toute nature appartenant \u00e0 ladite Charit\u00e9,<br>2\u00b0 et des titres papiers et enseignements g\u00e9n\u00e9ralement quelconques sans exception qui peuvent int\u00e9resser ladite Charit\u00e9 et autres&#8230; propri\u00e9t\u00e9s et autres droits qui en d\u00e9pendent ; En ex\u00e9cution des d\u00e9crets de l&rsquo;Assembl\u00e9e Nationale, des quatorze et vingt avril et dix huit juin dernier et des lettres patentes du Roy du vingt huit du m\u00eame mois de juin.<br>(ordonnant l&rsquo;inventaire des Corps et communaut\u00e9s, coll\u00e8ges et autres \u00e9tablissements publics ainsi que les d\u00e9clarations prescrites par les d\u00e9crets du 13 novembre 1789 &#8211; gazette nationale ou moniteur universel du samedi 19 juin 1790).<br>O\u00f9 \u00e9tant avons trouv\u00e9 M. M. Louis Pierre Levasseur, maire de la commune de cette paroisse. Etienne Vachette, Charles Fran\u00e7ois Boutrois et Pierre Vallery Grehan, tous trois officiers municipaux, le nomm\u00e9 Fran\u00e7ois Alexis Motte, procureur de ladite commune, auquel nous avons fait part du sujet de notre transport et les avons requis de nous faire faire la repr\u00e9sentation des dits meubles et effets et des titres et papiers de ladite Charit\u00e9 pour en \u00eatre par nous fait inventaire, ce qu&rsquo;ils ont fait et y avons proc\u00e9d\u00e9 ainsi qu&rsquo;il suit&#8230;<br><em>(P.S. Voir Pouill\u00e9 du Dioc\u00e8se de Beauvais 1707. Arch. D\u00e9p. G. Z. 353, p. 364, cf. page annexe).<\/em><br><\/p>\n\n\n\n<div class=\"wp-block-group has-global-padding is-layout-constrained wp-block-group-is-layout-constrained\">\n<figure class=\"wp-block-image alignright size-full is-resized\"><img loading=\"lazy\" decoding=\"async\" width=\"180\" height=\"118\" src=\"http:\/\/delamarre.net\/wpprecy\/wp-content\/uploads\/2024\/08\/13f_serment_du_jeu_de_paume.jpg\" alt=\"\" class=\"wp-image-148\" style=\"width:297px;height:auto\"\/><figcaption class=\"wp-element-caption\">Le serment du jeu de paume<\/figcaption><\/figure>\n\n\n\n<p>Le 12 d\u00e9cembre 1790, l&rsquo;an mil sept cent quatre vingt dix, le dimanche douze d\u00e9cembre, \u00e0 l&rsquo;issue de la grande Messe apr\u00e8s affiche pos\u00e9e \u00e0 la porte de l&rsquo;\u00e9glise et avoir annonc\u00e9 au son de la caisse, (tambour) en vertu d&rsquo;une d\u00e9lib\u00e9ration faite par M. M. les maires et officiers municipaux de Pr\u00e9cy en date du 7 du pr\u00e9sent mois, j&rsquo;ai Jacques Jean Charles Tellier, sergent en ladite municipalit\u00e9 proc\u00e9d\u00e9 \u00e0 la vente des meubles et effets \u00e9tant en la Maison de la Charit\u00e9 des pauvres dudit Pr\u00e9cy, m&rsquo;ayant \u00e9t\u00e9 pr\u00e9sent\u00e9 par le Sr Boutrois, des dits officiers et tr\u00e9sorier actuel de ladite Charit\u00e9&#8230;<br>La Charit\u00e9 de Pr\u00e9cy est en fait l&rsquo;Hostel Dieu de Pr\u00e9cy. Doyenn\u00e9 de Beaumont. Le Pouill\u00e9 du Dioc\u00e8se de Beauvais \u00e9tabli en 1707 pr\u00e9cise : \u00ab<em> Induit du Cardinal Chigi, L\u00e9gat en France du 22 Aoust 1664 certifi\u00e9 par les notaires apostoliques Hubert et le Vasseur et sign\u00e9 d&rsquo;eux avec paraphes du 27 en suivant, le dit indult portant que Ang\u00e9lique de Vaucouleurs \u00e2g\u00e9e de 55 ans fort infirme ayant b\u00e2ti \u00e0 ses d\u00e9pens une maison pour panser les malades, recevoir les orphelins et instruire la jeunesse et promettant y construire un oratoire pour y dire la messe par Pr\u00eatres s\u00e9culiers approuv\u00e9s elle d\u00e9sire qu&rsquo;elle soit \u00e9rig\u00e9e en hospital et qu&rsquo;on puisse y administrer le sacrement d&rsquo;Eucharistie pour elle, lesdits malades et orphelins, le tout lui est accord\u00e9 apr\u00e8s n\u00e9anmoins que l&rsquo;\u00e9v\u00eaque aura visit\u00e9 ladite maison, approuv\u00e9 ledit hospital et donn\u00e9 les permissions n\u00e9cessaires qui ne dureront qu&rsquo;autant qu&rsquo;il lui plaira et ce sans pr\u00e9judice du cur\u00e9 du lieu et de ses droits curiaux, exceptant n\u00e9anmoins le jour de P\u00e2ques et les f\u00eates plus solennelles de l&rsquo;\u00c9glise auxquelles il n&rsquo;accorde pas que l&rsquo;on y communie et toutes fois dans ces f\u00eates plus solennelles si la n\u00e9cessit\u00e9 le requiert<\/em> \u00bb.<\/p>\n<\/div>\n<\/div>\n\n\n\n<p>Archives d\u00e9partementales de l&rsquo;Oise<br>S\u00e9rie Q. Domaines \u00e0 Liquidation et S\u00e9\u00acquestres. 1790. \u00c9tablissements Charitables.<br>20 novembre 1790<\/p>\n\n\n\n<p><br><a><\/a><strong>Maires et Adjoints<\/strong><\/p>\n\n\n\n<div class=\"wp-block-group has-global-padding is-layout-constrained wp-block-group-is-layout-constrained\">\n<figure class=\"wp-block-image alignleft size-full is-resized\"><img loading=\"lazy\" decoding=\"async\" width=\"758\" height=\"610\" src=\"http:\/\/delamarre.net\/wpprecy\/wp-content\/uploads\/2024\/08\/p_calendrier_revol.jpg\" alt=\"\" class=\"wp-image-150\" style=\"width:331px;height:auto\" srcset=\"https:\/\/histoiredeprecy.com\/wp-content\/uploads\/2024\/08\/p_calendrier_revol.jpg 758w, https:\/\/histoiredeprecy.com\/wp-content\/uploads\/2024\/08\/p_calendrier_revol-300x241.jpg 300w\" sizes=\"auto, (max-width: 758px) 100vw, 758px\" \/><figcaption class=\"wp-element-caption\">Calendrier r\u00e9volutionnaire<\/figcaption><\/figure>\n\n\n\n<p><br>Le 13 novembre 1791<br>Monsieur Gesseaume Pierre est \u00e9lu maire. Monsieur Tellier Jean, procureur de la commune.<br>Messieurs Lefi\u00e8re Jean, Bansse Charles, Derebergue Pierre, officiers municipaux, ont pr\u00eat\u00e9 serment de maintenir de tout leur pouvoir la Constitution du royaume, d&rsquo;\u00eatre fid\u00e8le \u00e0 la Nation, \u00e0 la Loi et au Roi.<br>Le 10 d\u00e9cembre 1792 de la premi\u00e8re R\u00e9publique (1792-1804).<br>Monsieur De Neuilly est \u00e9lu maire jusqu&rsquo;au 30 Vent\u00f4se an troisi\u00e8me de la R\u00e9publique.<br>Le calendrier r\u00e9volutionnaire (13 ans) commence le 22 septembre 1792, l&rsquo;an premier de la R\u00e9publique. Les mois s&rsquo;appellent; Vend\u00e9miaire, Brumaire, Frimaire, pour l&rsquo;automne ; Niv\u00f4se, Pluvi\u00f4se, Vent\u00f4se, pour l&rsquo;hiver; Germinal, Flor\u00e9al, Prairial pour le printemps ; Messidor, Thermidor, Fructidor, pour l&rsquo;\u00e9t\u00e9.<br><\/p>\n\n\n\n<div class=\"wp-block-group has-global-padding is-layout-constrained wp-block-group-is-layout-constrained\">\n<figure class=\"wp-block-image alignright size-full is-resized\"><img loading=\"lazy\" decoding=\"async\" width=\"500\" height=\"385\" src=\"http:\/\/delamarre.net\/wpprecy\/wp-content\/uploads\/2024\/08\/p60_bonnet_rouge_de_liberte.jpg\" alt=\"\" class=\"wp-image-151\" style=\"width:324px;height:auto\" srcset=\"https:\/\/histoiredeprecy.com\/wp-content\/uploads\/2024\/08\/p60_bonnet_rouge_de_liberte.jpg 500w, https:\/\/histoiredeprecy.com\/wp-content\/uploads\/2024\/08\/p60_bonnet_rouge_de_liberte-300x231.jpg 300w\" sizes=\"auto, (max-width: 500px) 100vw, 500px\" \/><figcaption class=\"wp-element-caption\">Bonnet rouge de libert\u00e9<\/figcaption><\/figure>\n\n\n\n<p>Le 30 Vent\u00f4se an troisi\u00e8me de la R\u00e9publique<br>Monsieur Devimoy est \u00e9lu maire, Monsieur Boutrois est \u00e9lu agent national. Le citoyen maire fait lecture de l&rsquo;arr\u00eat\u00e9 du repr\u00e9sentant du peuple dat\u00e9 du 4 de ce mois portant recomposition compl\u00e8te des autorit\u00e9s constitu\u00e9es de la commune de Pr\u00e9cy et \u00e0 rendre compte de la notification faite du dit arr\u00eat\u00e9 aux citoyens composant la nouvelle municipalit\u00e9 et apr\u00e8s serment par eux de bien servir fid\u00e8lement et remplir leurs fonctions. -suivent les signatures de dix-huit officiers municipaux.<br>Le 24 Frimaire an quatri\u00e8me de la R\u00e9publique (14\/12\/1795)<br>Monsieur Bansse est nomm\u00e9 agent municipal jusqu&rsquo;au 30 Vent\u00f4se an sixi\u00e8me de la R\u00e9publique.<br>Monsieur Morin est nomm\u00e9 adjoint. Ont pr\u00eat\u00e9 serment suivant la loi (en vertu) d&rsquo;un arr\u00eat\u00e9 de l&rsquo;Administration du D\u00e9partement dans chaque commune de moins de cinq mille habitants il sera nomm\u00e9 un agent municipal et un adjoint.<\/p>\n<\/div>\n<\/div>\n\n\n\n<p><br><a><\/a><strong>En fouillant les registres du Comit\u00e9 de surveillance de Pr\u00e9cy<\/strong><\/p>\n\n\n\n<div class=\"wp-block-group has-global-padding is-layout-constrained wp-block-group-is-layout-constrained\">\n<div class=\"wp-block-group has-global-padding is-layout-constrained wp-block-group-is-layout-constrained\">\n<figure class=\"wp-block-image alignleft size-large is-resized\"><img loading=\"lazy\" decoding=\"async\" width=\"671\" height=\"1024\" src=\"http:\/\/delamarre.net\/wpprecy\/wp-content\/uploads\/2024\/08\/14e_croix_chevet_p-671x1024.jpg\" alt=\"\" class=\"wp-image-152\" style=\"width:206px;height:auto\" srcset=\"https:\/\/histoiredeprecy.com\/wp-content\/uploads\/2024\/08\/14e_croix_chevet_p-671x1024.jpg 671w, https:\/\/histoiredeprecy.com\/wp-content\/uploads\/2024\/08\/14e_croix_chevet_p-197x300.jpg 197w, https:\/\/histoiredeprecy.com\/wp-content\/uploads\/2024\/08\/14e_croix_chevet_p.jpg 700w\" sizes=\"auto, (max-width: 671px) 100vw, 671px\" \/><figcaption class=\"wp-element-caption\">La croix du chevet<\/figcaption><\/figure>\n\n\n\n<p><br>Le 22\u00e8me jour de Brumaire deuxi\u00e8me an de la R\u00e9publique<br>Le comit\u00e9 a re\u00e7u deux lettres, lues par le pr\u00e9sident, l&rsquo;une du citoyen Hain, l&rsquo;autre de Delaunoy, cur\u00e9 de Pr\u00e9cy, d\u00e9tenus tous deux en la maison d&rsquo;arr\u00eat de Chantilly, qui appellent en leur faveur la sollicitude du comit\u00e9 pour les tirer de leur captivit\u00e9.<br>Rien \u00e0 dire sur Tardu, ni sur Hain, ni sur l&rsquo;abb\u00e9 Delaunoy lequel a toujours \u00ab <em>montr\u00e9 une parfaite ob\u00e9issance aux lois, son respect pour les autorit\u00e9s constitu\u00e9es et n&rsquo;a rien fait \u00e0 notre connaissance de contraire \u00e0 la Libert\u00e9, \u00e0 l&rsquo;\u00e9galit\u00e9 et l&rsquo;indivisibilit\u00e9 de<\/em><br><em>la R\u00e9publique. Le comit\u00e9 charge ses d\u00e9put\u00e9s d&rsquo;offrir de sa part \u00e0 nos fr\u00e8res salut et Fraternit\u00e9<\/em> \u00bb.<br>(Texte apparemment contradictoire avec ce qui est \u00e9crit au 27 vent\u00f4se l&rsquo;an deuxi\u00e8me).<br>\u00ab <em>Citoyens le confessional qui sert de gu\u00e9rite porte une capucinade pour inscription, je demande qu&rsquo;il y soit substitu\u00e9 : le fanatisme renvers\u00e9 par le g\u00e9nie de la libert\u00e9 ou le triomphe de la raison<\/em> \u00bb.<br>Sign\u00e9 Alex Berthier.<\/p>\n\n\n\n<div class=\"wp-block-group has-global-padding is-layout-constrained wp-block-group-is-layout-constrained\">\n<figure class=\"wp-block-image alignright size-full is-resized\"><img loading=\"lazy\" decoding=\"async\" width=\"692\" height=\"599\" src=\"http:\/\/delamarre.net\/wpprecy\/wp-content\/uploads\/2024\/08\/p61_Assignat_de_15_sols.jpg\" alt=\"\" class=\"wp-image-154\" style=\"width:338px;height:auto\" srcset=\"https:\/\/histoiredeprecy.com\/wp-content\/uploads\/2024\/08\/p61_Assignat_de_15_sols.jpg 692w, https:\/\/histoiredeprecy.com\/wp-content\/uploads\/2024\/08\/p61_Assignat_de_15_sols-300x260.jpg 300w\" sizes=\"auto, (max-width: 692px) 100vw, 692px\" \/><figcaption class=\"wp-element-caption\">Assignat de 15 sols<\/figcaption><\/figure>\n\n\n\n<p><br>3\u00e8me jour de Frimaire an deuxi\u00e8me de la R\u00e9publique Fran\u00e7aise.<br>Une et indivisible (pas p\u00e9rissable) la citoyenne Josse a apport\u00e9 un m\u00e9moire pour justification de son mari mais le comit\u00e9 d\u00e9cide de ne pas signer ce m\u00e9moire. On tambourinera pour inviter les patriotes \u00e0 apporter des chemises et \u00e0 \u00e9changer leur or et leur argent contre des assignats. \u00ab <em>Le citoyen Alexandre Berthier a envoy\u00e9 du comit\u00e9, un drapeau tricolore surmont\u00e9 d&rsquo;un bonnet de la libert\u00e9 pour \u00eatre offert \u00e0 la commune et servir de girouette \u00e0 la place de la croix sur le clocher de l&rsquo;\u00e9glise. Le pr\u00e9sident du Comit\u00e9 l&rsquo;a port\u00e9 \u00e0 l&rsquo;\u00e9glise o\u00f9 le corps municipal \u00e9tait assembl\u00e9<\/em> \u00bb.<br>Extraits du discours que devait tenir le Pr\u00e9sident Franqueville :<br>\u00ab <em>Les signes et les titres qui pouvaient rappeler le r\u00e8gne du despotisme et de la tyrannie (sont) d\u00e9truits ou br\u00fbl\u00e9s, nos impositions pay\u00e9es, enfin cinquante de nos enfants combattent les esclaves des despotes pendant que nous fournissons les r\u00e9quisitions qui nous sont faites pour l&rsquo;approvisionnement des arm\u00e9es et de nos fr\u00e8res de Paris malgr\u00e9 le fl\u00e9au de la gr\u00eale qui a ravag\u00e9 une partie de nos moissons&#8230;<\/em><br><em>Notre commune est pauvre mais elle offre ce qui est en son pouvoir. Nous disposons sur l&rsquo;autel de la Patrie au nom du Peuple de cette commune de chemises, des draps, des serviettes, des gu\u00eatres, du vrai linge et de la charpie pour les d\u00e9fenseurs de la Patrie.<\/em><br><\/p>\n\n\n\n<div class=\"wp-block-group has-global-padding is-layout-constrained wp-block-group-is-layout-constrained\">\n<figure class=\"wp-block-image alignleft size-full is-resized\"><img loading=\"lazy\" decoding=\"async\" width=\"400\" height=\"422\" src=\"http:\/\/delamarre.net\/wpprecy\/wp-content\/uploads\/2024\/08\/gobel.jpg\" alt=\"\" class=\"wp-image-155\" style=\"width:224px;height:auto\" srcset=\"https:\/\/histoiredeprecy.com\/wp-content\/uploads\/2024\/08\/gobel.jpg 400w, https:\/\/histoiredeprecy.com\/wp-content\/uploads\/2024\/08\/gobel-284x300.jpg 284w\" sizes=\"auto, (max-width: 400px) 100vw, 400px\" \/><figcaption class=\"wp-element-caption\">Gobel, archev\u00eaque de Paris<\/figcaption><\/figure>\n\n\n\n<p><em>Nous apportons pour les frais de la guerre des m\u00e9dailles et deux cent douze livres en argent parmi lesquelles offrandes vous distinguerez avec reconnaissance celles des citoyens les plus pauvres qui ont d\u00e9pos\u00e9 une journ\u00e9e de travail. Nous remettons six croix dites de Saint Louis dont une cass\u00e9e et des brevets. Nous portons au Tr\u00e9sor National quatre mille livres en or et en argent qui se sont trouv\u00e9s dans notre commune et apport\u00e9es par les citoyens pour \u00eatre chang\u00e9s en assignats. Cette d\u00e9marche est le v\u0153u libre de nos concitoyens. Vive la R\u00e9publique, la Convention, la Montagne et les sans-culottes !<\/em> \u00bb.<br>Sign\u00e9 : Franqueville Pr\u00e9sident.<br>Boutrois Secr\u00e9taire.<br>16\u00e8me de Frimaire an deuxi\u00e8me de la R\u00e9publique<br>\u00ab <em>A comparu au comit\u00e9 \u00e0 la fin de la s\u00e9ance, Pierre Colasse lequel d\u00e9clara avoir d\u00e9pos\u00e9 ses lettres de pr\u00eatrise au district de Senlis le 13 pr\u00e9sent mois de primaire et qu&rsquo;il a remis au corps municipal ce jourd&rsquo;hui le calice qui appartenait aux chapelains de Pr\u00e9cy avec sa pat\u00e8ne. Le comit\u00e9 arr\u00eate qu&rsquo;extrait du pr\u00e9sent arr\u00eat\u00e9 sera remis au citoyen Colasse et qu&rsquo;il rendra justice aux vertus civiques et au patriotisme connu de ce r\u00e9publicain<\/em> \u00bb.<br>Le 27 vent\u00f4se l&rsquo;an deuxi\u00e8me<br>Premier registre du Comit\u00e9 de Surveillance de Pr\u00e9cy<br><\/p>\n\n\n\n<div class=\"wp-block-group has-global-padding is-layout-constrained wp-block-group-is-layout-constrained\">\n<figure class=\"wp-block-image alignright size-full is-resized\"><img loading=\"lazy\" decoding=\"async\" width=\"640\" height=\"522\" src=\"http:\/\/delamarre.net\/wpprecy\/wp-content\/uploads\/2024\/08\/comite_salut_public.jpg\" alt=\"\" class=\"wp-image-157\" style=\"width:312px;height:auto\" srcset=\"https:\/\/histoiredeprecy.com\/wp-content\/uploads\/2024\/08\/comite_salut_public.jpg 640w, https:\/\/histoiredeprecy.com\/wp-content\/uploads\/2024\/08\/comite_salut_public-300x245.jpg 300w\" sizes=\"auto, (max-width: 640px) 100vw, 640px\" \/><figcaption class=\"wp-element-caption\">Entr\u00e9e du Comit\u00e9 de Salut public<\/figcaption><\/figure>\n\n\n\n<p>\u00ab <em>Le citoyen cur\u00e9 (Abb\u00e9 Delannoy) n&rsquo;a d&rsquo; autres revenus que sa cure, on n&rsquo;a trouv\u00e9 aucunes traces de relations sous les scell\u00e9s, ses liaisons \u00e9taient ses confr\u00e8res voisins et les habitants de la commune, qu&rsquo;il n&rsquo;a jamais quitt\u00e9 la commune, qu&rsquo;il a pr\u00eat\u00e9 ses serments et ne s&rsquo;est pas conform\u00e9 \u00e0 la loi pour son casuel, qu&rsquo;il a refus\u00e9 de lire les lettres pastorales et qu&rsquo;il ne s&rsquo;est pas toujours montr\u00e9 un chaud patriote<\/em> \u00bb.<br>Note : Ce texte est apparemment contradictoire avec celui des archives paroissiales. Les lettres pastorales que le cur\u00e9 a refus\u00e9 de lire sont sans doute celles de Jean-Baptiste Massieu, \u00e9v\u00eaque constitutionnel de l&rsquo;Oise de 1791 \u00e0 1793, sacr\u00e9 le 6 mai 1791 par Gobel, archev\u00eaque schismatique de Paris. L&rsquo;\u00e9v\u00eaque l\u00e9gitime, Fran\u00e7ois Joseph de la Rochefouchauld faisait partie des martyrs de septembre. Il fut sauvagement assassin\u00e9 aux Carmes \u00e0 Paris.<br>Tout laisse \u00e0 croire que le cur\u00e9 jouissait de la sympathie du peuple malgr\u00e9 le manque de patriotisme que le comit\u00e9 r\u00e9volutionnaire lui reprochait. Ceci explique pourquoi ses membres ont longtemps h\u00e9sit\u00e9 \u00e0 l&rsquo;arr\u00eater mais la crainte de s\u00e9vices du Comit\u00e9 de Senlis et surtout de Chantilly eut raison de la bienveillance et de la sympathie des Pr\u00e9c\u00e9ens.<br>le dix neuf Flor\u00e9al l&rsquo;an deuxi\u00e8me de la R\u00e9publique<br>(extraits du deuxi\u00e8me registre)<br>Une lettre d&rsquo;un agent national d\u00e9nonce au comit\u00e9 que les citoyens vont au cabaret au lieu de venir entendre lire les lois dans le temple de la raison (l&rsquo;\u00e9glise), d&rsquo;autres y mettent une n\u00e9gligence coupable. La loi sur le (prix) maximum des denr\u00e9es et des marchandises n&rsquo;est pas exactement suivie. On y veillera. Les terres de Pierre de Neuilly ne sont pas toujours labour\u00e9es, il sera mis en arrestation. \u00ab <em>Il lui sera donn\u00e9 une garde qui sera pay\u00e9e par lui jusqu&rsquo;\u00e0 ce que ses terres soient labour\u00e9es et mises en \u00e9tat de recevoir la semence convenable en saison<\/em> \u00bb.<br><\/p>\n\n\n\n<div class=\"wp-block-group has-global-padding is-layout-constrained wp-block-group-is-layout-constrained\">\n<figure class=\"wp-block-image alignleft size-full is-resized\"><img loading=\"lazy\" decoding=\"async\" width=\"640\" height=\"481\" src=\"http:\/\/delamarre.net\/wpprecy\/wp-content\/uploads\/2024\/08\/p_vache_veau.jpg\" alt=\"\" class=\"wp-image-158\" style=\"width:329px;height:auto\" srcset=\"https:\/\/histoiredeprecy.com\/wp-content\/uploads\/2024\/08\/p_vache_veau.jpg 640w, https:\/\/histoiredeprecy.com\/wp-content\/uploads\/2024\/08\/p_vache_veau-300x225.jpg 300w\" sizes=\"auto, (max-width: 640px) 100vw, 640px\" \/><figcaption class=\"wp-element-caption\">Vache et veau \u00e0 la mare<\/figcaption><\/figure>\n\n\n\n<p>Le 20 Flor\u00e9al, Pierre de Neuilly vient s&rsquo;expliquer au Comit\u00e9. \u00ab <em>N&rsquo;ayant rien dit \u00e0 sa d\u00e9charge au contraire, le Comit\u00e9 persiste dans son dernier arr\u00eat\u00e9<\/em> \u00bb.<br>Le 23 Flor\u00e9al an deuxi\u00e8me<br>Pierre de Neuilly ayant labour\u00e9 deux arpents de terre, la garde sera retir\u00e9e aujourd&rsquo;hui mais elle sera remise si le citoyen de Neuilly n\u00e9glige de continuer \u00e0 cultiver le reste.<br>Le 23 Prairial an deuxi\u00e8me<br>Le citoyen Urbain Desjardin, fils du citoyen Desjardin tailleur, \u00e2g\u00e9 de douze ans est comparu en vertu du mandat \u00e0 lui envoy\u00e9 hier pour sur la plainte des officiers municipaux \u00eatre questionn\u00e9 \u00ab <em>pourquoi et par quel conseil<\/em> \u00bb il avait d\u00e9tach\u00e9 le drapeau surmont\u00e9 d&rsquo;un bonnet de la libert\u00e9 qui \u00e9tait sur le toit de la halle. Le citoyen Desmarais (15 ans) demeurant chez le citoyen S\u00e9journai le lui avait command\u00e9 lui disant que c&rsquo;\u00e9tait par ordre de l&rsquo;agent national et pour \u00eatre port\u00e9 \u00e0 la procession qui aura lieu le 20 de ce mois pour la f\u00eate de l&rsquo;Etre Supr\u00eame. Le citoyen Denys Valet dit Biscornet, voisin de la halle avait re\u00e7u le drapeau des mains de ces deux jeunes gens avec recommandation de n&rsquo;en parler \u00e0 personne, le drapeau devant \u00eatre port\u00e9 \u00e0 la procession.<br>Le 1er Messidor an deuxi\u00e8me<br>Il sera publi\u00e9 dans la commune au son de la caisse que tous les citoyens de cette commune sont autoris\u00e9s \u00e0 arr\u00eater tout citoyen qui ne serait pas connu et lui demander ses papiers&#8230;<br>On fera une visite chez les citoyens qui ont des vaches afin de \u00ab <em>s&rsquo;assurer des vaches pleines ou qui ont des veaux, des nouvelles vell\u00e9es et faire d&rsquo;apr\u00e8s cela un aper\u00e7u de ce qui pourra \u00eatre port\u00e9 en beurre au march\u00e9<\/em> \u00bb.<br><\/p>\n\n\n\n<p><\/p>\n\n\n\n<div class=\"wp-block-group has-global-padding is-layout-constrained wp-block-group-is-layout-constrained\">\n<figure class=\"wp-block-image alignright size-full is-resized\"><img loading=\"lazy\" decoding=\"async\" width=\"180\" height=\"238\" src=\"http:\/\/delamarre.net\/wpprecy\/wp-content\/uploads\/2024\/08\/15b_apothicaire-1.png\" alt=\"\" class=\"wp-image-161\" style=\"width:207px;height:auto\"\/><figcaption class=\"wp-element-caption\">Un apothicaire<\/figcaption><\/figure>\n\n\n\n<p>Le 23 Messidor l&rsquo;an 2<br>Par une lettre du Comit\u00e9 de Salut Public et de suret\u00e9 g\u00e9n\u00e9rale, adress\u00e9e \u00e0 l&rsquo;agent national du district de Senlis avec les trois tableaux de renseignements concernant les trois d\u00e9tenus de la commune, il est demand\u00e9 sur eux des renseignements plus pr\u00e9cis que les membres vous donnent \u00ab <em>en leur \u00e2me et conscience et en vrai r\u00e9publicains<\/em> \u00bb. De l&rsquo;interpellation desdits membres il r\u00e9sulte ; \u00ab <em>pour Louis Florent Delaunoy, cur\u00e9 de cette commune, qu&rsquo;on lui a connu un caract\u00e8re ouvert, qu&rsquo;il s&rsquo;est parfaitement bien montr\u00e9 depuis le commencement de la R\u00e9volution en 1789, qu&rsquo;il n&rsquo;a pas manifest\u00e9 son opinion dans la commune ni \u00e0 la connaissance d&rsquo;aucun membre du comit\u00e9 \u00e0 la fuite, \u00e0 la mort du tyran, ni au 31 mai. Quant aux crises de la guerre, c&rsquo;est l\u00e0 o\u00f9 son opinion a \u00e9t\u00e9 prononc\u00e9e et il prenait beaucoup plus de part \u00e0 nos revers qu&rsquo;\u00e0 nos fortunes et conqu\u00eates. On ne croit pas qu&rsquo;il ait sign\u00e9 de p\u00e9tition ou arr\u00eat\u00e9 liberticide \u00e0 moins que ce ne soit dans d&rsquo;autres communes&#8230;<\/em> \u00bb<br>Le 23 Fructidor l&rsquo;an 2 de R\u00e9publique une et indivisible<br>Derni\u00e8re s\u00e9ance.<br>La loi du 7 Fructidor concernant l&rsquo;organisation des Comit\u00e9s R\u00e9volutionnaires (art. 28) prescrit que les comit\u00e9s r\u00e9volutionnaires des communes dont la population ne s&rsquo;\u00e9l\u00e8ve pas au-dessus de huit mille individus sont supprim\u00e9s.<br>Les deux registres ayant servi \u00e0 inscrire les d\u00e9lib\u00e9rations seront d\u00e9pos\u00e9s au comit\u00e9 du chef lieu de district \u00e0 Senlis o\u00f9 ils seront port\u00e9s par le citoyen Derebergue pr\u00e9sident et un membre dudit comit\u00e9.<\/p>\n<\/div>\n<\/div>\n<\/div>\n<\/div>\n<\/div>\n<\/div>\n<\/div>\n\n\n\n<p><a><\/a><strong>En parcourant les registres des d\u00e9lib\u00e9rations communales de Pr\u00e9cy (1790-1793)<\/strong><\/p>\n\n\n\n<div class=\"wp-block-group has-global-padding is-layout-constrained wp-block-group-is-layout-constrained\">\n<figure class=\"wp-block-image alignleft size-full is-resized\"><img loading=\"lazy\" decoding=\"async\" width=\"450\" height=\"300\" src=\"http:\/\/delamarre.net\/wpprecy\/wp-content\/uploads\/2024\/08\/fusils_anciens.jpg\" alt=\"\" class=\"wp-image-162\" style=\"width:330px;height:auto\" srcset=\"https:\/\/histoiredeprecy.com\/wp-content\/uploads\/2024\/08\/fusils_anciens.jpg 450w, https:\/\/histoiredeprecy.com\/wp-content\/uploads\/2024\/08\/fusils_anciens-300x200.jpg 300w\" sizes=\"auto, (max-width: 450px) 100vw, 450px\" \/><\/figure>\n\n\n\n<div class=\"wp-block-group has-global-padding is-layout-constrained wp-block-group-is-layout-constrained\">\n<p><br><strong>Supplique pour d\u00e9tention de fusils<\/strong><br>Le 22 septembre 1793 \u00ab <em>il a \u00e9t\u00e9 arr\u00eat\u00e9&#8230; de porter tous les fusils de chasse au Directoire du District de Senlis malgr\u00e9 le besoin qu&rsquo;il arrive d&rsquo;en garder une partie pour servir dans quelques circonstances, pour sa d\u00e9fense ou pour tuer quelques animaux dangereux. On a vu plusieurs renards et une louve accompagn\u00e9e de ses petits qui est pass\u00e9e dans la commune de Pr\u00e9cy ; plusieurs chiens soup\u00e7onn\u00e9s d&rsquo; \u00eatre sauvages ; que dimanche dernier un chien de forte taille s&rsquo; est introduit dans la cour du citoyen d&rsquo;Haugeranville, a mordu plusieurs chiens et s&rsquo;est ensuite jett\u00e9 sur le citoyen Berthier dont il a d\u00e9chir\u00e9 les v\u00eatements&#8230; que des vagabonds et personnes \u00e9trang\u00e8res ont depuis quelques jours vol\u00e9s des bestiaux et volailles, qui \u00e9taient arm\u00e9s d&rsquo;un pistolet&#8230; que dans ces circonstances il est n\u00e9cessaire d&rsquo;avoir des fusils dans la commune. C&rsquo; est pourquoi exp\u00e9dition du pr\u00e9sent sera envoy\u00e9 au Directoire&#8230; afin d&rsquo;obtenir la remise d&rsquo;un nombre de fusils suffisants pour la d\u00e9fense de la commune, des piquets \u00e9tant insuffisants pour repousser des hommes arm\u00e9s et d\u00e9truire des animaux malfaisants<\/em> \u00bb.<br><br><strong>Un arr\u00eat\u00e9 de vandales<\/strong><br>Le 30 septembre 1793 \u00ab <em>a \u00e9t\u00e9 arr\u00eat\u00e9 par le Conseil G\u00e9n\u00e9ral de la Commune que pour faire dispara\u00eetre tous les signes de la f\u00e9odalit\u00e9 et de la royaut\u00e9, il sera&#8230; employ\u00e9 un nombre d&rsquo; ouvriers suffisants pour d\u00e9sceller les \u00c9pitaphes qui sont dans l&rsquo;\u00c9glise dudit Pr\u00e9cy, effac\u00e9 les fleurs de Lys, d\u00e9truire un monument qui se trouve dans le choeur de cette \u00c9glise et repr\u00e9sente une tombe d&rsquo;un ci-devant Seigneur, m\u00eame d&rsquo;ouvrir le caveau qui est sous le dit monument et d&rsquo;en extraire les plombs et tout ce qui pourrait s&rsquo;y trouver&#8230; Faire dans cette \u00e9glise tant int\u00e9rieurement qu&rsquo;ext\u00e9rieurement tout ce qui sera n\u00e9cessaire pour effacer tout ce qui s&rsquo; y trouve de l&rsquo;ancien r\u00e9gime.<\/em><br><em>L\u00e0 de suite il a \u00e9t\u00e9 fait ouverture dudit caveau dans lequel il a \u00e9t\u00e9 trouv\u00e9 plusieurs vieilles tombes de plomb ouvertes et en mauvais \u00e9tat que nous avons fait quitter dudit caveau et ensuite avons fait peser les plombs dans sa totalit\u00e9 et \u00eatre de treize cent livres. lequel plomb ainsi que toutes les boiseries et ferrures, le marbre et autres objets provenant des mat\u00e9riaux des diff\u00e9rents monuments d\u00e9truits seront vendus au profit de la commune et&#8230; le prix sera employ\u00e9 aux r\u00e9parations des \u00e9difices et autres objets et autres objets \u00e0 la charge de la dite commune<\/em> \u00bb.<br>Sign\u00e9 De Neuilly, Maire. Champion.<br>Laurent.<br>Delaunoy.<br><br><strong>Descente des cloches<\/strong><br>Le 4 octobre 1793 \u00abil a \u00e9t\u00e9 arr\u00eat\u00e9 que pour satisfaire \u00e0 la loi du 23 juillet dernier, des quatre cloches qui sont dans le clocher dudit Pr\u00e9cy, trois seront descendues pour \u00eatre envoy\u00e9es au Directoire du District de Senlis&#8230; Le citoyen Nicolas Tallon descendra les trois cloches pour le prix de 43 livres\u00bb.<\/p>\n\n\n\n<figure class=\"wp-block-image alignleft size-full is-resized\"><img loading=\"lazy\" decoding=\"async\" width=\"400\" height=\"271\" src=\"http:\/\/delamarre.net\/wpprecy\/wp-content\/uploads\/2024\/08\/cloches_p.jpg\" alt=\"\" class=\"wp-image-164\" style=\"width:297px;height:auto\" srcset=\"https:\/\/histoiredeprecy.com\/wp-content\/uploads\/2024\/08\/cloches_p.jpg 400w, https:\/\/histoiredeprecy.com\/wp-content\/uploads\/2024\/08\/cloches_p-300x203.jpg 300w\" sizes=\"auto, (max-width: 400px) 100vw, 400px\" \/><\/figure>\n<\/div>\n<\/div>\n\n\n\n<p><a><\/a><strong>D\u00e9cret pour arr\u00eater les suspects<\/strong><br>Le 8 octobre 1793 on publie un d\u00e9cret pour arr\u00eater les suspects de la commune. Le m\u00eame jour on exige de la part des seigneurs d&rsquo;Haugeranville et sa femme ainsi que de Gabriel C\u00e9sar de Berthier, son beau-fr\u00e8re et fr\u00e8re, de pr\u00eater serment de ne pas \u00e9migrer. Le g\u00e9n\u00e9ral et son beau-fr\u00e8re pr\u00eatent serment d&rsquo;attachement \u00e0 la R\u00e9publique.<br>Argenterie &#8211; Plomb et fer<br>\u00ab Cejourd&rsquo;hui, huiti\u00e8me jour de la premi\u00e8re d\u00e9cade du deuxi\u00e8me mois de l&rsquo;an second de la R\u00e9publique Fran\u00e7aise une et indivisible, le maire et officiers municipaux de la commune de Pr\u00e9cy-sur-Oise, assembl\u00e9e apr\u00e8s avoir ou\u00ef le Procureur de la commune, il a \u00e9t\u00e9 arr\u00eat\u00e9 que vendredi prochain, l\u2019argenterie appartenant \u00e0 l&rsquo;\u00c9glise de Pr\u00e9cy sera remise au Directoire de District de Senlis laquelle argenterie consiste :<br>1 &#8211; en deux petits chandeliers d&rsquo;argent pesant deux livres et dix onces.<br>2 &#8211; un plat en argent ovale pesant un marc , deux onces.<br>3 &#8211; un vase d&rsquo;argent pesant quatre onces six grains.<br>4 &#8211; deux burettes pesant huit onces quatre grains.<br>5 &#8211; un encensoir pesant y compris sa cha\u00eene, deux livres cinq onces.<br>6 &#8211; une navette avec sa cuill\u00e8re pesant cinq onces onze grains.<br>7 &#8211; une croix d&rsquo;argent pesant quatre livres sans \u00eatre d\u00e9mont\u00e9e.<br>8 &#8211; et enfin la garniture du b\u00e2ton et ladite croix bris\u00e9e en plusieurs morceaux pesant six livres cinquante et demi \u00bb<br>Le lendemain 9 octobre \u00ab Pour satisfaire aux d\u00e9crets du District de Senlis qui r\u00e9clame le plomb et le fer dans l&rsquo;Eglise \u00bb,<br>on enl\u00e8ve les grilles du ch\u0153ur et les cercueils en plomb des caveaux ainsi que les deux grilles de fer \u00e0 l&rsquo;entr\u00e9e du cimeti\u00e8re.<br>D\u00e9pot des titres f\u00e9odaux<br>Le 13 octobre de l&rsquo;an second de la R\u00e9publique, ma\u00eetre Jean-Pierre Tardu notaire \u00e0 Pr\u00e9cy est pri\u00e9 de d\u00e9poser tous les titres f\u00e9odaux dont il est le d\u00e9positaire en sa qualit\u00e9 de notaire. Il y en a cinq pages.<\/p>\n","protected":false},"excerpt":{"rendered":"<p>La Charit\u00e9 de Pr\u00e9cy L&rsquo;an mil sept cent quatre vingt dix le vingti\u00e8me jour de novembre, huit heures du matin, nous Jean-Pierre Tardu, notaire royal demeurant \u00e0 Pr\u00e9cy-sur-Oise, en vertu de la commission \u00e0 nous donn\u00e9e par MM. les administrateurs composant le directoire du district de Senlis le quatre octobre dernier sommes transport\u00e9s en la [&hellip;]<\/p>\n","protected":false},"author":1,"featured_media":0,"comment_status":"closed","ping_status":"open","sticky":false,"template":"","format":"standard","meta":{"footnotes":""},"categories":[1],"tags":[],"class_list":["post-144","post","type-post","status-publish","format-standard","hentry","category-non-classe"],"_links":{"self":[{"href":"https:\/\/histoiredeprecy.com\/index.php\/wp-json\/wp\/v2\/posts\/144","targetHints":{"allow":["GET"]}}],"collection":[{"href":"https:\/\/histoiredeprecy.com\/index.php\/wp-json\/wp\/v2\/posts"}],"about":[{"href":"https:\/\/histoiredeprecy.com\/index.php\/wp-json\/wp\/v2\/types\/post"}],"author":[{"embeddable":true,"href":"https:\/\/histoiredeprecy.com\/index.php\/wp-json\/wp\/v2\/users\/1"}],"replies":[{"embeddable":true,"href":"https:\/\/histoiredeprecy.com\/index.php\/wp-json\/wp\/v2\/comments?post=144"}],"version-history":[{"count":9,"href":"https:\/\/histoiredeprecy.com\/index.php\/wp-json\/wp\/v2\/posts\/144\/revisions"}],"predecessor-version":[{"id":1823,"href":"https:\/\/histoiredeprecy.com\/index.php\/wp-json\/wp\/v2\/posts\/144\/revisions\/1823"}],"wp:attachment":[{"href":"https:\/\/histoiredeprecy.com\/index.php\/wp-json\/wp\/v2\/media?parent=144"}],"wp:term":[{"taxonomy":"category","embeddable":true,"href":"https:\/\/histoiredeprecy.com\/index.php\/wp-json\/wp\/v2\/categories?post=144"},{"taxonomy":"post_tag","embeddable":true,"href":"https:\/\/histoiredeprecy.com\/index.php\/wp-json\/wp\/v2\/tags?post=144"}],"curies":[{"name":"wp","href":"https:\/\/api.w.org\/{rel}","templated":true}]}}