{"id":166,"date":"2024-08-04T17:02:35","date_gmt":"2024-08-04T15:02:35","guid":{"rendered":"http:\/\/delamarre.net\/wpprecy\/?p=166"},"modified":"2024-08-16T14:02:46","modified_gmt":"2024-08-16T12:02:46","slug":"la-revolution-a-precy-4eme-partie","status":"publish","type":"post","link":"https:\/\/histoiredeprecy.com\/index.php\/2024\/08\/04\/la-revolution-a-precy-4eme-partie\/","title":{"rendered":"La R\u00e9volution \u00e0 Pr\u00e9cy &#8211; 4\u00e8me partie"},"content":{"rendered":"\n<p><\/p>\n\n\n\n<p><strong>La Pr\u00e9v\u00f4t\u00e9 de Pr\u00e9cy<\/strong><\/p>\n\n\n\n<div class=\"wp-block-group has-global-padding is-layout-constrained wp-block-group-is-layout-constrained\">\n<figure class=\"wp-block-image alignright size-full is-resized\"><img loading=\"lazy\" decoding=\"async\" width=\"900\" height=\"568\" src=\"http:\/\/delamarre.net\/wpprecy\/wp-content\/uploads\/2024\/08\/montmorency_palais_justice_900.jpg\" alt=\"\" class=\"wp-image-169\" style=\"width:343px;height:auto\" srcset=\"https:\/\/histoiredeprecy.com\/wp-content\/uploads\/2024\/08\/montmorency_palais_justice_900.jpg 900w, https:\/\/histoiredeprecy.com\/wp-content\/uploads\/2024\/08\/montmorency_palais_justice_900-300x189.jpg 300w, https:\/\/histoiredeprecy.com\/wp-content\/uploads\/2024\/08\/montmorency_palais_justice_900-768x485.jpg 768w\" sizes=\"auto, (max-width: 900px) 100vw, 900px\" \/><\/figure>\n\n\n\n<p><strong>Archives de la Pr\u00e9vot\u00e9<\/strong><br>\u00ab <em>Aujourd&rsquo;hui, septi\u00e8me jour de la troisi\u00e8me d\u00e9cade du mois brumaire de l&rsquo;an second de la R\u00e9publique Fran\u00e7aise une et indivisible p\u00e9rissable, en l&rsquo;assembl\u00e9e des maires et officiers municipaux de la commune de Pr\u00e9cy-sur-Oise, il a \u00e9t\u00e9 arr\u00eat\u00e9 que seraient d\u00e9pos\u00e9s au greffe de la municipalit\u00e9 dudit Pr\u00e9cy, tous les registres, minutes et sentences provenant de la ci-devant Pr\u00e9vot\u00e9 dudit Pr\u00e9cy &#8230;<\/em> \u00bb<br>Suit l&rsquo;\u00e9num\u00e9ration de ces documents, puis l&rsquo;\u00e9num\u00e9ration des liasses,<br>16 liasses de 1684 \u00e0 1699<br>15 liasses de 1700 \u00e0 1744<br>12 liasses de 1715 \u00e0 1726<br>9 liasses du greffe des ann\u00e9es 1727 \u00e0 1735<br>15 liasses de 1736 \u00e0 1748<br>12 liasses de 1749 \u00e0 1760<br>14 liasses de 1761 \u00e0 1771<br>20 liasses de 1772 \u00e0 1780<br>29 liasses de 1781 \u00e0 1789, etc&#8230; plusieurs pi\u00e8ces s\u00e9par\u00e9es ou individuelles de minutes et de sentences.<br><br><\/p>\n\n\n\n<div class=\"wp-block-group has-global-padding is-layout-constrained wp-block-group-is-layout-constrained\">\n<figure class=\"wp-block-image alignleft size-full is-resized\"><img loading=\"lazy\" decoding=\"async\" width=\"285\" height=\"400\" src=\"http:\/\/delamarre.net\/wpprecy\/wp-content\/uploads\/2024\/08\/apotre_st_pierre_p.jpg\" alt=\"\" class=\"wp-image-170\" style=\"width:171px;height:auto\" srcset=\"https:\/\/histoiredeprecy.com\/wp-content\/uploads\/2024\/08\/apotre_st_pierre_p.jpg 285w, https:\/\/histoiredeprecy.com\/wp-content\/uploads\/2024\/08\/apotre_st_pierre_p-214x300.jpg 214w\" sizes=\"auto, (max-width: 285px) 100vw, 285px\" \/><figcaption class=\"wp-element-caption\">Saint-Pierre<\/figcaption><\/figure>\n\n\n\n<p><strong>Ventes<\/strong><br>Le 30 Frimaire de l&rsquo;an II, vente des pierres et croix du cimeti\u00e8re pour deux livres quinze sols.<br>Vente des pierres et croix Saint-Pierre moyennant la somme de douze livres.<br>Vente des pierres et la croix du grand pr\u00e9 pour dix-huit livres quinze sols.<br>Vente des pierres et la croix du Havre pour dix-huit livres quinze sols.<br><br><strong>Le chirurgien &#8211; apoticaire et pharmacien<\/strong><br>Apprenant la fermeture des facult\u00e9s de m\u00e9decine jug\u00e9es inutiles et se voyant m\u00e9pris\u00e9 par certains comme un privil\u00e9gi\u00e9 du savoir, il ferme sa boutique mais exerce \u00ab <em>son art<\/em> \u00bb en secret \u00e0 la grande satisfaction de l&rsquo;ensemble de la population.<br><br><strong>Remise de fusils<\/strong><br>Cejourd&rsquo;hui, second niv\u00f4se de l&rsquo;an second&#8230; Le maire et officiers municipaux ont fait remise de vingt-huit fusils au citoyen Pierre Henneguy, un fusil num\u00e9rot\u00e9 8, au citoyen Thomas C\u0153uderoy un fusil n\u00b0 28, au citoyen Carr\u00e9 un fusil n\u00b0 16, au citoyen Pr\u00e9vost un fusil n\u00b0 44, au citoyen d&rsquo;Haugeranville deux fusils n\u00b0 37 et 38, \u00e0 la citoyenne Veuve Lahure, un fusil n\u00b0 29, etc&#8230;<br><br><\/p>\n\n\n\n<div class=\"wp-block-group has-global-padding is-layout-constrained wp-block-group-is-layout-constrained\">\n<figure class=\"wp-block-image alignright size-full is-resized\"><img loading=\"lazy\" decoding=\"async\" width=\"400\" height=\"268\" src=\"http:\/\/delamarre.net\/wpprecy\/wp-content\/uploads\/2024\/08\/litre_armoiries_montmorency_p.jpg\" alt=\"\" class=\"wp-image-172\" style=\"width:286px;height:auto\" srcset=\"https:\/\/histoiredeprecy.com\/wp-content\/uploads\/2024\/08\/litre_armoiries_montmorency_p.jpg 400w, https:\/\/histoiredeprecy.com\/wp-content\/uploads\/2024\/08\/litre_armoiries_montmorency_p-300x201.jpg 300w\" sizes=\"auto, (max-width: 400px) 100vw, 400px\" \/><figcaption class=\"wp-element-caption\">La litre de Montmorency<\/figcaption><\/figure>\n\n\n\n<p><strong>Comptes et r\u00e8glements<\/strong><br>\u00ab <em>Cejourd&rsquo;hui quartidi, quatre niv\u00f4se de l&rsquo;an second&#8230; il a \u00e9t\u00e9 d\u00e9lib\u00e9r\u00e9 et discut\u00e9 sur son m\u00e9moire d&rsquo;ouvrages faits par le citoyen Blochet et Honor\u00e9 Jousselain, relatifs \u00e0 l&rsquo;ouverture des caveaux dans l&rsquo;Eglise, la d\u00e9molition des croix, la destruction des armoiries et signes du r\u00e9gime f\u00e9odal et autres objets d\u00e9taill\u00e9s dudit m\u00e9moire, montant d&rsquo; une somme de cent soixante douze livres dix sols. Il est arr\u00eat\u00e9 que le citoyen Champion, tr\u00e9sorier de la commune est autoris\u00e9 \u00e0 payer aux dits citoyens Blochet et Jousselain la somme de cent trente cinq livres \u00e0 laquelle ledit m\u00e9moire a \u00e9t\u00e9 r\u00e9duite, ce qui a \u00e9t\u00e9 accept\u00e9 par Blochet et Jousselain et \u00e0 sa charge le graveur et payer le citoyen qui a travaill\u00e9 avec eux pour ladite d\u00e9molition<\/em> \u00bb.<br><br><strong>D\u00e9pr\u00eatrisation<\/strong><br>\u00ab <em>Le neuf niv\u00f4se de l&rsquo;an second&#8230; s&rsquo;est pr\u00e9sent\u00e9 Pierre Colasse lequel nous a d\u00e9clar\u00e9 que le 12 du mois dernier il a remis au Directoire du District de Senlis ses lettres de pr\u00eatrise et autres pi\u00e8ces relatives delaquelle d\u00e9claration nous lui donnons acte et a sign\u00e9 avec vous<\/em> \u00bb.<br>De Neuilly &#8211; Maire &#8211; Laurent &#8211; Pierre Colasse &#8211; Champion.<br><br><strong>Crime de \u00ab L\u00e8ze-Nation \u00bb<\/strong><br><\/p>\n\n\n\n<div class=\"wp-block-group has-global-padding is-layout-constrained wp-block-group-is-layout-constrained\">\n<figure class=\"wp-block-image alignleft size-full is-resized\"><img loading=\"lazy\" decoding=\"async\" width=\"320\" height=\"233\" src=\"http:\/\/delamarre.net\/wpprecy\/wp-content\/uploads\/2024\/08\/15c_moisson.jpg\" alt=\"\" class=\"wp-image-173\" style=\"width:298px;height:auto\" srcset=\"https:\/\/histoiredeprecy.com\/wp-content\/uploads\/2024\/08\/15c_moisson.jpg 320w, https:\/\/histoiredeprecy.com\/wp-content\/uploads\/2024\/08\/15c_moisson-300x218.jpg 300w\" sizes=\"auto, (max-width: 320px) 100vw, 320px\" \/><figcaption class=\"wp-element-caption\">Les moissonneurs<\/figcaption><\/figure>\n\n\n\n<p>\u00ab <em>Cejourd&rsquo;hui, deux pluvi\u00f4se de l&rsquo;an second de la R\u00e9publique, l&rsquo;agent national a pris la parole et dit qu&rsquo; il requiert la plus prompte ex\u00e9cution de la r\u00e9quisition faite par le directoire du district&#8230; relatives \u00e0 l&rsquo;approvisionnement de Paris, requiert s\u00e9ance tenante la r\u00e9partition&#8230;<\/em> \u00bb<br>Chaque cultivateur de la commune doit contribuer \u00e0 fournir une masse de cent cinquante deux quintaux de bl\u00e9 demand\u00e9s par d\u00e9cade jusqu&rsquo;au 11 vent\u00f4se au ler mars &#8211; requiert la municipalit\u00e9 et sallures (?) s&rsquo;il y a assez de batteurs pour fournir la r\u00e9quisition aux \u00e9poques prescrites et de prendre des mesures pour en fournir auxdits cultivateurs&#8230; Il demande que la municipalit\u00e9 prenne des mesures pour qu&rsquo;\u00e0 chaque s\u00e9ance on lui rende compte du grain battu et qu&rsquo;\u00e0 chaque d\u00e9cade l&rsquo;envoi de la r\u00e9quisition soit constat\u00e9 au greffe.<br>Citoyens, ob\u00e9\u00efssons avec z\u00e8le. Ne sommes-nous pas assur\u00e9s de la sollicitude que la Convention Nationale engage pour tous les citoyens ? Il s&rsquo;agit d&rsquo;assurer le triomphe de la libert\u00e9 et le salut de la R\u00e9publique et nous sommes tous bons r\u00e9publicains. La loi nous rend responsables sur nos t\u00eates \u00e0 la moindre n\u00e9gligence de cette r\u00e9quisition importante, d&rsquo;un <strong>crime de l\u00e8ze nation<\/strong>&#8230; Je demande la transcription de mon r\u00e9quisitoire sur le registre.<br>Sign\u00e9 : Alexandre Berthier &#8211; Agent national, de Neuilly. Maire.<br><br><\/p>\n\n\n\n<div class=\"wp-block-group has-global-padding is-layout-constrained wp-block-group-is-layout-constrained\">\n<figure class=\"wp-block-image alignleft size-full is-resized\"><img loading=\"lazy\" decoding=\"async\" width=\"264\" height=\"375\" src=\"http:\/\/delamarre.net\/wpprecy\/wp-content\/uploads\/2024\/08\/armes_st_gelais_p.jpg\" alt=\"\" class=\"wp-image-175\" style=\"width:208px;height:auto\" srcset=\"https:\/\/histoiredeprecy.com\/wp-content\/uploads\/2024\/08\/armes_st_gelais_p.jpg 264w, https:\/\/histoiredeprecy.com\/wp-content\/uploads\/2024\/08\/armes_st_gelais_p-211x300.jpg 211w\" sizes=\"auto, (max-width: 264px) 100vw, 264px\" \/><figcaption class=\"wp-element-caption\">Pierre h\u00e9raldique de St Gelais<\/figcaption><\/figure>\n\n\n\n<p><strong>R\u00e9quisition<\/strong><br>La guerre co\u00fbte cher \u00e0 la nation qui est au bord de la famine. tout devient sujet de r\u00e9quisition.<br>La commune devra fournir 16 000 bottes de paille, 3 327 bottes de foin, 80 chevaux, 159 vaches, 715 moutons&#8230; selon le recensement.<br>Le march\u00e9 de Pr\u00e9cy n&rsquo;est plus approvisionn\u00e9 faute de fourrage. Certains cultivateurs ont du vendre ou abattre des bestiaux. \u00ab <em>\u00c9tant donn\u00e9 la p\u00e9nurie de grains, il a \u00e9t\u00e9 arr\u00eat\u00e9 que mercredi prochain, jour du march\u00e9 au bled, chaque boulanger de la commune sera tenu de remettre entre les mains du citoyen maire, l&rsquo; \u00e9tat des citoyens auxquels ils ont fourni du pain depuis le dernier march\u00e9&#8230;<\/em> \u00bb<br><br><strong>Plus de signe f\u00e9odal ou royal<\/strong><br>Le 21 Pluvi\u00f4se de l&rsquo;an deux, \u00ab il a \u00e9t\u00e9 d\u00e9lib\u00e9r\u00e9 et arr\u00eat\u00e9 que les citoyens de ladite commune qui ont dans l&rsquo;int\u00e9rieur ou sur les b\u00e2timents de leurs maisons des seigneuries, les ci-devant f\u00e9odaux ou porteurs d&rsquo;armoiries ou autres signes de la royaut\u00e9 ou du r\u00e9gime f\u00e9odal sont tenus d&rsquo; effacer et faire dispara\u00eetre les titres et les armoiries sous peine de d\u00e9sob\u00e9issance \u00e0 la loi&#8230;\u00bb<\/p>\n<\/div>\n<\/div>\n<\/div>\n<\/div>\n<\/div>\n\n\n\n<p><br><a><\/a><strong>Une pierre armori\u00e9e<\/strong><\/p>\n\n\n\n<p>Les armoiries sont celles qui figuraient dans la tour hexagonale du ch\u00e2teau de Pr\u00e9cy que Louis de Saint-Gelais, dit de Lusignan, fit reconstruire au XVI\u00e8me si\u00e8cle. Il portait \u00e9cartel\u00e9 au premier et au quatri\u00e8me d&rsquo;azur \u00e0 la croix alais\u00e9e d&rsquo;argent, qui est de Saint-Gelais et au deuxi\u00e8me et au troisi\u00e8me burel\u00e9 d&rsquo;argent et d&rsquo;azur des dix fasces, au lion de gueules, arm\u00e9, lampass\u00e9 et couronn\u00e9 d&rsquo;or qui est de Lusignan.<br>Pendant la guerre de Cent ans, le ch\u00e2teau f\u00e9odal construit au X\u00e8me si\u00e8cle par Philippe de Pr\u00e9cy, fut assi\u00e9g\u00e9 par les Anglais. En 1430, le roi Charles VII,les fit d\u00e9loger par le Mar\u00e9chal de Boussac qu&rsquo;il envoya \u00e0 Pr\u00e9cy en exp\u00e9dition punitive. La plupart des Anglais \u00e9tant tu\u00e9s les autres furent contraints de se rendre. La forteresse fut d\u00e9molie. Il en subsiste les fondations, la salle des gardes et les foss\u00e9s entourant le Ch\u00e2teau.<br><\/p>\n\n\n\n<div class=\"wp-block-group has-global-padding is-layout-constrained wp-block-group-is-layout-constrained\">\n<figure class=\"wp-block-image alignright size-full is-resized\"><img loading=\"lazy\" decoding=\"async\" width=\"128\" height=\"230\" src=\"http:\/\/delamarre.net\/wpprecy\/wp-content\/uploads\/2024\/08\/p65_statue_jean_de_brosse_seigneur_de_boussac.png\" alt=\"\" class=\"wp-image-178\" style=\"width:147px;height:auto\"\/><figcaption class=\"wp-element-caption\">Jean de la Brosse, seigneur de Boussac<\/figcaption><\/figure>\n\n\n\n<p>Louis de Saint-Gelais, conseiller du roi, fut un grand personnage de la Cour de France. Il occupa la plus haute fonction aupr\u00e8s de la reine Catherine de M\u00e9dicis. \u00ab <em>Comme ambassadeur extraordinaire il repr\u00e9senta plusieurs fois Henri II en Angleterre. Il fut \u00e9galement envoy\u00e9 en mission aupr\u00e8s du Pape Julles II en 1552, repr\u00e9senta encore Henri II \u00e0 Rome en 1555 \u00e0 l&rsquo; occasion du Conclave et fut d\u00e9l\u00e9gu\u00e9 comme ambassadeur au Concile de Trente<\/em> \u00bb. Malgr\u00e9 cela, il \u00e9tait tr\u00e8s attach\u00e9 \u00e0 sa seigneurie de Pr\u00e9cy. Il fit construire la nef gothique de l&rsquo;\u00e9glise qui avait souffert de l&rsquo;incendie provoqu\u00e9 par les Anglais durant la guerre de Cent Ans. Il r\u00e9sida souvent \u00e0 Pr\u00e9cy dans le ch\u00e2teau de style Renaissance qu&rsquo;il avait fait construire sur l&#8217;emplacement des fondations de l&rsquo;ancienne forteresse m\u00e9di\u00e9vale.<br>Ce ch\u00e2teau et la seigneurerie de Pr\u00e9cy pass\u00e8rent \u00e0 la maison de Montmorency Ceux-ci \u00e9taient baillis et gouverneurs de Senlis. Ils r\u00e9sidaient plus souvent \u00e0 la cour de Versailles qu&rsquo;\u00e0 Pr\u00e9cy. Rien d&rsquo;\u00e9tonnant de voir leur d\u00e9sint\u00e9r\u00eat grandissant pour Pr\u00e9cy. Faute d&rsquo;entretien, le ch\u00e2teau de Pr\u00e9cy tomba de v\u00e9tust\u00e9 au d\u00e9but du XVIII\u00e8me si\u00e8cle. Emigr\u00e9s en Belgique, les Montmorency vendirent leur Seigneurie et ch\u00e2teau. A la r\u00e9volution, le nouveau propri\u00e9taire fut d\u00e9log\u00e9 et les bonnes pierres du ch\u00e2teau furent r\u00e9cup\u00e9r\u00e9es par les habitants du pays pour construire leurs maisons. C&rsquo;est ainsi qu&rsquo;un jour de 1851, pendant les travaux de translation du cimeti\u00e8re sur la colline de Neuilly, Monsieur Batelier d\u00e9couvrit la grosse dalle sculpt\u00e9e repr\u00e9sentant les armoiries des Saint-Gelais. Elle \u00e9tait retourn\u00e9e et couch\u00e9e sur le grand foss\u00e9 s\u00e9parant le cimeti\u00e8re du ch\u00e2teau. On passait dessus sans se rendre compte qu&rsquo;elle \u00e9tait si belle. Monsieur Batelier demanda \u00e0 la Commune d&rsquo;acheter la pierre sculpt\u00e9e pour la maison qu&rsquo;il \u00e9tai en train de construire dans la grande rue. On la lui donna pour rien.<br><img loading=\"lazy\" decoding=\"async\" width=\"150\" height=\"178\" src=\"\" alt=\"Andr\u00e9 Malraux\"><\/p>\n\n\n\n<div class=\"wp-block-group has-global-padding is-layout-constrained wp-block-group-is-layout-constrained\">\n<figure class=\"wp-block-image alignleft size-full is-resized\"><img loading=\"lazy\" decoding=\"async\" width=\"250\" height=\"296\" src=\"http:\/\/delamarre.net\/wpprecy\/wp-content\/uploads\/2024\/08\/15d_malraux.jpg\" alt=\"\" class=\"wp-image-180\" style=\"width:208px;height:auto\"\/><figcaption class=\"wp-element-caption\">Andr\u00e9 Malraux<\/figcaption><\/figure>\n\n\n\n<p>C&rsquo;est ainsi que cette magnifique pierre h\u00e9raldique aboutit dans le mur de la maison des Batelier. Lorsqu\u2019Andr\u00e9 Malraux fut Ministre des Affaires Culturelles, il vint un jour \u00e0 Pr\u00e9cy pour essayer de r\u00e9cup\u00e9rer la pierre, mais cela semblait difficilement r\u00e9alisable \u00e0 ce moment l\u00e0. Madame Batelier me la proposa pour mettre dans l&rsquo;\u00e9glise. J&rsquo;ai peut-\u00eatre eu tort de ne pas l&rsquo;accepter. A vrai dire, je la voyais plut\u00f4t sur la fa\u00e7ade de la mairie. J&rsquo;en parlais au maire Monsieur Bessey qui envoya Madame G\u00e9rardot pour acqu\u00e9rir la pierre pour l&rsquo;h\u00f4tel de la mairie de Pr\u00e9cy.<br>Entre temps, Madame Batelier mourut. La pierre h\u00e9raldique qui servit de mod\u00e8le \u00e0 celle qui figure dans la tour hexagonale du ch\u00e2teau reconstruit selon les dessins de Viollet le Duc, est toujours l\u00e0 encastr\u00e9e dans le mur de la maison du n\u00b0 67 de l\u2019actuelle rue Charles de Gaulle.<\/p>\n<\/div>\n<\/div>\n\n\n\n<p><br><a><\/a><strong>Le ma\u00eetre d&rsquo;\u00e9cole &#8211; 6 juillet 1791<\/strong><\/p>\n\n\n\n<div class=\"wp-block-group has-global-padding is-layout-constrained wp-block-group-is-layout-constrained\">\n<figure class=\"wp-block-image alignright size-full is-resized\"><img loading=\"lazy\" decoding=\"async\" width=\"312\" height=\"400\" src=\"http:\/\/delamarre.net\/wpprecy\/wp-content\/uploads\/2024\/08\/deux_etoles_p.jpg\" alt=\"\" class=\"wp-image-182\" style=\"width:188px;height:auto\" srcset=\"https:\/\/histoiredeprecy.com\/wp-content\/uploads\/2024\/08\/deux_etoles_p.jpg 312w, https:\/\/histoiredeprecy.com\/wp-content\/uploads\/2024\/08\/deux_etoles_p-234x300.jpg 234w\" sizes=\"auto, (max-width: 312px) 100vw, 312px\" \/><figcaption class=\"wp-element-caption\">Deux \u00e9toles<\/figcaption><\/figure>\n\n\n\n<p><br>Louis S\u00e9bastien Landru, ma\u00eetre d&rsquo;\u00e9cole \u00e0 Pr\u00e9cy perd sa fonction car les ma\u00eetres d&rsquo;\u00e9cole sont interdits. Du coup, il n&rsquo;a plus de quoi vivre car son traitement lui \u00e9tait vers\u00e9 par le Duc de Montmorency et celui-ci a \u00e9migr\u00e9 en Belgique.<br>Le citoyen Landru adresse une requ\u00eate dans laquelle il supplie humblement messieurs les Pr\u00e9sidents et citoyens du Directoire du District de Senlis ; et disant : \u00ab <em>qu&rsquo;en sa qualit\u00e9 de chantre depuis plus de dix-sept ans qu&rsquo;il demeure en ladite paroisse de Pr\u00e9cy, il a toujours aid\u00e9 par son chant les chapelains deladite \u00e9glise \u00e0 acquitter les fondations des anciens seigneurs dudit Pr\u00e9cy, lesquelles fondations consistent<\/em><br><em>1 &#8211; en une messe solennelle et salut du tr\u00e8s Saint Sacrement tous les premiers jeudi de chaque mois.<\/em><br><em>2 &#8211; en des matines avec laudes et Libera \u00e0 la fin tous les dimanches et F\u00eates d&rsquo; obligation.<\/em><br><em>3 &#8211; en une messe haute et v\u00eapres et complies chaque jour de l&rsquo;ann\u00e9e que lesdits chapelains ont toujours acquitt\u00e9s ce jusqu&rsquo;\u00e0 pr\u00e9sent pour le repos des \u00e2mes desdits anciens Seigneurs, disant encore que pour ses honoraires et pendant ledit temps il lui a \u00e9t\u00e9 pay\u00e9 chaque ann\u00e9e par Monsieur de Montmorency ci-devant Duc et Seigneur dudit Pr\u00e9cy, la somme de cinquante livres de la mani\u00e8re et ainsi qu&rsquo;il est expliqu\u00e9 dans un contrat de fondation qui fait mention de cinq cent livres de rente, savoir quatre cent livres en faveur desdits Chapelains, cinquante livres en faveur de la fabrique de ladite \u00e9glise et cinquante livres en faveur d&rsquo;un chantre avec les charges \u00e9nonc\u00e9es. Lequel contrat a \u00e9t\u00e9 remis sous r\u00e9c\u00e9piss\u00e9 par Monsieur l&rsquo;abb\u00e9 Colasse, un des Chapelains de ladite \u00e9glise aux Messieurs&#8230; du directoire du district. A ces causes il a recours \u00e0 votre autorit\u00e9, \u00e0 votre justice et \u00e0 votre bienfaisance.<\/em><br><em>Ce consid\u00e9r\u00e9 Messieurs, il vous plaise, malgr\u00e9 la suppression desdites fondations \u00e0 l&rsquo;acquit desquelles il aurait d\u00e9sir\u00e9 aider toute sa vie, lui accorder chaque ann\u00e9e pour son traitement ladite somme de cinquante livres de la mani\u00e8re et ainsi qu&rsquo;il est expliqu\u00e9 audit contrat de fondation, et il priera bien pour vous et pour les anciens Seigneurs dudit Pr\u00e9cy.<\/em><br><em>Fait \u00e0 Pr\u00e9cy-sur-Oise, le six juillet mil sept cent quatre vingt onze<\/em> \u00bb.<br>Sign\u00e9 : Landru.<br><\/p>\n\n\n\n<p><\/p>\n\n\n\n<div class=\"wp-block-group has-global-padding is-layout-constrained wp-block-group-is-layout-constrained\">\n<figure class=\"wp-block-image alignleft size-full is-resized\"><img loading=\"lazy\" decoding=\"async\" width=\"400\" height=\"300\" src=\"http:\/\/delamarre.net\/wpprecy\/wp-content\/uploads\/2024\/08\/ecole_mater_p.jpg\" alt=\"\" class=\"wp-image-184\" style=\"width:279px;height:auto\" srcset=\"https:\/\/histoiredeprecy.com\/wp-content\/uploads\/2024\/08\/ecole_mater_p.jpg 400w, https:\/\/histoiredeprecy.com\/wp-content\/uploads\/2024\/08\/ecole_mater_p-300x225.jpg 300w\" sizes=\"auto, (max-width: 400px) 100vw, 400px\" \/><figcaption class=\"wp-element-caption\">L&rsquo;\u00e9cole maternelle de Pr\u00e9cy<\/figcaption><\/figure>\n\n\n\n<p><strong>Sa requ\u00eate est appuy\u00e9e par le cur\u00e9, le maire et la fabrique d&rsquo;\u00e9glise<\/strong><br>\u00ab <em>Nous, cur\u00e9, maire et officiers municipaux de ladite paroisse de Pr\u00e9cy-sur-Oise, certifions \u00e0 tous ceux \u00e0 qui il appartiendra que la pr\u00e9sente supplique des autres faitscontient v\u00e9rit\u00e9 dans tout son d\u00e9tail en foi de quoi nous avons sign\u00e9 \u00e0 Pr\u00e9cy-sur-Oise ce sept juillet mil sept cent quatre vingt onze<\/em> \u00bb.<br>Sign\u00e9 : Le vasseur, Maire<br>Le Rebergue<br>Boutrois<br>Gr\u00e9han<br>De Launoy, Cur\u00e9.<br><\/p>\n\n\n\n<div class=\"wp-block-group has-global-padding is-layout-constrained wp-block-group-is-layout-constrained\">\n<figure class=\"wp-block-image alignright size-large is-resized\"><img loading=\"lazy\" decoding=\"async\" width=\"1024\" height=\"632\" src=\"http:\/\/delamarre.net\/wpprecy\/wp-content\/uploads\/2024\/08\/17c_salle_classe_p-1024x632.jpg\" alt=\"\" class=\"wp-image-185\" style=\"width:307px;height:auto\" srcset=\"https:\/\/histoiredeprecy.com\/wp-content\/uploads\/2024\/08\/17c_salle_classe_p-1024x632.jpg 1024w, https:\/\/histoiredeprecy.com\/wp-content\/uploads\/2024\/08\/17c_salle_classe_p-300x185.jpg 300w, https:\/\/histoiredeprecy.com\/wp-content\/uploads\/2024\/08\/17c_salle_classe_p-768x474.jpg 768w, https:\/\/histoiredeprecy.com\/wp-content\/uploads\/2024\/08\/17c_salle_classe_p.jpg 1230w\" sizes=\"auto, (max-width: 1024px) 100vw, 1024px\" \/><figcaption class=\"wp-element-caption\">Une salle de classe autrefois &#8230;<\/figcaption><\/figure>\n\n\n\n<p><strong>R\u00e9ponse du Directoire<\/strong><br>Vu par nous, administrateurs composant le directoire du district de Senlis, le m\u00e9moire pr\u00e9sent\u00e9 par Louis S\u00e9bastien Landru ma\u00eetre d&rsquo;Ecole de la paroisse de Pr\u00e9cy-sur-Oise et chantre de la ci-devant coll\u00e9giale dudit Pr\u00e9cy par lequel il expose que depuis dix sept ans il est chantre de la dite Eglise Coll\u00e9giale aux gages de cinquante livres par an qui lui \u00e9taient pay\u00e9es par le ci-devant Seigneur de Pr\u00e9cy, fondateur de ladite Eglise, et demande qu&rsquo;il lui soit accord\u00e9 un traitement annuel de cinquante livres.<br>Vu aussi l&rsquo;avis de la municipalit\u00e9 de Pr\u00e9cy qui sur ce le Procureur Syndic, le Directoire consid\u00e9rant que le nomm\u00e9 Landru de ma\u00eetre d&rsquo; Ecole de la paroisse de Pr\u00e9cy, que cette place doit lui produire les secours n\u00e9cessaires \u00e0 sa subsistance, en cons\u00e9quence estime qu&rsquo;il n&rsquo;y a lieu de lui accorder ce traitement annuel qu&rsquo;il demande mais seulement une gratification de cinquante livres une fois pay\u00e9e.<br>D\u00e9lib\u00e9r\u00e9 \u00e0 Senlis ce onze juillet mil sept cent quatre vingt onze.<br>Sign\u00e9 : illisible, Th\u00e9rouenne, Laurent, du chaufour, et Leblanc.<br>Le citoyen r\u00e9ussit quelques temps apr\u00e8s \u00e0 \u00eatre engag\u00e9 par la municipalit\u00e9 de Pr\u00e9cy comme <strong>Secr\u00e9taire Greffier<\/strong>. C&rsquo;est lui de son \u00e9criture fine et r\u00e9guli\u00e8re qui r\u00e9digera les actes et rapports de tous ordres dans les deux registres des d\u00e9lib\u00e9rations municipales qui nous restent aux archives communales de Pr\u00e9cy.<br><\/p>\n\n\n\n<div class=\"wp-block-group has-global-padding is-layout-constrained wp-block-group-is-layout-constrained\">\n<figure class=\"wp-block-image alignleft size-full is-resized\"><img loading=\"lazy\" decoding=\"async\" width=\"471\" height=\"797\" src=\"http:\/\/delamarre.net\/wpprecy\/wp-content\/uploads\/2024\/08\/p68_petit_decadaire_instruction_publique_1794.jpg\" alt=\"\" class=\"wp-image-187\" style=\"width:190px;height:auto\" srcset=\"https:\/\/histoiredeprecy.com\/wp-content\/uploads\/2024\/08\/p68_petit_decadaire_instruction_publique_1794.jpg 471w, https:\/\/histoiredeprecy.com\/wp-content\/uploads\/2024\/08\/p68_petit_decadaire_instruction_publique_1794-177x300.jpg 177w\" sizes=\"auto, (max-width: 471px) 100vw, 471px\" \/><figcaption class=\"wp-element-caption\">Petit d\u00e9cadaire instruction publique (1794)<\/figcaption><\/figure>\n\n\n\n<p>Le 16 Pluvi\u00f4se de l&rsquo;an second de la R\u00e9publique, les gouvernants lancent un appel aux Candidatures de ma\u00eetres d&rsquo;\u00e9cole et \u00e0 l&rsquo;ouverture des Ecoles. Il est vrai que depuis de nombreux mois les enfants \u00e9taient livr\u00e9s \u00e0 eux-m\u00eames. Ne venant d\u00e9j\u00e0 que trois \u00e0 quatre mois \u00e0 l&rsquo;\u00e9cole pendant l&rsquo;hiver, leur instruction laissait beaucoup \u00e0 d\u00e9sirer.<br>\u00ab <em>Le 21 Pluvi\u00f4se de l&rsquo;an second de la R\u00e9publique, le citoyen Louis S\u00e9bastien Landru r\u00e9sidant en notre commune, lequel en cons\u00e9quence du d\u00e9cret de la convention nationale relatif \u00e0 l&rsquo;instruction publique en date du 29 Frimaire a d\u00e9clar\u00e9 qu&rsquo;il avait l&rsquo;intention d&rsquo;ouvrir une \u00e9cole et de se livrer \u00e0 l&rsquo;instruction de la jeunesse et se propose de leur enseigner \u00e0 lire, \u00e9crire, compter et les principes de l&rsquo;arpentage et de la g\u00e9om\u00e9trie et de se conformer aux lois r\u00e9glementaires qui ont \u00e9t\u00e9 et qui seront donn\u00e9es par la suite et sanctionn\u00e9es par la Constitution&#8230;&nbsp; A cet effet ledit citoyen Landru nous a pr\u00e9sent\u00e9 un certificat de civisme \u00e0 lui d\u00e9livrer parle Conseil G\u00e9n\u00e9ral de la commune et a sign\u00e9 <strong>Landru<\/strong>.<\/em><br><em>Sur quoi apr\u00e8s qu&rsquo;il en a \u00e9t\u00e9 d\u00e9lib\u00e9r\u00e9&#8230; il est arr\u00eat\u00e9 que ledit citoyen Landru est autoris\u00e9 \u00e0 ouvrir une \u00e9cole avec des livres pour l&rsquo;enseignement \u00e0 commencer du premier vent\u00f4se prochain \u00e0 la charge pour lui de se conformer aux lois et faire \u00e0 la municipalit\u00e9 sa d\u00e9claration du nombre d&rsquo;enfants et de pup\u00eetres qu&rsquo;ils sont tenus d&rsquo;envoyer envers l&rsquo; \u00e9cole et du nombre en personnel des instituteurs qu&rsquo;ils choisiront. Ce pr\u00e9sent arr\u00eat\u00e9 sera publi\u00e9 et affich\u00e9, vingt trois Pluvi\u00f4se du pr\u00e9sent mois du march\u00e9<\/em> \u00bb.<br><\/p>\n\n\n\n<div class=\"wp-block-group has-global-padding is-layout-constrained wp-block-group-is-layout-constrained\">\n<figure class=\"wp-block-image alignright size-full is-resized\"><img loading=\"lazy\" decoding=\"async\" width=\"900\" height=\"636\" src=\"http:\/\/delamarre.net\/wpprecy\/wp-content\/uploads\/2024\/08\/place_eglise_2_900.jpg\" alt=\"\" class=\"wp-image-188\" style=\"width:273px;height:auto\" srcset=\"https:\/\/histoiredeprecy.com\/wp-content\/uploads\/2024\/08\/place_eglise_2_900.jpg 900w, https:\/\/histoiredeprecy.com\/wp-content\/uploads\/2024\/08\/place_eglise_2_900-300x212.jpg 300w, https:\/\/histoiredeprecy.com\/wp-content\/uploads\/2024\/08\/place_eglise_2_900-768x543.jpg 768w\" sizes=\"auto, (max-width: 900px) 100vw, 900px\" \/><figcaption class=\"wp-element-caption\">La place de l&rsquo;\u00e9glise<\/figcaption><\/figure>\n\n\n\n<p>Le lendemain, Madeleine tinette Le C\u0153ur fait elle aussi sa d\u00e9claration et est autoris\u00e9e elle aussi \u00e0 ouvrir une \u00e9cole \u00e0 partir du premier Vent\u00f4se prochain. Pour aider Landru \u00e0 arrondir ses fins de mois, le maire De Neuilly et les officiers municipaux de Pr\u00e9cy, le choisissent plus tard pour \u00ab <em>balayer ou faire balayer le temple de l&rsquo;\u00eatre supr\u00eame et la Chambre de la maison commune la veille de chaque d\u00e9cadi et des f\u00eates&#8230; et il lui sera pay\u00e9 trente livres<\/em> \u00bb.<br>Apr\u00e8s six mois d&rsquo;\u00e9cole, Landru est d\u00e9courag\u00e9 et s&rsquo;en explique au maire et aux officiers municipaux. Ils d\u00e9cident alors \u00ab<em> le dix Fructidor&#8230; attendu qu&rsquo;\u00e0 partir du premier Fructidor du pr\u00e9sent mois, le citoyen Landru a cess\u00e9 son \u00e9cole primaire parce qu&rsquo;\u00e0 cause des travaux de la moisson, les citoyens envoient leurs enfants soit \u00e0 la moisson soit \u00e0 gl\u00e2ner et que ces travaux ne seront point encore fini ; Il a \u00e9t\u00e9 arr\u00eat\u00e9 que l&rsquo;\u00e9cole primaire est suspendue depuis le premier du pr\u00e9sent mois et ne reprendra que le premier Vend\u00e9miaire prochain<\/em> \u00bb.<br>Sign\u00e9 De Neuilly, Maire<br>C&rsquo;est dans l&rsquo;H\u00f4tel-Dieu de Pr\u00e9cy, dit La Charit\u00e9, que se faisait l&rsquo;\u00e9cole primaire. Landru a \u00e9galement sauv\u00e9 les reliques de l&rsquo;\u00e9glise du brasier que les r\u00e9volutionnaires vandales avaient allum\u00e9 dans le cimeti\u00e8re. Nous trouvons sa belle signature romantique au bas de presque tous les actes r\u00e9dig\u00e9s dans les registres des d\u00e9lib\u00e9rations municipales.<br><\/p>\n\n\n\n<div class=\"wp-block-group has-global-padding is-layout-constrained wp-block-group-is-layout-constrained\">\n<figure class=\"wp-block-image alignleft size-full is-resized\"><img loading=\"lazy\" decoding=\"async\" width=\"400\" height=\"255\" src=\"http:\/\/delamarre.net\/wpprecy\/wp-content\/uploads\/2024\/08\/rues_ferme_interieur_p.jpg\" alt=\"\" class=\"wp-image-189\" style=\"width:266px;height:auto\" srcset=\"https:\/\/histoiredeprecy.com\/wp-content\/uploads\/2024\/08\/rues_ferme_interieur_p.jpg 400w, https:\/\/histoiredeprecy.com\/wp-content\/uploads\/2024\/08\/rues_ferme_interieur_p-300x191.jpg 300w\" sizes=\"auto, (max-width: 400px) 100vw, 400px\" \/><figcaption class=\"wp-element-caption\">Int\u00e9rieur d&rsquo;une ferme de Pr\u00e9cy<\/figcaption><\/figure>\n\n\n\n<p><br><strong>Fraudeurs et suspects<\/strong><br>Les registres pullulent de rapports sur les fraudes, les vols et les violences.<br>\u00ab <em>Cejourd&rsquo;hui quatre vent\u00f4se de l&rsquo;an second&#8230; le citoyen Theuret, cultivateur au lieu de vendre son beurre sur le march\u00e9 le vend dans sa maison&#8230; il a \u00e9t\u00e9 d\u00e9nonc\u00e9 d&rsquo;avoir vendu du beurre hier au citoyen d&rsquo;Haugeranville&#8230; Il est arr\u00eat\u00e9 que dor\u00e9navant sous peine d&rsquo;\u00eatre d\u00e9nonc\u00e9s comme suspects, les denr\u00e9es doivent \u00eatre vendues sur le march\u00e9<\/em> \u00bb.<br><br><strong>Temple de la raison et de l&rsquo;union<\/strong><br>\u00ab <em>Cejourd&rsquo;hui dix-sept vent\u00f4se de l&rsquo;an second&#8230; il a \u00e9t\u00e9 arr\u00eat\u00e9 que le citoyen agent national nous autorise de faire mettre \u00e0 l&rsquo;ext\u00e9rieur du temple de la raison, cette inscription &lsquo;Temple de la Raison et de l&rsquo; Union&rsquo; et \u00e0 faire placer les faisceaux des d\u00e9partements surmont\u00e9s du bonnet de la Libert\u00e9 d&rsquo;apr\u00e8s le dessin qui sera pr\u00e9sent\u00e9 par le District qu&rsquo;il jugera le plus convenable \u00e0 cet effet et il a aussi autoris\u00e9 de prendre dans l&rsquo; int\u00e9rieur du temple les bois et fers dont ils ont besoin<\/em> \u00bb.<br><\/p>\n\n\n\n<div class=\"wp-block-group has-global-padding is-layout-constrained wp-block-group-is-layout-constrained\">\n<figure class=\"wp-block-image alignright size-full is-resized\"><img loading=\"lazy\" decoding=\"async\" width=\"400\" height=\"258\" src=\"http:\/\/delamarre.net\/wpprecy\/wp-content\/uploads\/2024\/08\/mairie5_1916_p.jpg\" alt=\"\" class=\"wp-image-191\" style=\"width:332px;height:auto\" srcset=\"https:\/\/histoiredeprecy.com\/wp-content\/uploads\/2024\/08\/mairie5_1916_p.jpg 400w, https:\/\/histoiredeprecy.com\/wp-content\/uploads\/2024\/08\/mairie5_1916_p-300x194.jpg 300w\" sizes=\"auto, (max-width: 400px) 100vw, 400px\" \/><figcaption class=\"wp-element-caption\">L&rsquo;ancienne mairie<\/figcaption><\/figure>\n\n\n\n<p><br><strong>La premi\u00e8re mairie<\/strong><br>\u00ab <em>Cejourd&rsquo;hui vingt vent\u00f4se de l&rsquo;an second&#8230; il a \u00e9t\u00e9 expos\u00e9 par le citoyen maire qu&rsquo;il n&rsquo;y a dans la commune aucun autre logement possible d&rsquo;occuper pour les \u00e9coles primaires que la maison dite &lsquo;La charit\u00e9&rsquo;, qu&rsquo;il n&rsquo;y a point non plus des logements \u00e0 occuper \u00e0 servir de maison communale que le ci-devant presbyt\u00e8re, que les assembl\u00e9es de la municipalit\u00e9 se tiennent dans une petite chambre en rez-de-chauss\u00e9e d\u00e9pendante de la maison dite de Charit\u00e9, qu&rsquo;une autre chambre est pr\u00e9occup\u00e9e \u00e0 faire un corps de garde \u00e0 quoi qu&rsquo; elle sert maintenant et qu&rsquo;enfin, il n&rsquo;y a point dans la commune d&rsquo;autre \u00e9difice pour servir de temple de la Raison que l&rsquo;ancienne \u00e9glise &#8211; sur quoi il a \u00e9t\u00e9 d\u00e9lib\u00e9r\u00e9 et arr\u00eat\u00e9 que les administrateurs du Directoire du District seront invit\u00e9s \u00e0 autoriser la municipalit\u00e9 \u00e0 s&rsquo; emparer de la maison dite &lsquo;La Charit\u00e9&rsquo; pour y faire tenir les \u00e9coles primaires, \u00e0 faire servir de corps de garde la petite chambre au rez-de-chauss\u00e9e d\u00e9pendant de la maison de charit\u00e9, (et) \u00e0 s&#8217;emparer \u00e9galement du ci-devant presbyt\u00e8re pour y tenir les assembl\u00e9es de la municipalit\u00e9 et enfin de disposer de l&rsquo;ancienne \u00e9glise pour servir \u00e0 l&rsquo;avenir de Temple de la Raison et la demeure de la maison communale et \u00e0 vendre les bancs, boiseries et autres objets de peu de valeur&#8230; et que le prix doit \u00eatre employ\u00e9 \u00e0 l&rsquo;entretien dudit temple, et \u00e0 d&rsquo;autres d\u00e9penses n\u00e9cessaires pour l&rsquo;entretien&#8230;<\/em> \u00bb .<br>Sign\u00e9 : De Neuilly, Maire &#8211; Champion, Delaunoy,<br>Decaux, Levasseur, Laurent et Landru S.G.<br><br><\/p>\n\n\n\n<div class=\"wp-block-group has-global-padding is-layout-constrained wp-block-group-is-layout-constrained\">\n<figure class=\"wp-block-image alignleft size-full is-resized\"><img loading=\"lazy\" decoding=\"async\" width=\"277\" height=\"400\" src=\"http:\/\/delamarre.net\/wpprecy\/wp-content\/uploads\/2024\/08\/eglise_portail_p.jpg\" alt=\"\" class=\"wp-image-192\" style=\"width:162px;height:auto\" srcset=\"https:\/\/histoiredeprecy.com\/wp-content\/uploads\/2024\/08\/eglise_portail_p.jpg 277w, https:\/\/histoiredeprecy.com\/wp-content\/uploads\/2024\/08\/eglise_portail_p-208x300.jpg 208w\" sizes=\"auto, (max-width: 277px) 100vw, 277px\" \/><\/figure>\n\n\n\n<p><strong>Divers<\/strong><br>Le dix vent\u00f4se l&rsquo;an deux, vu la p\u00e9nurie de bl\u00e9, le maire ach\u00e8te 690 livres de grains pour l&rsquo;approvisionnement de la commune en difficult\u00e9.<br>Le trente vent\u00f4se l&rsquo;an deux, il sera annonc\u00e9 \u00ab <em>au son de la caisse qu&rsquo;une assembl\u00e9e aura lieu D\u00e9cadi prochain du mois Germinal \u00e0 onze heures du matin dans le local du ci-devant presbyt\u00e8re<\/em> \u00bb pour d\u00e9cider des secours \u00e0 donner ou envoyer aux familles des d\u00e9fenseurs de la Patrie qui sont dans le besoin. On signale dix familles.<\/p>\n<\/div>\n<\/div>\n<\/div>\n<\/div>\n<\/div>\n<\/div>\n<\/div>\n<\/div>\n\n\n\n<p><strong>La petite porte<\/strong><br>\u00ab Cejourd&rsquo;hui quintidi germinal de l&rsquo;an second&#8230; le maire est autoris\u00e9&#8230; de faire ce qui est n\u00e9cessaire et de la mani\u00e8re qu&rsquo;il jugera convenable, dans le temple de la Raison, et prendre \u00e0 cet effet et faire employer les boiseries de la ci-devant \u00e9glise ce qui sera n\u00e9cessaire \u00e0 faire. Aussi arranger le corps de garde et \u00e0 faire percer une porte sur la rue et prendre aussi les bois n\u00e9cessaires&#8230; \u00bb.<br><br><strong>Secours populaire<\/strong><br>Le citoyen Charles Devinoy de cette commune est dangereusement malade depuis environ six semaines et il \u00ab<em> a des plaies qui faute de linges font craindre la gangr\u00e8ne<\/em> \u00bb. Il est p\u00e8re de deux enfants et se trouve dans la plus grande indigence. \u00ab <em>L&rsquo;Agent National entendu, il a \u00e9t\u00e9 arr\u00eat\u00e9 qu&rsquo;il serait pris dans le coffre de la ci-devant Charit\u00e9, deux chemises et quelques linges qui seront port\u00e9s au dit citoyen et qu&rsquo;une note de ces objets sera d\u00e9pos\u00e9e dans le coffre&#8230;<\/em> \u00bb.<br><br><\/p>\n\n\n\n<div class=\"wp-block-group has-global-padding is-layout-constrained wp-block-group-is-layout-constrained\">\n<figure class=\"wp-block-image alignright size-full is-resized\"><img loading=\"lazy\" decoding=\"async\" width=\"758\" height=\"600\" src=\"http:\/\/delamarre.net\/wpprecy\/wp-content\/uploads\/2024\/08\/La-charrette.jpg\" alt=\"\" class=\"wp-image-193\" style=\"width:309px;height:auto\" srcset=\"https:\/\/histoiredeprecy.com\/wp-content\/uploads\/2024\/08\/La-charrette.jpg 758w, https:\/\/histoiredeprecy.com\/wp-content\/uploads\/2024\/08\/La-charrette-300x237.jpg 300w\" sizes=\"auto, (max-width: 758px) 100vw, 758px\" \/><figcaption class=\"wp-element-caption\">La charrette ou retour de la fenaison<\/figcaption><\/figure>\n\n\n\n<p><strong>Atelier de salp\u00eatre<\/strong><br>Il sera incessamment \u00e9tabli dans la commune un atelier pour le salp\u00eatre. La maison de la citoyenne Veuve Legros est requisitionn\u00e9e \u00ab <em>Elle sera tenue de souffrir ledit \u00e9tablissement<\/em> \u00bb.<br><br><strong>Sacr\u00e9s bestiaux<\/strong><br>Le 19 Germinal l&rsquo;an second&#8230; \u00ab <em>on a observ\u00e9 que les bestiaux de quelques citoyens vont gaillardement pa\u00eetre dans le ci-devant cimeti\u00e8re ce qui occasionne des querelles dans la commune qui a d\u00e9lib\u00e9r\u00e9 et arr\u00eat\u00e9 qu&rsquo; elle venderait l&rsquo; herbe par adjudication au plus offrant et dernier ench\u00e9risseur<\/em> \u00bb.<br>Le lendemain, l&rsquo;herbe fut adjug\u00e9e pour 35 livres au citoyen Gilles Decaux.<br>Peu apr\u00e8s se produit un diff\u00e9rent entre Pr\u00e9cy et Gouvieux \u00e0 propos du \u00ab Marais Dozay \u00bb.<br><\/p>\n\n\n\n<div class=\"wp-block-group has-global-padding is-layout-constrained wp-block-group-is-layout-constrained\">\n<figure class=\"wp-block-image alignleft size-full is-resized\"><img loading=\"lazy\" decoding=\"async\" width=\"395\" height=\"512\" src=\"http:\/\/delamarre.net\/wpprecy\/wp-content\/uploads\/2024\/08\/p72_grappes_de_raisin.jpg\" alt=\"\" class=\"wp-image-194\" style=\"width:208px;height:auto\" srcset=\"https:\/\/histoiredeprecy.com\/wp-content\/uploads\/2024\/08\/p72_grappes_de_raisin.jpg 395w, https:\/\/histoiredeprecy.com\/wp-content\/uploads\/2024\/08\/p72_grappes_de_raisin-231x300.jpg 231w\" sizes=\"auto, (max-width: 395px) 100vw, 395px\" \/><figcaption class=\"wp-element-caption\">Grappes de raisin<\/figcaption><\/figure>\n\n\n\n<p>\u00ab <em>Malgr\u00e9 les lois qui font d\u00e9fense aux cultivateurs de faire pa\u00eetre leurs b\u00eates \u00e0 laine dans les p\u00e2turages aux herbes et auxquels est fait d\u00e9fense verbale et par \u00e9crit \u00e0 la commune de Gouvieux, les cultivateurs de ladite commune de Gouvieux ne cessent de faire pa\u00eetre leurs b\u00eates \u00e0 laine dans les marais Dozay&#8230; que particuli\u00e8rement au jour d&rsquo;hier le citoyen Lema\u00eetre a aper\u00e7u dans le marais Dozay des b\u00eates \u00e0 laine de la commune de Gouvieux il s&rsquo;est transport\u00e9 dans le marais et a reconnu la citoyenne Severine Berge&#8230; qui faisait pa\u00eetre un troupeau de b\u00eates \u00e0 laine&#8230;<\/em> \u00bb<br>Les citoyens Lemaitre et Chefdeville les ont chass\u00e9s et port\u00e9 plainte. Quelques jours apr\u00e8s, plusieurs citoyens ont manifest\u00e9 leur d\u00e9sir d&rsquo;avoir une assembl\u00e9e g\u00e9n\u00e9rale pour savoir au juste quel sera le partage qui sera fait des diff\u00e9rents lots appartenant \u00e0 la commune en particulier en ce qui concerne le grand pr\u00e9 et la place du Gavre et d\u00e9pendances.<br>D\u00e9fense est faite de faire pa\u00eetre des b\u00eates dans le terrain appel\u00e9 le grand pr\u00e9 et celui appel\u00e9 de la Place du Havre. Plus tard, ces terrains sont r\u00e9partis en lots mais il est pr\u00e9cis\u00e9 que les arbres plant\u00e9s sur la place du Havre seront vendus au profit de la commune et que l&rsquo;avoine sem\u00e9e sur le terrain du Havre sera vendue au profit de la commune.<br><br><strong>R\u00e9quisitions<\/strong><br>On signale \u00e0 plusieurs reprises la difficult\u00e9 d&rsquo;approvisionner le march\u00e9 de Pr\u00e9cy. Il s&rsquo;en suit des r\u00e9quisitions chez les cultivateurs. Il y en a qui se d\u00e9robent mais ils risquent des \u00ab <em>peines rigoureuses au maximum<\/em> \u00bb. C&rsquo;est ainsi que Louis Pierre Levasseur, Joseph Benan et Jean Gautier sont somm\u00e9s au nom de la loi de d\u00e9poser au march\u00e9 la quantit\u00e9 de bl\u00e9 qui a \u00e9t\u00e9 requis de fournir faute de quoi ils seront d\u00e9clar\u00e9s \u00ab <em>suspects<\/em> \u00bb.<br><\/p>\n\n\n\n<div class=\"wp-block-group has-global-padding is-layout-constrained wp-block-group-is-layout-constrained\">\n<figure class=\"wp-block-image alignright size-full is-resized\"><img loading=\"lazy\" decoding=\"async\" width=\"348\" height=\"512\" src=\"http:\/\/delamarre.net\/wpprecy\/wp-content\/uploads\/2024\/08\/sentinelle_tonneaux.jpg\" alt=\"\" class=\"wp-image-196\" style=\"width:201px;height:auto\" srcset=\"https:\/\/histoiredeprecy.com\/wp-content\/uploads\/2024\/08\/sentinelle_tonneaux.jpg 348w, https:\/\/histoiredeprecy.com\/wp-content\/uploads\/2024\/08\/sentinelle_tonneaux-204x300.jpg 204w\" sizes=\"auto, (max-width: 348px) 100vw, 348px\" \/><figcaption class=\"wp-element-caption\">Sentinelle aupr\u00e8s des tonneaux<\/figcaption><\/figure>\n\n\n\n<p>A propos de la r\u00e9quisition des cochons, l&rsquo;Agent National a pr\u00e9cis\u00e9 \u00ab <em>qu&rsquo;\u00e0 l&rsquo;avenir on ne re\u00e7oit que du cochon gras \u00e2g\u00e9 d&rsquo;un an<\/em> \u00bb comme \u00ab<em> il n&rsquo;y en a point dans notre commune&#8230; il a \u00e9t\u00e9 arr\u00eat\u00e9 que la r\u00e9quisition&#8230; n&rsquo;aura point d&rsquo;effet<\/em> \u00bb.<br>Le quatorze florial de l&rsquo;an second, nouvelle r\u00e9quisition de chevaux avec charettes ou voitures, de bateaux charg\u00e9s de foin et d&rsquo;avoine.<br>Peu de temps apr\u00e8s, on r\u00e9clame la contribution mobiliaire, puis un nouveau recensement suivi d&rsquo;une r\u00e9quisition de luzerne, foin, paille, lentilles&#8230; mais aussi des chevaux et mulets encore existants dans la commune. Le duc de Montmorency envoit un acte d&rsquo;abandon de quatre chevaux. Les boulangers n&rsquo;ont plus de grains&#8230; On confisque des fourrages et des grains chez les fraudeurs. Plusieurs proc\u00e8s verbaux sont dress\u00e9s pour \u00ab <em>le trop per\u00e7u<\/em> \u00bb sur les vivres de premi\u00e8re n\u00e9cessit\u00e9. L&rsquo;Agent National exige restitution du trop per\u00e7u. Un des boulangers de Pr\u00e9cy vend le pain de 12 livres \u00e0 31 sols et l&rsquo;autre \u00e0 38 sols.<br>La commune en difficult\u00e9 demande autorisation au Directoire du District de Senlis des Conseils pour conserver la r\u00e9colte des vignes appartenant au citoyen Louis Florent Delaunoy ci-devant cur\u00e9 de Pr\u00e9cy. Il est question \u00e9galement \u00ab <em>d&rsquo;un demi muid de vin qui se trouve dans la cave du ci-devant presbyt\u00e8re et qui pourrait d\u00e9p\u00e9rir attendu l&rsquo;\u00e9tat de d\u00e9tention dudit Delaunoy &#8230;<\/em> \u00bb<br>Comme l&rsquo;administration fait la sourde oreille, le maire d\u00e9cide de la vente de la r\u00e9colte et du vin, par adjudication au plus offrant.<br>Une singuli\u00e8re r\u00e9quisition est celle d&rsquo;un gendarme de la 29\u00e8me division r\u00e9sidant \u00e0 Senlis et \u00ab<em> en courses il est arriv\u00e9 \u00e0 l&rsquo;instant dans la commune de Pr\u00e9cy&#8230; et son cheval est tomb\u00e9 sur lui, ce qui semble \u00eatre l&rsquo;effet de la fatigue<\/em> \u00bb. Il requiert aussit\u00f4t un cheval dans la commune invoquant \u00ab <em>sa responsabilit\u00e9 de faire des visites<\/em> \u00bb.<\/p>\n<\/div>\n<\/div>\n<\/div>\n\n\n\n<p><strong>L&rsquo;amour du vin<\/strong><br><\/p>\n\n\n\n<div class=\"wp-block-group has-global-padding is-layout-constrained wp-block-group-is-layout-constrained\">\n<figure class=\"wp-block-image alignleft size-full is-resized\"><img loading=\"lazy\" decoding=\"async\" width=\"1000\" height=\"776\" src=\"http:\/\/delamarre.net\/wpprecy\/wp-content\/uploads\/2024\/08\/18_pose_des_scelles_p.jpg\" alt=\"\" class=\"wp-image-197\" style=\"width:333px;height:auto\" srcset=\"https:\/\/histoiredeprecy.com\/wp-content\/uploads\/2024\/08\/18_pose_des_scelles_p.jpg 1000w, https:\/\/histoiredeprecy.com\/wp-content\/uploads\/2024\/08\/18_pose_des_scelles_p-300x233.jpg 300w, https:\/\/histoiredeprecy.com\/wp-content\/uploads\/2024\/08\/18_pose_des_scelles_p-768x596.jpg 768w\" sizes=\"auto, (max-width: 1000px) 100vw, 1000px\" \/><figcaption class=\"wp-element-caption\">Pose des scell\u00e9s sur la cave du ci-devant presbyt\u00e8re<\/figcaption><\/figure>\n\n\n\n<p>Cejourd&rsquo;hui quatorze Messidor de l&rsquo;an second de la R\u00e9publique Fran\u00e7aise une indivisible et imp\u00e9rissable en l&rsquo;assembl\u00e9e des maires et officiers municipaux de la commune de Pr\u00e9cy-sur-Oise, l&rsquo;agent national pr\u00e9sent apr\u00e8s qu&rsquo;il en a \u00e9t\u00e9 d\u00e9lib\u00e9r\u00e9, il a \u00e9t\u00e9 arr\u00eat\u00e9 qu&rsquo;il sera repr\u00e9sent\u00e9 \u00e0 l&rsquo;administration du directoire de Senlis que les scell\u00e9s ont \u00e9t\u00e9 pos\u00e9s par la municipalit\u00e9 sur la cave \u00e9tant dans le local du ci-devant presbyt\u00e8re, que depuis d&rsquo;autres scell\u00e9s ont \u00e9t\u00e9 appos\u00e9s par le citoyen Despretz, membre de l&rsquo;administration, lequel a emport\u00e9 la clef de la dite cave et comme il est int\u00e9ressant de veiller \u00e0 la conservation d&rsquo;un tonneau de vin qui est dans la dite cave et qui pourrait se perdre, les cerceaux du dit tonneau pouvant venir mauvais, il sera demand\u00e9 \u00e0 l&rsquo;administration une autorisation \u00e0 la municipalit\u00e9 de Pr\u00e9cy pour lever les dits scell\u00e9s, faire mettre le dit tonneau en \u00e9tat, pour les dits scell\u00e9s \u00eatre ensuite reappos\u00e9s par la municipalit\u00e9.<br>&nbsp;&nbsp;&nbsp;<br><\/p>\n\n\n\n<div class=\"wp-block-group has-global-padding is-layout-constrained wp-block-group-is-layout-constrained\">\n<figure class=\"wp-block-image alignright size-full is-resized\"><img loading=\"lazy\" decoding=\"async\" width=\"678\" height=\"985\" src=\"http:\/\/delamarre.net\/wpprecy\/wp-content\/uploads\/2024\/08\/p_vase_bouquet_1913.jpg\" alt=\"\" class=\"wp-image-198\" style=\"width:199px;height:auto\" srcset=\"https:\/\/histoiredeprecy.com\/wp-content\/uploads\/2024\/08\/p_vase_bouquet_1913.jpg 678w, https:\/\/histoiredeprecy.com\/wp-content\/uploads\/2024\/08\/p_vase_bouquet_1913-206x300.jpg 206w\" sizes=\"auto, (max-width: 678px) 100vw, 678px\" \/><figcaption class=\"wp-element-caption\">Vase de la compagnie d&rsquo;arc<\/figcaption><\/figure>\n\n\n\n<p><strong>Le jeu d&rsquo;arc<\/strong><br>Le citoyen Jean Lef\u00e8vre, capitaine de la compagnie d&rsquo;Arc \u00e0 Pr\u00e9cy \u00e9tait invit\u00e9 \u00e0 remettre entre les mains du maire de la commune, \u00ab<em> le livre des d\u00e9lib\u00e9rations<\/em> \u00bb. Ce fut l&rsquo;assembl\u00e9e l\u00e9gislative qui prit un d\u00e9cret concernant ces compagnies d&rsquo;Arc.<br>\u00ab <em>Le dernier tir \u00e0 l&rsquo;oiseau avait eu lieu en mai 1791 et le Roy f\u00fbt Jacques Tellier et la compagnie d&rsquo;Arc avait assist\u00e9 pour la derni\u00e8re fois \u00e0 la messe de Saint S\u00e9bastien en janvier 1792. Les archers durent donc cesser de fr\u00e9quenter le jeu d&rsquo;Arc, mais auparavant, la statue de saint S\u00e9bastien (bois polychrome 1754) et les vieux troph\u00e9es avaient \u00e9t\u00e9 retir\u00e9s du jeu, ainsi que les documents de l&rsquo;Archerie qui proviennent de l&rsquo;Ev\u00each\u00e9 de Soissons. L&rsquo;Ev\u00eaque de Soissons \u00e9tait et est toujours par tradition Grand Ma\u00eetre de l&rsquo;Archerie<\/em> \u00bb. (Jean Demay)<br>Toujours est-il que le jeu d&rsquo;Arc fut confisqu\u00e9 et \u00ab<em> le 20 brumaire de l&rsquo;an trois de la R\u00e9publique&#8230; il a \u00e9t\u00e9 proc\u00e9d\u00e9 \u00e0 la vente au plus offrant et dernier ench\u00e9risseur des pierres du ci-devant jeu d&rsquo;Arc de la commune de Pr\u00e9cy et apr\u00e8s qu&rsquo; elles ont \u00e9t\u00e9 enlev\u00e9es par le citoyen Louis Gabriel Legrand \u00e0 25 livres, par le citoyen Chefdeville pour 26 livres, par le citoyen Blochet \u00e0 27 livres, par le citoyen Pierre Aubin moyennant la somme de 38 livres, ladite somme sera tenu de payer dans la huitaine \u00e0 compter de ce jour entre les mains du citoyen Champion, tr\u00e9sorier, et \u00e0 la charge en outre de payer les droits d&rsquo; enregistrement de la pr\u00e9sente adjudication&#8230;<\/em> \u00bb<\/p>\n<\/div>\n<\/div>\n\n\n\n<p><\/p>\n\n\n\n<div class=\"wp-block-group has-global-padding is-layout-constrained wp-block-group-is-layout-constrained\">\n<div class=\"wp-block-group has-global-padding is-layout-constrained wp-block-group-is-layout-constrained\">\n<p><strong>Les tilleuls de la R\u00e9volution<\/strong><br><\/p>\n\n\n\n<figure class=\"wp-block-image alignleft size-full is-resized\"><img loading=\"lazy\" decoding=\"async\" width=\"900\" height=\"578\" src=\"http:\/\/delamarre.net\/wpprecy\/wp-content\/uploads\/2024\/08\/sortie_messe_900-1.jpg\" alt=\"\" class=\"wp-image-200\" style=\"width:279px;height:auto\" srcset=\"https:\/\/histoiredeprecy.com\/wp-content\/uploads\/2024\/08\/sortie_messe_900-1.jpg 900w, https:\/\/histoiredeprecy.com\/wp-content\/uploads\/2024\/08\/sortie_messe_900-1-300x193.jpg 300w, https:\/\/histoiredeprecy.com\/wp-content\/uploads\/2024\/08\/sortie_messe_900-1-768x493.jpg 768w\" sizes=\"auto, (max-width: 900px) 100vw, 900px\" \/><figcaption class=\"wp-element-caption\">Les tilleuls de la r\u00e9volution \u00e0 Pr\u00e9cy en 1934<\/figcaption><\/figure>\n<\/div>\n<\/div>\n\n\n\n<p>Le 20 brumaire l&rsquo;an trois&#8230; la commune d\u00e9cide \u00ab <em>qu&rsquo;il sera demand\u00e9 un arbre \u00e0 chaque chef de famille pour planter sur le jeu d&rsquo;Arc et le surplus des tilleuls seront plant\u00e9s sur la place du march\u00e9&#8230;<\/em> \u00bb<\/p>\n\n\n\n<p>Arbres de la Fraternit\u00e9, de la Libert\u00e9 et de l&rsquo;Egalit\u00e9, ils sont encore l\u00e0, fid\u00e8les t\u00e9moins des \u00e9v\u00e9nements pass\u00e9s.<\/p>\n","protected":false},"excerpt":{"rendered":"<p>La Pr\u00e9v\u00f4t\u00e9 de Pr\u00e9cy Archives de la Pr\u00e9vot\u00e9\u00ab Aujourd&rsquo;hui, septi\u00e8me jour de la troisi\u00e8me d\u00e9cade du mois brumaire de l&rsquo;an second de la R\u00e9publique Fran\u00e7aise une et indivisible p\u00e9rissable, en l&rsquo;assembl\u00e9e des maires et officiers municipaux de la commune de Pr\u00e9cy-sur-Oise, il a \u00e9t\u00e9 arr\u00eat\u00e9 que seraient d\u00e9pos\u00e9s au greffe de la municipalit\u00e9 dudit Pr\u00e9cy, [&hellip;]<\/p>\n","protected":false},"author":1,"featured_media":0,"comment_status":"closed","ping_status":"open","sticky":false,"template":"","format":"standard","meta":{"footnotes":""},"categories":[1],"tags":[],"class_list":["post-166","post","type-post","status-publish","format-standard","hentry","category-non-classe"],"_links":{"self":[{"href":"https:\/\/histoiredeprecy.com\/index.php\/wp-json\/wp\/v2\/posts\/166","targetHints":{"allow":["GET"]}}],"collection":[{"href":"https:\/\/histoiredeprecy.com\/index.php\/wp-json\/wp\/v2\/posts"}],"about":[{"href":"https:\/\/histoiredeprecy.com\/index.php\/wp-json\/wp\/v2\/types\/post"}],"author":[{"embeddable":true,"href":"https:\/\/histoiredeprecy.com\/index.php\/wp-json\/wp\/v2\/users\/1"}],"replies":[{"embeddable":true,"href":"https:\/\/histoiredeprecy.com\/index.php\/wp-json\/wp\/v2\/comments?post=166"}],"version-history":[{"count":14,"href":"https:\/\/histoiredeprecy.com\/index.php\/wp-json\/wp\/v2\/posts\/166\/revisions"}],"predecessor-version":[{"id":1825,"href":"https:\/\/histoiredeprecy.com\/index.php\/wp-json\/wp\/v2\/posts\/166\/revisions\/1825"}],"wp:attachment":[{"href":"https:\/\/histoiredeprecy.com\/index.php\/wp-json\/wp\/v2\/media?parent=166"}],"wp:term":[{"taxonomy":"category","embeddable":true,"href":"https:\/\/histoiredeprecy.com\/index.php\/wp-json\/wp\/v2\/categories?post=166"},{"taxonomy":"post_tag","embeddable":true,"href":"https:\/\/histoiredeprecy.com\/index.php\/wp-json\/wp\/v2\/tags?post=166"}],"curies":[{"name":"wp","href":"https:\/\/api.w.org\/{rel}","templated":true}]}}