{"id":202,"date":"2024-08-04T17:59:45","date_gmt":"2024-08-04T15:59:45","guid":{"rendered":"http:\/\/delamarre.net\/wpprecy\/?p=202"},"modified":"2024-08-16T14:07:56","modified_gmt":"2024-08-16T12:07:56","slug":"la-revolution-a-precy-5eme-partie","status":"publish","type":"post","link":"https:\/\/histoiredeprecy.com\/index.php\/2024\/08\/04\/la-revolution-a-precy-5eme-partie\/","title":{"rendered":"La R\u00e9volution \u00e0 Pr\u00e9cy &#8211; 5\u00e8me partie"},"content":{"rendered":"\n<p><\/p>\n\n\n\n<p><strong>Annexes<\/strong><\/p>\n\n\n\n<p><strong>1. L&rsquo;arbre de la Libert\u00e9<\/strong><br><\/p>\n\n\n\n<div class=\"wp-block-group has-global-padding is-layout-constrained wp-block-group-is-layout-constrained\">\n<figure class=\"wp-block-image alignright size-full is-resized\"><img loading=\"lazy\" decoding=\"async\" width=\"400\" height=\"250\" src=\"http:\/\/delamarre.net\/wpprecy\/wp-content\/uploads\/2024\/08\/allee_marroniers_p.jpg\" alt=\"\" class=\"wp-image-204\" style=\"width:323px;height:auto\" srcset=\"https:\/\/histoiredeprecy.com\/wp-content\/uploads\/2024\/08\/allee_marroniers_p.jpg 400w, https:\/\/histoiredeprecy.com\/wp-content\/uploads\/2024\/08\/allee_marroniers_p-300x188.jpg 300w\" sizes=\"auto, (max-width: 400px) 100vw, 400px\" \/><figcaption class=\"wp-element-caption\">L&rsquo;all\u00e9e des marronniers<\/figcaption><\/figure>\n\n\n\n<p>\u00ab Quand il \u00e9tait question de planter l&rsquo;arbre de la Libert\u00e9, les membres de la nouvelle municipalit\u00e9 furent fort divis\u00e9s. Quelqu&rsquo;un sugg\u00e9rait qu&rsquo;on plante un ch\u00eane puisque c&rsquo; est un arbre qui traverse les si\u00e8cles mais on trouva que le ch\u00eane rappelait trop la royaut\u00e9 avec Saint-Louis pronon\u00e7ant la Justice au ch\u00eane de Vincennes. Le maire de Pr\u00e9cy aurait voulu que ce soit un tilleul \u00e9tant donn\u00e9 ses fleurs odorantes qui permettent des infusions calmantes, mais on trouva qu&rsquo;il rappellerait trop \u00ab les erreurs \u00bb ? (illisible) et puis qu&rsquo;il attirerait trop les moustiques vu la proximit\u00e9 de l&rsquo;Oise. Quelqu&rsquo;un proposait alors de planter un marronnier en souvenir de Camille Desmoulins qui arborait une feuille de marronnier sur son chapeau lorsqu&rsquo;il haranguait les foules dans les Jardins du Palais Royal \u00e0 Paris. L&rsquo; Assembl\u00e9e ne comprit pas tout de suite. L&rsquo;int\u00e9ress\u00e9 leur expliqua que le publiciste r\u00e9volutionnaire qu&rsquo;\u00e9tait Camille Desmoulins avait fait le proc\u00e8s de l&rsquo;Ancien R\u00e9gime dans un pamphlet intitul\u00e9 \u00ab La France libre \u00bb. Tout le monde l&rsquo;\u00e9couta avec int\u00e9r\u00eat et puis on vota \u00e0 l&rsquo;unanimit\u00e9 pour que l&rsquo;arbre de la Libert\u00e9 soit un marronnier. On le planta pr\u00e8s du mur du ch\u00e2teau au carrefour \u00e0 l&rsquo;entr\u00e9e du pays pour qu&rsquo; on le remarque bien.<br><\/p>\n\n\n\n<div class=\"wp-block-group has-global-padding is-layout-constrained wp-block-group-is-layout-constrained\">\n<figure class=\"wp-block-image alignleft size-full is-resized\"><img loading=\"lazy\" decoding=\"async\" width=\"300\" height=\"400\" src=\"http:\/\/delamarre.net\/wpprecy\/wp-content\/uploads\/2024\/08\/arbre_liberte_p.jpg\" alt=\"\" class=\"wp-image-206\" style=\"width:202px;height:auto\" srcset=\"https:\/\/histoiredeprecy.com\/wp-content\/uploads\/2024\/08\/arbre_liberte_p.jpg 300w, https:\/\/histoiredeprecy.com\/wp-content\/uploads\/2024\/08\/arbre_liberte_p-225x300.jpg 225w\" sizes=\"auto, (max-width: 300px) 100vw, 300px\" \/><figcaption class=\"wp-element-caption\">Arbre de la libert\u00e9 de Pr\u00e9cy<\/figcaption><\/figure>\n\n\n\n<p>Il y avait l\u00e0 auparavant, une croix qu&rsquo;on avait arrach\u00e9e comme toutes celles qu&rsquo;on avait enlev\u00e9es \u00e0 l&rsquo;entr\u00e9e des champs des pr\u00eatres et sur la voie blanche. On souligna que c&rsquo;\u00e9tait important qu&rsquo;on remarque bien l&rsquo;arbre de la Libert\u00e9 \u00ab <em>pour bien-\u00eatre vu par les Comit\u00e9s de Salut Public de Chantilly et pour ne pas r\u00e9veiller la suspicion des agents pointilleux du district de Senlis<\/em> \u00bb.<br>C&rsquo;\u00e9tait une f\u00eate joyeuse sans trop de monde si ce n&rsquo;est que des jeunes. L&rsquo;arbre \u00e9tait d\u00e9cor\u00e9 de rubans bleus, blancs et rouges. Le maire tenait l&rsquo;arbre de sa main pendant qu&rsquo;on mettait de la terreau pied et il criait : \u00ab Vive la Libert\u00e9 ! \u00bb. Puis les enfants reprirent en choeur : \u00ab Vive la Libert\u00e9 ! \u00bb. Puis on entonnait le chant de la Marseillaise qu&rsquo;on leur avait appris pour la circonstance et qu&rsquo;on chantait fort mal. Apr\u00e8s, ce fut la Carmagnolle et d&rsquo;autres rondes et on dansa tout autour de l&rsquo;arbre jusqu&rsquo;\u00e0 la tomb\u00e9e de la nuit.<br>Selon Louis S\u00e9bastien Landru, Ma\u00eetre d&rsquo;\u00e9cole \u00e0 Pr\u00e9cy en 1789.<br><\/p>\n\n\n\n<div class=\"wp-block-group has-global-padding is-layout-constrained wp-block-group-is-layout-constrained\">\n<figure class=\"wp-block-image alignright size-full is-resized\"><img loading=\"lazy\" decoding=\"async\" width=\"758\" height=\"547\" src=\"http:\/\/delamarre.net\/wpprecy\/wp-content\/uploads\/2024\/08\/arbre_liberte.jpg\" alt=\"\" class=\"wp-image-208\" style=\"width:311px;height:auto\" srcset=\"https:\/\/histoiredeprecy.com\/wp-content\/uploads\/2024\/08\/arbre_liberte.jpg 758w, https:\/\/histoiredeprecy.com\/wp-content\/uploads\/2024\/08\/arbre_liberte-300x216.jpg 300w\" sizes=\"auto, (max-width: 758px) 100vw, 758px\" \/><figcaption class=\"wp-element-caption\">Plantation de l&rsquo;arbre de la libert\u00e9<\/figcaption><\/figure>\n\n\n\n<p><br><strong>2. Original, non ?<\/strong><br>A la R\u00e9volution Fran\u00e7aise, les habitants de Pr\u00e9cy n&rsquo;ont pas seulement plant\u00e9 un arbre de la Libert\u00e9 mais \u00e9galement un arbre de la <strong>Fraternit\u00e9<\/strong>&#8230; et apr\u00e8s tout, peut-\u00eatre aussi un arbre de l&rsquo;Egalit\u00e9 mais cela, les Archives existantes ne le signalent pas.<br>Sans \u00eatre extr\u00e9mistes comme ceux de la commune de Bresles qui firent condamner \u00e0 mort celui qui avait sci\u00e9 l&rsquo;arbre de la Libert\u00e9, les Pr\u00e9c\u00e9ens publient un arr\u00eat\u00e9 pour prot\u00e9ger leur arbre. Le texte du \u00ab Registre des D\u00e9lib\u00e9rations Communales de Pr\u00e9cy (1793-1808) \u00bb dit exactement ceci :<br>\u00ab<em> Ce jourd&rsquo;hui d\u00e9cady Nivose (Fan II) le Maire, officiers municipaux membres du Conseil G\u00e9n\u00e9ral de la Commune, des membres du Comit\u00e9 de Surveillance en pr\u00e9sence de la Garde Municipale et des Citoyens de la Commune en grand nombre, on a plant\u00e9 l&rsquo;arbre de la Fraternit\u00e9 sur la place publique du march\u00e9 (1) et on a c\u00e9l\u00e9br\u00e9 par des jouissances en m\u00e9moire de la reprise de Toulon (2) et tous les citoyens r\u00e9unis ont port\u00e9 des&#8230; (fleurs ?) \u00e0 la Libert\u00e9, l&rsquo;Egalit\u00e9, la Fraternit\u00e9, aux Braves Sans Culottes de la Montagne et aux d\u00e9fenseurs de la Patrie de laquelle r\u00e9jouissance on a r\u00e9dig\u00e9 le pr\u00e9sent proc\u00e8s verbal les dits jours et on a arr\u00eat\u00e9 que les diff\u00e9rentes inscriptions qui entouraient l&rsquo;arbre de la Fraternit\u00e9 et qui ont \u00e9t\u00e9 attach\u00e9s au dit arbre seront d\u00e9pos\u00e9es dans la Maison Commune et qu&rsquo;incessamment le dit arbre sera entour\u00e9 de piques et treillages afin qu&rsquo; il n&rsquo; y soit port\u00e9 aucune atteinte, et on a chant\u00e9 des hymnes \u00e0 la Patrie<\/em> \u00bb.<br><\/p>\n\n\n\n<div class=\"wp-block-group has-global-padding is-layout-constrained wp-block-group-is-layout-constrained\">\n<figure class=\"wp-block-image alignleft size-full is-resized\"><img loading=\"lazy\" decoding=\"async\" width=\"758\" height=\"517\" src=\"http:\/\/delamarre.net\/wpprecy\/wp-content\/uploads\/2024\/08\/bonaparte_toulon.jpg\" alt=\"\" class=\"wp-image-209\" style=\"width:284px;height:auto\" srcset=\"https:\/\/histoiredeprecy.com\/wp-content\/uploads\/2024\/08\/bonaparte_toulon.jpg 758w, https:\/\/histoiredeprecy.com\/wp-content\/uploads\/2024\/08\/bonaparte_toulon-300x205.jpg 300w\" sizes=\"auto, (max-width: 758px) 100vw, 758px\" \/><figcaption class=\"wp-element-caption\">Bonaparte \u00e0 Toulon<\/figcaption><\/figure>\n\n\n\n<p>Sign\u00e9 &#8211; De Neuilly, Maire.<br>Une autre singularit\u00e9 qu&rsquo;il faut signaler est la fa\u00e7on de voter au Conseil Municipal. Pour les \u00e9lections du 19 Niv\u00f4se de l&rsquo;an second de la R\u00e9publique on proc\u00e9da au vote de la mani\u00e8re suivante : chaque membre de l&rsquo;assembl\u00e9e de Pr\u00e9cy recut deux f\u00e8ves dans la main ; l&rsquo;une blanche, l&rsquo;autre noire. Il fallait d\u00e9poser l&rsquo;une ou l&rsquo;autre dans un chapeau que le citoyen De Neuilly, maire, pr\u00e9sentait \u00e0 chacun.<br>Le 27 Frimaire de l&rsquo;an second, l&rsquo;Assembl\u00e9e Municipale, apr\u00e8s avoir \u00e9cout\u00e9 le Procureur de la Commune, a d\u00e9lib\u00e9r\u00e9 et arr\u00eat\u00e9 que le citoyen De Neuilly, maire et Champion, officier municipal, se rendraient \u00e0 Mello pour y recevoir du Commissaire du Canton ; \u00ab<em> la somme de 4 258 livres pour \u00eatre r\u00e9partie entre les citoyens qui . ont souffert de l&rsquo;ouragan du 8 juillet dernier et devront donner quittance&#8230;<\/em> \u00bb. Solidarit\u00e9 oblige&#8230; sans qu&rsquo;il y ait un imp\u00f4t ou une assurance pour catastrophes naturelles !<br><em>(1) La place du march\u00e9 s&rsquo;appelait Place du Duc de Montmorency. D\u00e9baptis\u00e9e lors de la R\u00e9volution, elle s&rsquo;appellera \u00ab Place des Halles \u00bb jusqu&rsquo;apr\u00e8s la premi\u00e8re guerre mondiale, o\u00f9 celle prit la d\u00e9nomination \u00ab Place de Verdun \u00bb.<\/em><br><em>(2) En 1793, les Royalistes livr\u00e8rent le port de Toulon aux Anglais mais Dugommier, aid\u00e9 par Bonaparte, le leur reprit.<\/em><br><br><\/p>\n\n\n\n<div class=\"wp-block-group has-global-padding is-layout-constrained wp-block-group-is-layout-constrained\">\n<figure class=\"wp-block-image alignright size-full is-resized\"><img loading=\"lazy\" decoding=\"async\" width=\"779\" height=\"600\" src=\"http:\/\/delamarre.net\/wpprecy\/wp-content\/uploads\/2024\/08\/p77_Carte_de_la_premiere_croisade.jpg\" alt=\"\" class=\"wp-image-210\" style=\"width:328px;height:auto\" srcset=\"https:\/\/histoiredeprecy.com\/wp-content\/uploads\/2024\/08\/p77_Carte_de_la_premiere_croisade.jpg 779w, https:\/\/histoiredeprecy.com\/wp-content\/uploads\/2024\/08\/p77_Carte_de_la_premiere_croisade-300x231.jpg 300w, https:\/\/histoiredeprecy.com\/wp-content\/uploads\/2024\/08\/p77_Carte_de_la_premiere_croisade-768x592.jpg 768w\" sizes=\"auto, (max-width: 779px) 100vw, 779px\" \/><figcaption class=\"wp-element-caption\">Carte de la 1\u00e8re croisade<\/figcaption><\/figure>\n\n\n\n<p><strong>3. Reliques et reliquaires de Pr\u00e9cy<\/strong><br>Dans son histoire de la premi\u00e8re Croisade, Pierre de Nogent raconte comment Philippe de Pr\u00e9cy, s&rsquo;\u00e9tait crois\u00e9 sous Roger II, \u00e9v\u00eaque de Beauvais (1095), qui s&rsquo;enr\u00f4la avec un grand nombre de chevaliers tels que Renard de Beauvais, Dreux de Mouchy, Cl\u00e9rambaud de Vendeuil, Mathieu de Clermont, Walon de Chaumont etc&#8230;<br>A son retour des croisades, Philippe de Pr\u00e9cy rapporta plusieurs reliques parmi lesquelles un morceau de la Croix du Christ.<br>On sait qu&rsquo;en 326, sainte H\u00e9l\u00e8ne, m\u00e8re de l&rsquo;Empereur Constantin, avait d\u00e9couvert les reliques de la Passion du Christ. A partir de ce moment l\u00e0, un certain nombre de grands seigneurs, venus en p\u00e9lerins \u00e0 J\u00e9rusalem, rapport\u00e8rent une relique en souvenir. Le fait n&rsquo;\u00e9tait pas rare. Les reliques \u00e9taient \u00e0 la mode. Ce fut le cas de Lancelin de Dammartin, Seigneur de Villers, qui en 1060 revint de p\u00e8lerinage \u00e0 J\u00e9rusalem avec un carreau provenant du Saint S\u00e9pulcre. Depuis ce temps l\u00e0, Villers fut baptis\u00e9 : \u00ab Villers-Saint-S\u00e9pulcre \u00bb.<br><\/p>\n\n\n\n<div class=\"wp-block-group has-global-padding is-layout-constrained wp-block-group-is-layout-constrained\">\n<figure class=\"wp-block-image alignleft size-full is-resized\"><img loading=\"lazy\" decoding=\"async\" width=\"400\" height=\"300\" src=\"http:\/\/delamarre.net\/wpprecy\/wp-content\/uploads\/2024\/08\/p77_eglise_du_st_sepulcre.jpg\" alt=\"\" class=\"wp-image-212\" style=\"width:287px;height:auto\" srcset=\"https:\/\/histoiredeprecy.com\/wp-content\/uploads\/2024\/08\/p77_eglise_du_st_sepulcre.jpg 400w, https:\/\/histoiredeprecy.com\/wp-content\/uploads\/2024\/08\/p77_eglise_du_st_sepulcre-300x225.jpg 300w\" sizes=\"auto, (max-width: 400px) 100vw, 400px\" \/><figcaption class=\"wp-element-caption\">L&rsquo;\u00e9glise du St S\u00e9pulcre<\/figcaption><\/figure>\n\n\n\n<p>On peut ais\u00e9ment deviner avec quel enthousiasme Philippe de Pr\u00e9cy fut accueilli \u00e0 son retour de Terre Sainte. On \u00e9tait friand de reliques sans se poser de questions au sujet de leur authenticit\u00e9.<br>Alors que certaines reliques sont rest\u00e9es longtemps en la chapelle du ch\u00e2teau, celle de la Sainte Croix a toujours \u00e9t\u00e9 v\u00e9n\u00e9r\u00e9e en l&rsquo;\u00e9glise et ceci d\u00e8s le XIII\u00e8me si\u00e8cle selon le chroniqueur.<br>C&rsquo;est sans doute \u00e0 la pr\u00e9sence de cette relique que l&rsquo;Eglise doit son titre de Coll\u00e9giale puisque \u00ab<em> la chapelle du grand autel \u00e9tait de Sainte Croix<\/em> \u00bb.<br>Au XVIII\u00e8me si\u00e8cle, la Duchesse de Montmorency-Luxembourg, ch\u00e2telaine de Pr\u00e9cy, offrit les reliques du ch\u00e2teau \u00e0 l&rsquo;\u00e9glise paroissiale. Le Cardinal Forbin Janson, \u00e9v\u00eaque de Beauvais, les a \u00ab reconnues \u00bb &#8211; \u00ab <em>sur t\u00e9moignage des seigneurs de Pr\u00e9cy et selon la tradition s\u00e9culaire locale<\/em> \u00bb (4 mai 1694).<br>Ceci ne donne pas pour autant la certitude absolue de l&rsquo;authenticit\u00e9 de ces reliques. \u00ab Reconna\u00eetre \u00bb ne signifie pas \u00ab authentifier \u00bb et une certitude morale n&rsquo;est jamais une certitude absolue.<br>Les archives paroissiales pr\u00e9cisent que ces reliques \u00e9taient enferm\u00e9es dans \u00ab <em>deux bo\u00eetes en bois pr\u00e9cieux, elles-m\u00eames encastr\u00e9es dans des ch\u00e2sses d&rsquo;argent dor\u00e9, orn\u00e9es de gemmes et d&rsquo;\u00e9maux o\u00f9 figuraient les armoiries des Pr\u00e9cy<\/em> \u00bb.<br><\/p>\n\n\n\n<div class=\"wp-block-group has-global-padding is-layout-constrained wp-block-group-is-layout-constrained\">\n<figure class=\"wp-block-image alignright size-full is-resized\"><img loading=\"lazy\" decoding=\"async\" width=\"320\" height=\"350\" src=\"http:\/\/delamarre.net\/wpprecy\/wp-content\/uploads\/2024\/08\/19e_couronne-epines.jpg\" alt=\"\" class=\"wp-image-213\" style=\"width:233px;height:auto\" srcset=\"https:\/\/histoiredeprecy.com\/wp-content\/uploads\/2024\/08\/19e_couronne-epines.jpg 320w, https:\/\/histoiredeprecy.com\/wp-content\/uploads\/2024\/08\/19e_couronne-epines-274x300.jpg 274w\" sizes=\"auto, (max-width: 320px) 100vw, 320px\" \/><figcaption class=\"wp-element-caption\">La sainte couronne d&rsquo;\u00e9pines<\/figcaption><\/figure>\n\n\n\n<p>Lors de la R\u00e9volution Fran\u00e7aise de 1789, \u00ab ces souvenirs de la noblesse \u00bb furent jet\u00e9s dans le feu de joie qu&rsquo;on avait allum\u00e9 dans le cimeti\u00e8re autour de l&rsquo;Eglise. On y avait \u00e9galement br\u00fbl\u00e9 les stalles et boiseries sur lesquelles \u00e9taient sculpt\u00e9es les armoiries des seigneurs de Pr\u00e9cy.<br>Le chroniqueur ne dit pas que les ch\u00e2sses furent vendues mais cela semble \u00e9vident.<br>\u00ab <em>A la tomb\u00e9e de la nuit, le ma\u00eetre d&rsquo;\u00e9cole alla voir le brasier et s&rsquo;aper\u00e7ut que les reliques n&rsquo;avaient pas \u00e9t\u00e9 touch\u00e9es par le feu. Il les arracha au brasier et les garda chez lui jusqu&rsquo;au retour du cur\u00e9 qui \u00e9tait retenu prisonnier au ch\u00e2teau de Chantilly<\/em> \u00bb.<br>Un de ses successeurs, l&rsquo;Abb\u00e9 Robert, \u00ab <em>aimant le beau<\/em> \u00bb fit faire les reliquaires actuels (1830). Ils sont de style n\u00e9o-gothique et faits en cuivre dor\u00e9.<br>La relique de la Sainte Croix par contre a toujours \u00e9t\u00e9 l&rsquo;objet d&rsquo;une v\u00e9n\u00e9ration particuli\u00e8re et semble n&rsquo;avoir jamais \u00e9t\u00e9 inclue dans l&rsquo;une des deux ch\u00e2sses pr\u00e9cieuses contenant des fragments d&rsquo;ossements des Saints Martyrs Vital, Clair, Evagre, Arator et Vincence.<br><\/p>\n\n\n\n<div class=\"wp-block-group has-global-padding is-layout-constrained wp-block-group-is-layout-constrained\">\n<figure class=\"wp-block-image alignleft size-full is-resized\"><img loading=\"lazy\" decoding=\"async\" width=\"296\" height=\"400\" src=\"http:\/\/delamarre.net\/wpprecy\/wp-content\/uploads\/2024\/08\/reliquaire18e_av_ste_croix_p.jpg\" alt=\"\" class=\"wp-image-215\" style=\"width:226px;height:auto\" srcset=\"https:\/\/histoiredeprecy.com\/wp-content\/uploads\/2024\/08\/reliquaire18e_av_ste_croix_p.jpg 296w, https:\/\/histoiredeprecy.com\/wp-content\/uploads\/2024\/08\/reliquaire18e_av_ste_croix_p-222x300.jpg 222w\" sizes=\"auto, (max-width: 296px) 100vw, 296px\" \/><figcaption class=\"wp-element-caption\">Relique et reliquaire n\u00e9o-gothique de la Ste Croix \u00e0 Pr\u00e9cy<\/figcaption><\/figure>\n\n\n\n<p>La relique de la Sainte Croix est minuscule et fut encastr\u00e9e dans un petit reliquaire en vermeil poin\u00e7onn\u00e9 \u00e0 la t\u00eate de sanglier. Une couronne d&rsquo;\u00e9pines en argent est sa seule ornementation. Elle rappelle la couronne d&rsquo;\u00e9pines qui entoure l&rsquo;\u00e9cu de Philippe de Pr\u00e9cy, chevalier, s\u00e9n\u00e9chal et gouverneur des fronti\u00e8res de Flandre, dont le sceau, appos\u00e9 sur une quittance dat\u00e9e de 1317 est conserv\u00e9 aux Archives nationales. Pierre Gambier l&rsquo;a reproduit dans son livret \u00ab <em>Pr\u00e9cy en Isle de France<\/em> \u00bb (1953), page 35. Les seigneurs de Pr\u00e9cy devaient \u00eatre attach\u00e9s \u00e0 cet embl\u00e8me de la Passion. Deux de leurs anc\u00eatres s&rsquo;\u00e9taient crois\u00e9s ; l&rsquo;un \u00e0 la premi\u00e8re et l&rsquo;autre \u00e0 la sixi\u00e8me croisade.<br>A l&rsquo;int\u00e9rieur du couvercle en vermeil figure un Christ en croix avec \u00e0 ses pieds Marie Madeleine \u00e0 genoux.<br>Le 30 ao\u00fbt 1861, le Cardinal Fran\u00e7ois Nicolas Morlot, archev\u00eaque de Paris, fit \u00ab reconna\u00eetre \u00bb (recognovimus) cette relique de la Sainte Croix et y apposa son petit sceau. (\u00ab <em>sigilloque nostro minimo obsignavimus<\/em> \u00bb).<br>Ce petit reliquaire est pr\u00e9sent\u00e9 entre deux disques de verre, dans un ostensoir du XVIII\u00e8me si\u00e8cle repr\u00e9sentant un soleil rayonnant qui surgit d&rsquo;une gerbe de bl\u00e9 o\u00f9 s&rsquo;entrem\u00ealent des grappes de raisin. La lunule est entour\u00e9e d&rsquo;un nuage avec quatre t\u00eates d&rsquo;anges. Le n\u0153ud est lui aussi une composition autour de deux t\u00eates d&rsquo;angelots. Le pied comporte des d\u00e9corations autour d&rsquo;un triangle, symbole du Dieu Trinitaire. Le tout repose sur quatre pattes griff\u00e9es.<br>Encore maintenant, chaque ann\u00e9e, le jour du Vendredi Saint, anniversaire de la mort du Christ, cette relique est propos\u00e9e \u00e0 la v\u00e9n\u00e9ration des chr\u00e9tiens de Pr\u00e9cy.<br><br><strong>4. Le retable de Pr\u00e9cy<\/strong><br><\/p>\n\n\n\n<div class=\"wp-block-group has-global-padding is-layout-constrained wp-block-group-is-layout-constrained\">\n<figure class=\"wp-block-image alignright size-full is-resized\"><img loading=\"lazy\" decoding=\"async\" width=\"400\" height=\"291\" src=\"http:\/\/delamarre.net\/wpprecy\/wp-content\/uploads\/2024\/08\/retable_roman_xiiie_p-1.jpg\" alt=\"\" class=\"wp-image-217\" style=\"width:298px;height:auto\" srcset=\"https:\/\/histoiredeprecy.com\/wp-content\/uploads\/2024\/08\/retable_roman_xiiie_p-1.jpg 400w, https:\/\/histoiredeprecy.com\/wp-content\/uploads\/2024\/08\/retable_roman_xiiie_p-1-300x218.jpg 300w\" sizes=\"auto, (max-width: 400px) 100vw, 400px\" \/><figcaption class=\"wp-element-caption\">Le retable de Pr\u00e9cy<\/figcaption><\/figure>\n\n\n\n<p>Un retable est un ornement d&rsquo;architecture, de sculpture ou de peinture ex\u00e9cut\u00e9 en retrait de la table d&rsquo;autel. Le retable de l&rsquo;ancien ma\u00eetre-autel du XIII\u00e8me si\u00e8cle est une sculpture sur pierre dont la pi\u00e8ce principale est un bas-relief. Les sp\u00e9cialistes estiment que ce qui nous reste aujourd&rsquo;hui (1989) est une recomposition \u00e0 partir d&rsquo;\u00e9l\u00e9ments d&rsquo;\u00e9poques diff\u00e9rentes.<br>Les petites colonnes sont les pi\u00e8ces les plus antiques. La partie sup\u00e9rieure repr\u00e9sentant le Christ en croix, entour\u00e9 de la Vierge et de saint Jean escort\u00e9s par les ap\u00f4tres Pierre et Paul, patrons de la Coll\u00e9giale de Pr\u00e9cy, eux-m\u00eames accompagn\u00e9s par les ap\u00f4tres Jacques et Barnab\u00e9 ; elle est pos\u00e9e sur un ensemble d\u00e9coratif plus tardif.<br>Les archives paroissiales signalent que vers 1842, le cur\u00e9 Decaux fit \u00ab <em>restaurer<\/em> \u00bb les autels de la sainte Vierge et de saint Louis. En effet, les autels avaient \u00e9t\u00e9 \u00ab <em>bris\u00e9s<\/em> \u00bb au cours de la tourmente r\u00e9volutionnaire. Si on ne parle pas de la restauration du ma\u00eetre-autel, c&rsquo;est que celui-ci a sans doute \u00e9t\u00e9 ab\u00eem\u00e9 au point qu&rsquo;ils ont d\u00e9cid\u00e9 de l&rsquo;enterrer conform\u00e9ment aux lois de l&rsquo;Eglise en pareil cas. Le Droit canonique reprend ces prescriptions.<br><\/p>\n\n\n\n<div class=\"wp-block-group has-global-padding is-layout-constrained wp-block-group-is-layout-constrained\">\n<figure class=\"wp-block-image alignleft size-full is-resized\"><img loading=\"lazy\" decoding=\"async\" width=\"292\" height=\"400\" src=\"http:\/\/delamarre.net\/wpprecy\/wp-content\/uploads\/2024\/08\/cure_decaux_p.jpg\" alt=\"\" class=\"wp-image-219\" style=\"width:195px;height:auto\" srcset=\"https:\/\/histoiredeprecy.com\/wp-content\/uploads\/2024\/08\/cure_decaux_p.jpg 292w, https:\/\/histoiredeprecy.com\/wp-content\/uploads\/2024\/08\/cure_decaux_p-219x300.jpg 219w\" sizes=\"auto, (max-width: 292px) 100vw, 292px\" \/><figcaption class=\"wp-element-caption\">L&rsquo;abb\u00e9 Decaux<\/figcaption><\/figure>\n\n\n\n<p>On sait qu&rsquo;en avril 1851, en exhumant les corps du cimeti\u00e8re autour de l&rsquo;Eglise pour les transporter au nouveau cimeti\u00e8re sur la route de Neuilly-en-Thelle, on d\u00e9couvrit le retable.<br>Pr\u00e9tendre que le Pr\u00e9c\u00e9ens l&rsquo;avaient enterr\u00e9 \u00ab <em>pour qu&rsquo;il \u00e9chappe aux destructions des pioches r\u00e9volutionnaires<\/em> \u00bb me semble invraisemblable pour la bonne raison que le cur\u00e9 n&rsquo;a m\u00eame pas eu le tempsde cacher l&rsquo;argenterie et les vases sacr\u00e9s de l&rsquo;\u00e9glise ce qui est certainement plus facile que de d\u00e9monter et de cacher ce lourd retable en pierre.<br>Pourquoi d&rsquo;ailleurs le cur\u00e9 Decaux ne l&rsquo;aurait-il pas fait \u00ab <strong>restaurer<\/strong> \u00bb comme il fit pour les deux autres autels ? Pourquoi en 1873, le cur\u00e9 Chambay ouvre-t-il alors une souscription pour \u00ab <strong>reconstruire<\/strong> \u00bb les trois autels bris\u00e9s au cours du vandalisme r\u00e9volutionnaire de 1793 ?<br>Pourquoi l&rsquo;architecte Viollet-le-Duc &#8211; expert en restaurations de tout ordre &#8211; a-t-il pr\u00e9f\u00e9r\u00e9 doter notre \u00e9glise d&rsquo;un nouvel autel sorti de ses cartons en m\u00eame temps que le portail lat\u00e9ral ?<br>Les r\u00e9ponses renvoient de toute \u00e9vidence \u00e0 l&rsquo;explication que j&rsquo;ai donn\u00e9e.<\/p>\n<\/div>\n<\/div>\n<\/div>\n<\/div>\n<\/div>\n<\/div>\n<\/div>\n<\/div>\n<\/div>\n<\/div>\n\n\n\n<p><a><\/a><strong>Ce qui disparut dans le vandalisme r\u00e9volutionnaire \u00e0 Pr\u00e9cy<\/strong><\/p>\n\n\n\n<p><\/p>\n\n\n\n<div class=\"wp-block-group has-global-padding is-layout-constrained wp-block-group-is-layout-constrained\">\n<figure class=\"wp-block-image alignright size-full is-resized\"><img loading=\"lazy\" decoding=\"async\" width=\"600\" height=\"838\" src=\"http:\/\/delamarre.net\/wpprecy\/wp-content\/uploads\/2024\/08\/21_bois_st_sebastien_p.jpg\" alt=\"\" class=\"wp-image-220\" style=\"width:234px;height:auto\" srcset=\"https:\/\/histoiredeprecy.com\/wp-content\/uploads\/2024\/08\/21_bois_st_sebastien_p.jpg 600w, https:\/\/histoiredeprecy.com\/wp-content\/uploads\/2024\/08\/21_bois_st_sebastien_p-215x300.jpg 215w\" sizes=\"auto, (max-width: 600px) 100vw, 600px\" \/><figcaption class=\"wp-element-caption\">Bois polychrome de 1754 repr\u00e9sentant St S\u00e9bastien<\/figcaption><\/figure>\n\n\n\n<div class=\"wp-block-group has-global-padding is-layout-constrained wp-block-group-is-layout-constrained\">\n<p>&#8211; La statue du Dieu de Piti\u00e9. Ecce Homo du XV\u00e8me si\u00e8cle en pierre au lieu dit \u00ab Dieu de Piti\u00e9 \u00bb.<br>&#8211; La niche et la statue de saint Germer : statue en pierre du XVI\u00e8me si\u00e8cle au coin de la rue Saint-Germer.<br>&#8211; La statue de saint Pierre. Bas relief dans le champ dit de \u00ab Saint-Pierre \u00bb.<br>&#8211; La statue de saint Vincent au coin du clos des moines.<br>&#8211; Les archers r\u00e9ussirent \u00e0 cacher la statue de leur patron saint S\u00e9bastien qui ornait le fronton du b\u00e2timent de l&rsquo;archerie.<br>&#8211; On enleva la croix de la terre des pr\u00eatres, de la vigne du c\u00f4teau et de la blanche voie.<br>&#8211; On vendit trois cloches pour la fonte.<br>&#8211; On enleva le coq du clocher.<br>&#8211; On brisa les trois autels de l&rsquo;Eglise dont le retable du XIII\u00e8me si\u00e8cle.<br>&#8211; On brisa le gisant et le tombeau de marbre du Seigneur de Pr\u00e9cy.<br><\/p>\n\n\n\n<figure class=\"wp-block-image alignleft size-full is-resized\"><img loading=\"lazy\" decoding=\"async\" width=\"1000\" height=\"652\" src=\"http:\/\/delamarre.net\/wpprecy\/wp-content\/uploads\/2024\/08\/12p_coq_clocher_p.jpg\" alt=\"\" class=\"wp-image-221\" style=\"width:316px;height:auto\" srcset=\"https:\/\/histoiredeprecy.com\/wp-content\/uploads\/2024\/08\/12p_coq_clocher_p.jpg 1000w, https:\/\/histoiredeprecy.com\/wp-content\/uploads\/2024\/08\/12p_coq_clocher_p-300x196.jpg 300w, https:\/\/histoiredeprecy.com\/wp-content\/uploads\/2024\/08\/12p_coq_clocher_p-768x501.jpg 768w\" sizes=\"auto, (max-width: 1000px) 100vw, 1000px\" \/><figcaption class=\"wp-element-caption\">Le coq du clocher<\/figcaption><\/figure>\n<\/div>\n\n\n\n<p>&#8211; On vendit les huit cercueils de plomb des seigneurs de Pr\u00e9cy.<br>&#8211; On effa\u00e7a la litre peinte au-dessus des colonnes de la nef centrale de l&rsquo;\u00e9glise. (On en voit encore quelques traces pr\u00e8s de l&rsquo;orgue).<br>&#8211; Un ornement chape de tapisserie aux fils d&rsquo;or du XV\u00e8me si\u00e8cle et deux ornements en drap d&rsquo;or aux brocarts furent vendus \u00e0 Paris.<br>&#8211; \u00ab Un Missel d&rsquo;autel, incunable illustr\u00e9 de miniatures et d&rsquo;enluminures et dont les plats \u00e9taient recouverts de plaques d&rsquo;ivoires sculpt\u00e9es, entour\u00e9es de pierres pr\u00e9cieuses en cabochon \u00bb (vendu, br\u00fbl\u00e9, vol\u00e9&#8230;?).<br>&#8211; Dans le feu de joie allum\u00e9 dans le cimeti\u00e8re devant l&rsquo;\u00e9glise, on jeta les reliques, les tables et boiseries du XVI\u00e8me si\u00e8cle o\u00f9 figuraient les diff\u00e9rents \u00e9cus et armoiries des Seigneurs de Pr\u00e9cy, le banc d&rsquo;\u0153uvre orn\u00e9 de figurines et de fleurs de lys (XVI\u00e8me si\u00e8cle &#8211; il en reste quelques planches), des bancs d&rsquo;\u00e9glise, les registres, parchemins et archives de la paroisse&#8230;<br>&#8211; On vendit \u00ab <em>deux ch\u00e2sses d&rsquo;orf\u00e8vrerie orn\u00e9es de gemmes et d&rsquo;\u00e9maux o\u00f9 figuraient les armoiries des Pr\u00e9cy<\/em> \u00bb. (XIII\u00e8me si\u00e8cle).<br>&#8211; On vendit \u00ab <em>un ostensoir en argent, deux calices, des boites aux saintes huiles, deux chandeliers en argent, une croix de procession, un instrument de Paix aux effigies de saint Pierre et saint Paul ; le tout pour 55 marcs 2 onces d&rsquo;argent<\/em> \u00bb.<br>&#8211; Deux tapisseries de Beauvais du XVIII\u00e8me si\u00e8cle, l&rsquo;une repr\u00e9sentant saint Pierre d\u00e9livr\u00e9 de sa prison, l&rsquo;autre saint Paul terrass\u00e9 de son cheval, sur le chemin de Damas.<br><\/p>\n\n\n\n<div class=\"wp-block-group has-global-padding is-layout-constrained wp-block-group-is-layout-constrained\">\n<figure class=\"wp-block-image alignright size-large is-resized\"><img loading=\"lazy\" decoding=\"async\" width=\"731\" height=\"1024\" src=\"http:\/\/delamarre.net\/wpprecy\/wp-content\/uploads\/2024\/08\/22_cardinal_de_belloy_p-731x1024.jpg\" alt=\"\" class=\"wp-image-223\" style=\"width:212px;height:auto\" srcset=\"https:\/\/histoiredeprecy.com\/wp-content\/uploads\/2024\/08\/22_cardinal_de_belloy_p-731x1024.jpg 731w, https:\/\/histoiredeprecy.com\/wp-content\/uploads\/2024\/08\/22_cardinal_de_belloy_p-214x300.jpg 214w, https:\/\/histoiredeprecy.com\/wp-content\/uploads\/2024\/08\/22_cardinal_de_belloy_p-768x1075.jpg 768w, https:\/\/histoiredeprecy.com\/wp-content\/uploads\/2024\/08\/22_cardinal_de_belloy_p.jpg 800w\" sizes=\"auto, (max-width: 731px) 100vw, 731px\" \/><figcaption class=\"wp-element-caption\">Le Cardinal de Belloy, ag\u00e9, archev\u00eaque de Paris<\/figcaption><\/figure>\n\n\n\n<p><br><strong>Vente des biens de l&rsquo;\u00e9glise<\/strong><br>N\u00b0 20 &#8211; Le 3 janvier 1791. Vente d&rsquo;une terre appartenant \u00e0 la cure de Pr\u00e9cy, situ\u00e9e \u00e0 Pr\u00e9cy, vendue \u00e0 Jean Tardu, notaire \u00e0 Pr\u00e9cy pour 2 425 livres.<br>N\u00b0 21 &#8211; Le 3 janvier 1791. Vente d&rsquo;une terre appartenant \u00e0 la Chapelle de Pr\u00e9cy, situ\u00e9e \u00e0 Pr\u00e9cy, vendue \u00e0 Jacques Rouard cur\u00e9 d&rsquo;Aumont pour 8 100 livres.<br>N\u00b0 251 &#8211; Le 22 avril 1791. Vente du corps de ferme appartenant \u00e0 l&rsquo;Abbaye de Royaumont, situ\u00e9 \u00e0 Pr\u00e9cy, vendu au citoyen Jean Tardu, notaire \u00e0 Pr\u00e9cy pour 1 650 livres.<br>N\u00b0 508 &#8211; Le 4 ao\u00fbt 1792. Vente de la vigne appartenant \u00e0 la cure de Pr\u00e9cy, situ\u00e9 \u00e0 Pr\u00e9cy, vendue \u00e0 Florent Delaunoy, cur\u00e9 de Pr\u00e9cy pour 1 000 livres.<br>N\u00b0 556 &#8211; Le 22 d\u00e9cembre 1792. Vente des terres appartenant \u00e0 la Fabrique de l&rsquo;Eglise de Pr\u00e9cy, situ\u00e9es \u00e0 Pr\u00e9cy, et vendues au notaire Tardu pour 11 500 livres.<\/p>\n<\/div>\n<\/div>\n\n\n\n<div class=\"wp-block-group has-global-padding is-layout-constrained wp-block-group-is-layout-constrained\">\n<figure class=\"wp-block-image alignleft size-full is-resized\"><img loading=\"lazy\" decoding=\"async\" width=\"186\" height=\"249\" src=\"http:\/\/delamarre.net\/wpprecy\/wp-content\/uploads\/2024\/08\/p_pierre_louis_rochefoucauld.jpg\" alt=\"\" class=\"wp-image-224\" style=\"width:187px;height:auto\"\/><figcaption class=\"wp-element-caption\">Pierre Louis de la Rochefoucauld<\/figcaption><\/figure>\n\n\n\n<p><br><strong>Confirmations<\/strong><br>25 septembre 1795<br>Confirmations en l&rsquo;\u00e9glise de Pr\u00e9cy par Monseigneur Jean-Baptiste de Belloy, futur cardinal-archev\u00eaque de Paris (1708-1808). Il \u00e9tait n\u00e9 \u00e0 Morangles sur le plateau de Thelle dans le d\u00e9partement de l&rsquo;Oise. Le si\u00e8ge de Beauvais \u00e9tait vacant. L&rsquo;Ev\u00eaque comte Jean-Fran\u00e7ois de la Rochefoucauld, victime de la vindicte r\u00e9volutionnaire venait d&rsquo;\u00eatre martyris\u00e9 au couvent des Carmes \u00e0 Paris, le dimanche 2 septembre 1792, son fr\u00e8re, Pierre Louis de la Rochefoucauld, \u00e9v\u00eaque de Saintes, l&rsquo;\u00e9v\u00eaque d&rsquo;Arles ainsi que quatre pr\u00eatres du dioc\u00e8se de Beauvais parmi lesquels le chanoine Pierre Brisse, ancien cur\u00e9 de Boran, figurent parmi les 191 martyrs massacr\u00e9s au couvent des Carmes. Le Pape Pie XI les a inscrits au catalogue des Bienheureux. C&rsquo;est pendant cette p\u00e9riode trouble que Mgr de Belloy, toujours pr\u00eat \u00e0 rendre service malgr\u00e9 son grand \u00e2ge, vint confirmer les enfants de Pr\u00e9cy et ceci \u00e0 la demande de Monsieur l&rsquo;Abb\u00e9 Delaunoy, cur\u00e9 de Pr\u00e9cy, revenu depuis peu du ch\u00e2teau de Chantilly o\u00f9 il avait \u00e9t\u00e9 d\u00e9tenu avec des pr\u00eatres, nobles et autres citoyens jusqu&rsquo;\u00e0 la chute de Robespierre.<\/p>\n<\/div>\n","protected":false},"excerpt":{"rendered":"<p>Annexes 1. L&rsquo;arbre de la Libert\u00e9 \u00ab Quand il \u00e9tait question de planter l&rsquo;arbre de la Libert\u00e9, les membres de la nouvelle municipalit\u00e9 furent fort divis\u00e9s. Quelqu&rsquo;un sugg\u00e9rait qu&rsquo;on plante un ch\u00eane puisque c&rsquo; est un arbre qui traverse les si\u00e8cles mais on trouva que le ch\u00eane rappelait trop la royaut\u00e9 avec Saint-Louis pronon\u00e7ant la [&hellip;]<\/p>\n","protected":false},"author":1,"featured_media":0,"comment_status":"closed","ping_status":"open","sticky":false,"template":"","format":"standard","meta":{"footnotes":""},"categories":[1],"tags":[],"class_list":["post-202","post","type-post","status-publish","format-standard","hentry","category-non-classe"],"_links":{"self":[{"href":"https:\/\/histoiredeprecy.com\/index.php\/wp-json\/wp\/v2\/posts\/202","targetHints":{"allow":["GET"]}}],"collection":[{"href":"https:\/\/histoiredeprecy.com\/index.php\/wp-json\/wp\/v2\/posts"}],"about":[{"href":"https:\/\/histoiredeprecy.com\/index.php\/wp-json\/wp\/v2\/types\/post"}],"author":[{"embeddable":true,"href":"https:\/\/histoiredeprecy.com\/index.php\/wp-json\/wp\/v2\/users\/1"}],"replies":[{"embeddable":true,"href":"https:\/\/histoiredeprecy.com\/index.php\/wp-json\/wp\/v2\/comments?post=202"}],"version-history":[{"count":11,"href":"https:\/\/histoiredeprecy.com\/index.php\/wp-json\/wp\/v2\/posts\/202\/revisions"}],"predecessor-version":[{"id":1828,"href":"https:\/\/histoiredeprecy.com\/index.php\/wp-json\/wp\/v2\/posts\/202\/revisions\/1828"}],"wp:attachment":[{"href":"https:\/\/histoiredeprecy.com\/index.php\/wp-json\/wp\/v2\/media?parent=202"}],"wp:term":[{"taxonomy":"category","embeddable":true,"href":"https:\/\/histoiredeprecy.com\/index.php\/wp-json\/wp\/v2\/categories?post=202"},{"taxonomy":"post_tag","embeddable":true,"href":"https:\/\/histoiredeprecy.com\/index.php\/wp-json\/wp\/v2\/tags?post=202"}],"curies":[{"name":"wp","href":"https:\/\/api.w.org\/{rel}","templated":true}]}}