{"id":231,"date":"2024-08-05T09:20:20","date_gmt":"2024-08-05T07:20:20","guid":{"rendered":"http:\/\/delamarre.net\/wpprecy\/?p=231"},"modified":"2024-08-05T09:20:20","modified_gmt":"2024-08-05T07:20:20","slug":"preface","status":"publish","type":"post","link":"https:\/\/histoiredeprecy.com\/index.php\/2024\/08\/05\/preface\/","title":{"rendered":"Pr\u00e9face"},"content":{"rendered":"\n<p><\/p>\n\n\n\n<p>PR\u00c9CY au bord de l&rsquo;Oise<\/p>\n\n\n\n<p><\/p>\n\n\n\n<figure class=\"wp-block-image size-large is-resized\"><img loading=\"lazy\" decoding=\"async\" width=\"1024\" height=\"763\" src=\"http:\/\/delamarre.net\/wpprecy\/wp-content\/uploads\/2024\/08\/02_precy_fil_eau-1024x763.jpg\" alt=\"\" class=\"wp-image-232\" style=\"width:591px;height:auto\" srcset=\"https:\/\/histoiredeprecy.com\/wp-content\/uploads\/2024\/08\/02_precy_fil_eau-1024x763.jpg 1024w, https:\/\/histoiredeprecy.com\/wp-content\/uploads\/2024\/08\/02_precy_fil_eau-300x223.jpg 300w, https:\/\/histoiredeprecy.com\/wp-content\/uploads\/2024\/08\/02_precy_fil_eau-768x572.jpg 768w, https:\/\/histoiredeprecy.com\/wp-content\/uploads\/2024\/08\/02_precy_fil_eau-1536x1144.jpg 1536w, https:\/\/histoiredeprecy.com\/wp-content\/uploads\/2024\/08\/02_precy_fil_eau.jpg 2005w\" sizes=\"auto, (max-width: 1024px) 100vw, 1024px\" \/><figcaption class=\"wp-element-caption\">Precy au fil de l&rsquo;eau<\/figcaption><\/figure>\n\n\n\n<p><em>Photo d&rsquo;une aquarelle de C. SPEYBROECK<\/em><\/p>\n\n\n\n<p><br>Que reste-t-il de Pr\u00e9cy-plage d&rsquo;antan quand chaque ann\u00e9e on versait des tonnes de sable fin sur les berges pr\u00e8s du Pont devant la ferme de la Sablonni\u00e8re, o\u00f9 l&rsquo;on avait install\u00e9 des cabines de bain dont deux \u00e9taient gratuites ? (1929-1939)<br>Que de fl\u00e2neries en ce lieu, que de baignades, de plongeons, de cris et de rires d&rsquo;enfants ; que de r\u00eaveries, de bisous et d&rsquo;\u00e9treintes amoureuses s&rsquo;y sont m\u00eal\u00e9s aux fr\u00e9missements des peupliers et des vagues fuyantes de l&rsquo;Oise ! Que de p\u00e9niches et de petits bateaux y ont accost\u00e9 \u2014 comme l&rsquo;\u00e9crivain STEVENSON \u2014 le temps d&rsquo;une d\u00e9tente po\u00e9tique parmi les quelques cygnes et canards qui se prom\u00e8nent sur l&rsquo;eau.<br>Qu&rsquo;est devenu le bateau-lavoir, t\u00e9moin des rires, confidences et lessives manuelles de nos grands-m\u00e8res, m\u00e8res, lavandi\u00e8res et comm\u00e8res ?<br>Berges de l&rsquo;Oise, o\u00f9 tant de p\u00eacheurs silencieux ont jet\u00e9 l&rsquo;hame\u00e7on, o\u00f9 des peintres comme Jules Duprez, St\u00e9phane Leroy, Andr\u00e9 Delaistre et Antoine-Eug\u00e8ne Lambert de l&rsquo;\u00e9cole de Barbizon ont install\u00e9 leur chevalet, que dites-vous aujourd&rsquo;hui de ce <em>bordeloise<\/em> o\u00f9 longent les trains, polluent les voitures et vrombissent les motos ?<\/p>\n","protected":false},"excerpt":{"rendered":"<p>PR\u00c9CY au bord de l&rsquo;Oise Photo d&rsquo;une aquarelle de C. SPEYBROECK Que reste-t-il de Pr\u00e9cy-plage d&rsquo;antan quand chaque ann\u00e9e on versait des tonnes de sable fin sur les berges pr\u00e8s du Pont devant la ferme de la Sablonni\u00e8re, o\u00f9 l&rsquo;on avait install\u00e9 des cabines de bain dont deux \u00e9taient gratuites ? (1929-1939)Que de fl\u00e2neries en [&hellip;]<\/p>\n","protected":false},"author":1,"featured_media":0,"comment_status":"closed","ping_status":"open","sticky":false,"template":"","format":"standard","meta":{"footnotes":""},"categories":[1],"tags":[],"class_list":["post-231","post","type-post","status-publish","format-standard","hentry","category-non-classe"],"_links":{"self":[{"href":"https:\/\/histoiredeprecy.com\/index.php\/wp-json\/wp\/v2\/posts\/231","targetHints":{"allow":["GET"]}}],"collection":[{"href":"https:\/\/histoiredeprecy.com\/index.php\/wp-json\/wp\/v2\/posts"}],"about":[{"href":"https:\/\/histoiredeprecy.com\/index.php\/wp-json\/wp\/v2\/types\/post"}],"author":[{"embeddable":true,"href":"https:\/\/histoiredeprecy.com\/index.php\/wp-json\/wp\/v2\/users\/1"}],"replies":[{"embeddable":true,"href":"https:\/\/histoiredeprecy.com\/index.php\/wp-json\/wp\/v2\/comments?post=231"}],"version-history":[{"count":1,"href":"https:\/\/histoiredeprecy.com\/index.php\/wp-json\/wp\/v2\/posts\/231\/revisions"}],"predecessor-version":[{"id":233,"href":"https:\/\/histoiredeprecy.com\/index.php\/wp-json\/wp\/v2\/posts\/231\/revisions\/233"}],"wp:attachment":[{"href":"https:\/\/histoiredeprecy.com\/index.php\/wp-json\/wp\/v2\/media?parent=231"}],"wp:term":[{"taxonomy":"category","embeddable":true,"href":"https:\/\/histoiredeprecy.com\/index.php\/wp-json\/wp\/v2\/categories?post=231"},{"taxonomy":"post_tag","embeddable":true,"href":"https:\/\/histoiredeprecy.com\/index.php\/wp-json\/wp\/v2\/tags?post=231"}],"curies":[{"name":"wp","href":"https:\/\/api.w.org\/{rel}","templated":true}]}}