{"id":234,"date":"2024-08-05T09:23:27","date_gmt":"2024-08-05T07:23:27","guid":{"rendered":"http:\/\/delamarre.net\/wpprecy\/?p=234"},"modified":"2024-08-15T14:51:26","modified_gmt":"2024-08-15T12:51:26","slug":"precisions-et-difficultes-historiques","status":"publish","type":"post","link":"https:\/\/histoiredeprecy.com\/index.php\/2024\/08\/05\/precisions-et-difficultes-historiques\/","title":{"rendered":"Pr\u00e9cisions et difficult\u00e9s historiques"},"content":{"rendered":"\n<p><\/p>\n\n\n\n<div class=\"wp-block-group has-global-padding is-layout-constrained wp-block-group-is-layout-constrained\">\n<figure class=\"wp-block-image alignleft size-full is-resized\"><img loading=\"lazy\" decoding=\"async\" width=\"300\" height=\"287\" src=\"http:\/\/delamarre.net\/wpprecy\/wp-content\/uploads\/2024\/08\/04c_croises_jerusalem.jpg\" alt=\"\" class=\"wp-image-235\" style=\"width:288px;height:auto\"\/><figcaption class=\"wp-element-caption\">Ie croisade : la prise de Jerusalem (1099)<\/figcaption><\/figure>\n\n\n\n<p><br>A part le manuscrit fran\u00e7ais n\u00b0 9816 conserv\u00e9 \u00e0 la Biblioth\u00e8que Nationale de Paris et quelques ouvrages imprim\u00e9s du XIX\u00e8me si\u00e8cle, dont les auteurs ont eu en main d&rsquo;autres sources historiques aujourd&rsquo;hui disparues, il ne nous reste que peu d&rsquo;\u00e9l\u00e9ments pour affirmer avec une certitude absolue, qui \u00e9tait le premier seigneur de Pr\u00e9cy.<br>Pierre de Nogent raconte dans son \u00ab <em>histoire de la premi\u00e8re croisade<\/em> \u00bb comment <strong>Philippe de Pr\u00e9cy<\/strong> s&rsquo;\u00e9tait crois\u00e9 sous Roger II, \u00e9v\u00eaque de Beauvais (1095).<br>Il s&rsquo;enr\u00f4la avec un grand nombre de Chevaliers du Beauvaisis. Parmi eux ,on signale Renaud de Beauvais, Dreux de Mouchy, Cl\u00e9rembaud de Vendeuil, Mathieu de Clermont, etc&#8230;<br>L&rsquo;historien Roger, dans son ouvrage \u00ab <em>Noblesse et Chevalerie<\/em> \u00bb (1876) affirme (page 75) qu&rsquo;en 1096, Jean de HAVERSKERKE, par alliance apparent\u00e9 \u00e0 la Maison de Pr\u00e9cy, prit part \u00e0 la premi\u00e8re croisade en compagnie de deux Chevaliers de sa famille et de quelques gens de sa maison. Beau-fr\u00e8re de Philippe de Pr\u00e9cy, il accompagne ce dernier \u00e0 la premi\u00e8re croisade.<br>Jean de HAVERSKERKE \u00e9tait alors Chevalier de la Ch\u00e2tellerie de Cassel en Flandre. Tous deux reviennent de la croisade. Philippe de Pr\u00e9cy est revenu avec une relique de la Sainte Croix. On \u00e9tait friand de reliques \u00e0 cette \u00e9poque-l\u00e0.<br><\/p>\n\n\n\n<div class=\"wp-block-group has-global-padding is-layout-constrained wp-block-group-is-layout-constrained\">\n<figure class=\"wp-block-image alignright size-full is-resized\"><img loading=\"lazy\" decoding=\"async\" width=\"300\" height=\"400\" src=\"http:\/\/delamarre.net\/wpprecy\/wp-content\/uploads\/2024\/08\/04g_voeustlouis.jpg\" alt=\"\" class=\"wp-image-238\" style=\"width:179px;height:auto\" srcset=\"https:\/\/histoiredeprecy.com\/wp-content\/uploads\/2024\/08\/04g_voeustlouis.jpg 300w, https:\/\/histoiredeprecy.com\/wp-content\/uploads\/2024\/08\/04g_voeustlouis-225x300.jpg 225w\" sizes=\"auto, (max-width: 300px) 100vw, 300px\" \/><figcaption class=\"wp-element-caption\">Le voeu de St Louis<\/figcaption><\/figure>\n\n\n\n<p>Un tableau en notre \u00e9glise de Pr\u00e9cy rappelle que le Saint Roi, Louis IX, avait ramen\u00e9 de Terre Sainte la relique de la couronne d&rsquo;\u00e9pines du Christ qu&rsquo;il avait achet\u00e9e \u00e0 l&#8217;empereur latin de Constantinople.<br>A sa mort, Philippe de Pr\u00e9cy est inhum\u00e9 en l&rsquo;\u00e9glise de \u00ab madame \u00bb \u00e0 Pr\u00e9cy.<br>Jean de HAVERSKERKE devient alors seigneur de Pr\u00e9cy. On trouve ses armoiries sur le socle de la Vierge. Elles sont combin\u00e9es avec celles de la maison de Rouvroy de Saint Simon.<br>Cette antique et illustre maison de Flandre a donn\u00e9 plusieurs seigneurs \u00e0 Pr\u00e9cy et a fourni des grands baillis \u00e0 Gand, Bruges, Courtrai, Cassel et Ypres. On sait par ailleurs, qu&rsquo;en 1198, Baudouin de Pr\u00e9cy et de Haverskerke prit part \u00e0 la 5\u00e8me croisade et, en mars 1219, Guillaume de Pr\u00e9cy \u00e0 la 6\u00e8me croisade avec neuf autres Chevaliers et ceci, aux frais de Montmorency retenu en France par le roi.<br>En 1302, le seigneur de Pr\u00e9cy (Philippe ?) \u00e9tait parmi les cinquante vaillants Chevaliers qui accompagnaient Guillaume de Juliers, petit-fils du Comte de Flandre, lorsqu&rsquo;il allait implorer la gr\u00e2ce du roi de France apr\u00e8s le massacre des \u00ab <em>matines de Bruges<\/em> \u00bb.<br><\/p>\n\n\n\n<div class=\"wp-block-group has-global-padding is-layout-constrained wp-block-group-is-layout-constrained\">\n<figure class=\"wp-block-image alignleft size-full is-resized\"><img loading=\"lazy\" decoding=\"async\" width=\"200\" height=\"200\" src=\"http:\/\/delamarre.net\/wpprecy\/wp-content\/uploads\/2024\/08\/p14_bataille_de_courtrai.jpg\" alt=\"\" class=\"wp-image-239\" style=\"width:169px;height:auto\" srcset=\"https:\/\/histoiredeprecy.com\/wp-content\/uploads\/2024\/08\/p14_bataille_de_courtrai.jpg 200w, https:\/\/histoiredeprecy.com\/wp-content\/uploads\/2024\/08\/p14_bataille_de_courtrai-150x150.jpg 150w\" sizes=\"auto, (max-width: 200px) 100vw, 200px\" \/><figcaption class=\"wp-element-caption\">La bataille de Courtrai<\/figcaption><\/figure>\n\n\n\n<p>Cet \u00e9v\u00e8nement nous rappelle que Guy de Dampierre, Comte de Flandre, dernier des grands feudataires, avait choisi le camp des Anglais avec qui les marchands flamands faisaient un commerce florissant. Philippe le Bel le prit fort mal et finit par capturer le comte de Flandre et le garda prisonnier. C&rsquo;\u00e9tait compter sans la fiert\u00e9 des Flamands, dont les droits l\u00e9gitimes \u00e9taient bafou\u00e9s. En effet, par les accords du \u00ab <em>dit de Peronne<\/em> \u00bb, le roi Louis XI avait en 1256 accord\u00e9 la Flandre au Comte de Dampierre.<br>La guerre avec l&rsquo;Angleterre, la tentative de blocus maritime et l&rsquo;abc\u00e8s de fixation en Flandre o\u00f9 les services fran\u00e7ais d&rsquo;occupation exasp\u00e9raient la population, aboutirent \u00e0 une r\u00e9volte qui se traduisit par un c\u00e9l\u00e8bre massacre qui dura trois jours, appel\u00e9 \u00ab <em>matines de Bruges<\/em> \u00bb \u00e0 cause des sonneries (de la cloche) de matines qui furent le signal d&rsquo;attaque.<br>Fou de rage, Philippe le Bel d\u00e9cida de s\u00e9vir contre les rebelles. Il leva une arm\u00e9e de cinquante mille hommes confi\u00e9s \u00e0 Robert d&rsquo;Artois.<br><\/p>\n\n\n\n<div class=\"wp-block-group has-global-padding is-layout-constrained wp-block-group-is-layout-constrained\">\n<figure class=\"wp-block-image alignright size-full is-resized\"><img loading=\"lazy\" decoding=\"async\" width=\"255\" height=\"340\" src=\"http:\/\/delamarre.net\/wpprecy\/wp-content\/uploads\/2024\/08\/04d_notre-dame-courtrai.jpg\" alt=\"\" class=\"wp-image-241\" style=\"width:184px;height:auto\" srcset=\"https:\/\/histoiredeprecy.com\/wp-content\/uploads\/2024\/08\/04d_notre-dame-courtrai.jpg 255w, https:\/\/histoiredeprecy.com\/wp-content\/uploads\/2024\/08\/04d_notre-dame-courtrai-225x300.jpg 225w\" sizes=\"auto, (max-width: 255px) 100vw, 255px\" \/><figcaption class=\"wp-element-caption\">L&rsquo;\u00e9glise Notre Dame de Courtrai<\/figcaption><\/figure>\n\n\n\n<p>Le 11 juillet 1302, les Fran\u00e7ais se heurt\u00e8rent aux Flamands dans la plaine de Courtrai. Ce fut une d\u00e9faite fracassante et humiliante pour le roi de France et ses vaillants cavaliers qui n&rsquo;avaient pas compt\u00e9 avec les marais o\u00f9 les chevaux s&#8217;embourbaient. Le seigneur de Pr\u00e9cy y trouva la mort. Il fut tu\u00e9 d&rsquo;un coup d&rsquo;\u00e9p\u00e9e pendant que son cheval s&rsquo;enfon\u00e7ait dans le marais. A lui, comme aux autres Chevaliers, on enleva ses \u00e9perons d&rsquo;or. On les voit encore suspendus comme troph\u00e9es, \u00e0 la vo\u00fbte de l&rsquo;Eglise Notre Dame de Courtrai (op.cit.p.133).<br>Son fils, Philippe de Pr\u00e9cy, lui succ\u00e9da. Il est s\u00e9n\u00e9chal de Lille et gouverneur des fronti\u00e8res de Flandre. Il avait ses entr\u00e9es aupr\u00e8s du pape Jean XXII et aupr\u00e8s du roi Philippe VI de Valois \u00e0 qui il s&rsquo; adressait directement, sans interm\u00e9diaire pour obtenir des autorisations et privil\u00e8ges. Il mourut en 1330 et fut inhum\u00e9 en l&rsquo;\u00e9glise de Pr\u00e9cy. Son fils, Guillaume de Pr\u00e9cy, participa \u00e0 la revanche que prit le roi de France sur les Flamands qui lui avaient refus\u00e9 l&rsquo;hommage en le traitant de \u00ab <em>Roi trouv\u00e9<\/em> \u00bb.<br>Le seigneur de Pr\u00e9cy \u00e9tait pr\u00e9sent \u00e0 la victoire de Cassel le 23 ao\u00fbt 1328. Ce ne fut pas pour autant la fin des r\u00e8glements politiques avec les Flamands qui ne voulaient pas plier.<br><\/p>\n\n\n\n<div class=\"wp-block-group has-global-padding is-layout-constrained wp-block-group-is-layout-constrained\">\n<figure class=\"wp-block-image alignleft size-full is-resized\"><img loading=\"lazy\" decoding=\"async\" width=\"647\" height=\"899\" src=\"http:\/\/delamarre.net\/wpprecy\/wp-content\/uploads\/2024\/08\/socle_eglise.jpg\" alt=\"\" class=\"wp-image-242\" style=\"width:202px;height:auto\" srcset=\"https:\/\/histoiredeprecy.com\/wp-content\/uploads\/2024\/08\/socle_eglise.jpg 647w, https:\/\/histoiredeprecy.com\/wp-content\/uploads\/2024\/08\/socle_eglise-216x300.jpg 216w\" sizes=\"auto, (max-width: 647px) 100vw, 647px\" \/><figcaption class=\"wp-element-caption\">Armes des St Simon de Rouvroy<\/figcaption><\/figure>\n\n\n\n<p>Edouard III, roi d&rsquo;Angleterre alli\u00e9 aux Flamands, r\u00e9volt\u00e9s sous la pression d&rsquo;un riche meneur gantois, Jacques Van Artevelde, vint assi\u00e9ger Cambrai sans succ\u00e8s mais obtint l&rsquo;alliance de l&#8217;empereur Louis IV. En r\u00e9ponse, le roi de France pr\u00e9parait un d\u00e9barquement en Angleterre. Sa flotte rencontra la flotte anglaise et ce fut un v\u00e9ritable Trafalgar avant la lettre \u00e0 l&rsquo;\u00e9cluse, le 24 juin 1340.<br>L\u00e0 encore, le seigneur de Pr\u00e9cy, \u00e9tait de la partie ainsi qu&rsquo;\u00e0 la bataille de Cr\u00e9cy en Ponthieu le 26 ao\u00fbt 1346 o\u00f9 le Roi de France connut une d\u00e9faite plus meurtri\u00e8re encore qu&rsquo;\u00e0 Courtrai. On conna\u00eet l&rsquo;\u00e9pisode du vaincu au soir de la d\u00e9faite implorant l&rsquo;hospitalit\u00e9 du ch\u00e2telain de Brove : \u00ab <em>Ouvrez, c&rsquo;est l&rsquo;infortun\u00e9 Roi de France<\/em> \u00bb (Philippe VI).<br>Guillaume de Pr\u00e9cy s&rsquo;\u00e9tait mari\u00e9 en 1334 avec B\u00e9atrix de Saint Simon. Elle avait \u00e9t\u00e9 mari\u00e9e, en 1332 avec le Chevalier Raoul, seigneur de Fr\u00e9micourt.<br>De son second mariage naquit Philippe de Pr\u00e9cy. Il est sans doute le dernier seigneur de Pr\u00e9cy qui connut les heurs et malheurs du castel f\u00e9odal. Il est question de lui lors du d\u00e9nombrement de 1385, dans le grand cartulaire des fiefs de Creil.<br>Le roi Charles VI devait tenir son fils sur les fonts baptismaux \u00e0 Pr\u00e9cy. Louis de Pr\u00e9cy, fait prisonnier par les Anglais lors de la guerre de Cent Ans, assista impuissant \u00e0 la mainmise sur le ch\u00e2teau de Pr\u00e9cy par le \u00ab <em>Bastard de Chevreuse <\/em>\u00bb. Le mar\u00e9chal de Boussac le d\u00e9logea en 1430 apr\u00e8s la mise \u00e0 mort de la plus grande partie des Anglais&#8230; et \u00ab <em>ainsi f\u00fbt la forteresse d\u00e9molie <\/em>\u00bb. (Enguerand de Monstrelet. Chroniques du XVe Si\u00e8cle).<br><\/p>\n\n\n\n<div class=\"wp-block-group has-global-padding is-layout-constrained wp-block-group-is-layout-constrained\">\n<figure class=\"wp-block-image alignright size-full is-resized\"><img loading=\"lazy\" decoding=\"async\" width=\"450\" height=\"600\" src=\"http:\/\/delamarre.net\/wpprecy\/wp-content\/uploads\/2024\/08\/p_Senlis_Cathedrale.jpg\" alt=\"\" class=\"wp-image-244\" style=\"width:170px;height:auto\" srcset=\"https:\/\/histoiredeprecy.com\/wp-content\/uploads\/2024\/08\/p_Senlis_Cathedrale.jpg 450w, https:\/\/histoiredeprecy.com\/wp-content\/uploads\/2024\/08\/p_Senlis_Cathedrale-225x300.jpg 225w\" sizes=\"auto, (max-width: 450px) 100vw, 450px\" \/><figcaption class=\"wp-element-caption\">La cath\u00e9drale de Senlis<\/figcaption><\/figure>\n\n\n\n<p>Louis de Pr\u00e9cy \u00e9pousa Catherine de Nantouillet. Ils n&rsquo;eurent pas d&rsquo;enfants. Le 7 juillet 1451, il fit don de la seigneurie de Pr\u00e9cy et de plusieurs autres terres, \u00e0 son cousin Gilles de Saint Simon, seigneur de Rasse, dont l&rsquo;anc\u00eatre participa \u00e0 la bataille de Bouvines (1214).<br>Ce sont ses armoiries qui figurent sur le socle de la statue de la Vierge en l&rsquo;Eglise de Pr\u00e9cy.<br>On voit, par ce survol historique, que les croisades et les batailles de tous genres ont fortement marqu\u00e9 la vie des seigneurs de Pr\u00e9cy, de ce fait souvent absents de leur ch\u00e2teau.<br>On sait que les croisades amorc\u00e8rent la fin de la noblesse. Les crois\u00e9s, endett\u00e9s pour financer leur d\u00e9part en Terre Sainte, furent souvent oblig\u00e9s de vendre des terres \u00e0 leurs vassaux ou l&rsquo;affranchissement de leurs serfs. Parfois, le crois\u00e9 fait prisonnier fut rachet\u00e9 par cotisation spontan\u00e9e de ses paysans qu&rsquo;\u00e0 son retour il affranchit tous.<br>A la fin du XV\u00e8me si\u00e8cle, lorsque Gilles de Saint Simon devient seigneur de Pr\u00e9cy, il ne devait h\u00e9riter que d&rsquo;un castel f\u00e9odal d\u00e9moli, d&rsquo;une \u00e9glise pour les trois quarts ravag\u00e9e par l&rsquo;incendie et de quelques maigres terres appartenant encore \u00e0 la ferme seigneuriale. Il fut bailli de Senlis et fut, \u00e0 ce titre, inhum\u00e9 en \u00ab <em>la Chapelle du grand Bailly<\/em> \u00bb en la Cath\u00e9drale de Senlis (1471).<\/p>\n<\/div>\n<\/div>\n<\/div>\n<\/div>\n<\/div>\n<\/div>\n","protected":false},"excerpt":{"rendered":"<p>A part le manuscrit fran\u00e7ais n\u00b0 9816 conserv\u00e9 \u00e0 la Biblioth\u00e8que Nationale de Paris et quelques ouvrages imprim\u00e9s du XIX\u00e8me si\u00e8cle, dont les auteurs ont eu en main d&rsquo;autres sources historiques aujourd&rsquo;hui disparues, il ne nous reste que peu d&rsquo;\u00e9l\u00e9ments pour affirmer avec une certitude absolue, qui \u00e9tait le premier seigneur de Pr\u00e9cy.Pierre de Nogent [&hellip;]<\/p>\n","protected":false},"author":1,"featured_media":0,"comment_status":"closed","ping_status":"open","sticky":false,"template":"","format":"standard","meta":{"footnotes":""},"categories":[1],"tags":[],"class_list":["post-234","post","type-post","status-publish","format-standard","hentry","category-non-classe"],"_links":{"self":[{"href":"https:\/\/histoiredeprecy.com\/index.php\/wp-json\/wp\/v2\/posts\/234","targetHints":{"allow":["GET"]}}],"collection":[{"href":"https:\/\/histoiredeprecy.com\/index.php\/wp-json\/wp\/v2\/posts"}],"about":[{"href":"https:\/\/histoiredeprecy.com\/index.php\/wp-json\/wp\/v2\/types\/post"}],"author":[{"embeddable":true,"href":"https:\/\/histoiredeprecy.com\/index.php\/wp-json\/wp\/v2\/users\/1"}],"replies":[{"embeddable":true,"href":"https:\/\/histoiredeprecy.com\/index.php\/wp-json\/wp\/v2\/comments?post=234"}],"version-history":[{"count":6,"href":"https:\/\/histoiredeprecy.com\/index.php\/wp-json\/wp\/v2\/posts\/234\/revisions"}],"predecessor-version":[{"id":1804,"href":"https:\/\/histoiredeprecy.com\/index.php\/wp-json\/wp\/v2\/posts\/234\/revisions\/1804"}],"wp:attachment":[{"href":"https:\/\/histoiredeprecy.com\/index.php\/wp-json\/wp\/v2\/media?parent=234"}],"wp:term":[{"taxonomy":"category","embeddable":true,"href":"https:\/\/histoiredeprecy.com\/index.php\/wp-json\/wp\/v2\/categories?post=234"},{"taxonomy":"post_tag","embeddable":true,"href":"https:\/\/histoiredeprecy.com\/index.php\/wp-json\/wp\/v2\/tags?post=234"}],"curies":[{"name":"wp","href":"https:\/\/api.w.org\/{rel}","templated":true}]}}