{"id":246,"date":"2024-08-05T09:47:56","date_gmt":"2024-08-05T07:47:56","guid":{"rendered":"http:\/\/delamarre.net\/wpprecy\/?p=246"},"modified":"2024-08-15T14:52:43","modified_gmt":"2024-08-15T12:52:43","slug":"1302-les-eperons-dor","status":"publish","type":"post","link":"https:\/\/histoiredeprecy.com\/index.php\/2024\/08\/05\/1302-les-eperons-dor\/","title":{"rendered":"1302 &#8211; Les \u00e9perons d&rsquo;or"},"content":{"rendered":"\n<p><\/p>\n\n\n\n<div class=\"wp-block-group has-global-padding is-layout-constrained wp-block-group-is-layout-constrained\">\n<figure class=\"wp-block-image alignright size-large is-resized\"><img loading=\"lazy\" decoding=\"async\" width=\"569\" height=\"1024\" src=\"http:\/\/delamarre.net\/wpprecy\/wp-content\/uploads\/2024\/08\/05b_beffroi_bruges-569x1024.jpg\" alt=\"\" class=\"wp-image-247\" style=\"width:156px;height:auto\" srcset=\"https:\/\/histoiredeprecy.com\/wp-content\/uploads\/2024\/08\/05b_beffroi_bruges-569x1024.jpg 569w, https:\/\/histoiredeprecy.com\/wp-content\/uploads\/2024\/08\/05b_beffroi_bruges-167x300.jpg 167w, https:\/\/histoiredeprecy.com\/wp-content\/uploads\/2024\/08\/05b_beffroi_bruges-768x1382.jpg 768w, https:\/\/histoiredeprecy.com\/wp-content\/uploads\/2024\/08\/05b_beffroi_bruges.jpg 800w\" sizes=\"auto, (max-width: 569px) 100vw, 569px\" \/><figcaption class=\"wp-element-caption\">Le beffroi de Bruges<\/figcaption><\/figure>\n\n\n\n<p><br>Toute l&rsquo;Europe a entendu parler de \u00ab <strong><em>la bataille des \u00c9perons d&rsquo;Or<\/em><\/strong> \u00bb.<br>Tout commence par \u00ab<strong><em> les Matines Brugeoises<\/em><\/strong> \u00bb, aux premi\u00e8res heures du matin de ce 17 mai 1302, au moment o\u00f9 les moines chantent l&rsquo;office des Matines alors que la fi\u00e8re cit\u00e9 de Bruges \u00e9tait encore plong\u00e9e dans la nuit. Le roi Philippe le Bel \u00e9tait il y a quelque temps venu sceller son alliance avec les \u00ab Leliaerts \u00bb, les partisans du Lys, partisans d&rsquo;une Flandre plus proche de la France que de l&rsquo;Angleterre. C&rsquo;\u00e9tait sans compter avec le petit peuple et la bourgeoisie, ceux qu&rsquo;on appelait les \u00ab Klauwaerts \u00bb (allusion aux griffes du Lion de Flandre) et qui voulaient qu&rsquo;on respecte l&rsquo;ind\u00e9pendance du gouvernement de la Flandre qui avait \u00e9t\u00e9 accord\u00e9e en 1256 par le roi Louis XI par l&rsquo;\u00ab <em>\u00e9dit de P\u00e9ronne<\/em> \u00bb. Ces Flamands avaient choisi le camp des Anglais avec qui ils faisaient un commerce florissant.<br>La guerre avec l&rsquo;Angleterre, la tentative de blocus maritime et l&rsquo;abc\u00e8s de fixation en Flandre o\u00f9 les services fran\u00e7ais d&rsquo;occupation exasp\u00e9raient la population aboutirent \u00e0 la \u00ab<em> Bataille des \u00c9perons d&rsquo;Or<\/em> \u00bb le 11 juillet 1302 dans la plaine de Courtrai.<br><\/p>\n<\/div>\n\n\n\n<div class=\"wp-block-group has-global-padding is-layout-constrained wp-block-group-is-layout-constrained\">\n<figure class=\"wp-block-image alignleft size-full is-resized\"><img loading=\"lazy\" decoding=\"async\" width=\"511\" height=\"368\" src=\"http:\/\/delamarre.net\/wpprecy\/wp-content\/uploads\/2024\/08\/p_Bataille_eperons_dor_par_nicaise_de_keyser-1.jpg\" alt=\"\" class=\"wp-image-249\" style=\"width:302px;height:auto\" srcset=\"https:\/\/histoiredeprecy.com\/wp-content\/uploads\/2024\/08\/p_Bataille_eperons_dor_par_nicaise_de_keyser-1.jpg 511w, https:\/\/histoiredeprecy.com\/wp-content\/uploads\/2024\/08\/p_Bataille_eperons_dor_par_nicaise_de_keyser-1-300x216.jpg 300w\" sizes=\"auto, (max-width: 511px) 100vw, 511px\" \/><figcaption class=\"wp-element-caption\">La bataille des \u00e9perons d&rsquo;or<\/figcaption><\/figure>\n\n\n\n<div class=\"wp-block-group has-global-padding is-layout-constrained wp-block-group-is-layout-constrained\">\n<p>Les \u00ab <em><strong>Matines Brugeoises<\/strong><\/em> \u00bb sont le signal. Elles d\u00e9butent dans la nuit : le mot de passe \u00e9tait \u00ab Schild en vriend \u00bb &#8211; Bouclier et ami. Celui qui ne les pronon\u00e7ait pas correctement fut massacr\u00e9 sur le champ.<br>L&rsquo;arm\u00e9e fran\u00e7aise, en garnison \u00e0 Bruges, fut ainsi massacr\u00e9e en plein sommeil. On parle de 1.500 morts et de 100 prisonniers. Le gouverneur Jacques de Ch\u00e2tillon eut tout juste le temps de s&rsquo;enfuir derri\u00e8re les murailles de la ville de Courtrai o\u00f9 s&rsquo;\u00e9taient regroup\u00e9es les troupes de Guy de Namur, fils du Comte de Flandre.<br>Quand Philippe le Bel apprend le massacre, il l\u00e8ve aussit\u00f4t son arm\u00e9e recrut\u00e9e en Artois, en Normandie, en Picardie et en Flandre (les Leliaerts) et, avec les chevaliers Fran\u00e7ais, il engage la bataille le 8 juillet 1302 vers midi. La cavalerie fran\u00e7aise, sous le commandement de Robert d&rsquo;Artois et Jacques de Ch\u00e2tillon, se trouva au centre du combat, essayant de rompre le front flamand prot\u00e9g\u00e9 de planyons \u00e0 picots (sortes de piques termin\u00e9es par une pointe de fer). Les fl\u00e8ches flamandes \u00ab <em>obscurcissaient le ciel<\/em> \u00bb frappant les chevaux et les cavaliers Fran\u00e7ais qui tombaient emm\u00eal\u00e9s dans la boue de ces terrains mar\u00e9cageux, coup\u00e9s de ruisseaux et de foss\u00e9s.<br><\/p>\n\n\n\n<div class=\"wp-block-group has-global-padding is-layout-constrained wp-block-group-is-layout-constrained\">\n<figure class=\"wp-block-image alignright size-full is-resized\"><img loading=\"lazy\" decoding=\"async\" width=\"529\" height=\"650\" src=\"http:\/\/delamarre.net\/wpprecy\/wp-content\/uploads\/2024\/08\/philippe_le_bel.jpg\" alt=\"\" class=\"wp-image-252\" style=\"width:183px;height:auto\" srcset=\"https:\/\/histoiredeprecy.com\/wp-content\/uploads\/2024\/08\/philippe_le_bel.jpg 529w, https:\/\/histoiredeprecy.com\/wp-content\/uploads\/2024\/08\/philippe_le_bel-244x300.jpg 244w\" sizes=\"auto, (max-width: 529px) 100vw, 529px\" \/><figcaption class=\"wp-element-caption\">Philippe le Bel<\/figcaption><\/figure>\n\n\n\n<p>Les Flamands avan\u00e7aient au cri de : \u00ab <em><strong>Tuez tout ce qui porte \u00e9perons !<\/strong><\/em> \u00bb. Robert d&rsquo;Artois et Jacques de Ch\u00e2tillon y sont touch\u00e9s \u00e0 mort ainsi que 68 princes et seigneurs : parmi eux le Seigneur de Pr\u00e9cy qui fut tu\u00e9 d&rsquo;un coup d&rsquo;\u00e9p\u00e9e pendant que son cheval s&rsquo;enfon\u00e7ait dans le marais. A lui comme aux 1.100 chevaliers, on enleva les \u00e9perons d&rsquo;or. On en trouva 700 qui furent suspendus tels des troph\u00e9es, \u00e0 la vo\u00fbte de l&rsquo;\u00e9glise Notre-Dame de Courtrai.<br>Un an plus tard, Philippe le Bel prit sa revanche et essaya de r\u00e9gler ses comptes avec les Flamands \u00e0 Mons-en-P\u00e9v\u00e8le.<br>Il les surprit avec mille hommes mais c&rsquo;\u00e9tait une bataille sans vrai vainqueur o\u00f9 les Flamands perdirent leur chef.<br>Le trait\u00e9 d&rsquo;Athis-sur-Orge obligea Lille, Douai, Ypres, Gand et Bruges d&rsquo;abattre leurs murs de d\u00e9fense.<br>Lille, Douai et B\u00e9thune, Cassel et Courtrai restaient entre les mains du roi de France.<br>C&rsquo;est ainsi que la Flandre, l&rsquo;Artois et la Picardie seront encore longtemps \u00ab <em>Terres de d\u00e9bats<\/em> \u00bb, partag\u00e9s, divis\u00e9s, ran\u00e7onn\u00e9s par les voisins du sud, du nord, de l&rsquo;ouest ou de l&rsquo;est ; toujours par int\u00e9r\u00eat politique ou commercial, ou par jalousie.<\/p>\n<\/div>\n<\/div>\n<\/div>\n\n\n\n<p><\/p>\n","protected":false},"excerpt":{"rendered":"<p>Toute l&rsquo;Europe a entendu parler de \u00ab la bataille des \u00c9perons d&rsquo;Or \u00bb.Tout commence par \u00ab les Matines Brugeoises \u00bb, aux premi\u00e8res heures du matin de ce 17 mai 1302, au moment o\u00f9 les moines chantent l&rsquo;office des Matines alors que la fi\u00e8re cit\u00e9 de Bruges \u00e9tait encore plong\u00e9e dans la nuit. Le roi Philippe [&hellip;]<\/p>\n","protected":false},"author":1,"featured_media":0,"comment_status":"closed","ping_status":"open","sticky":false,"template":"","format":"standard","meta":{"footnotes":""},"categories":[1],"tags":[],"class_list":["post-246","post","type-post","status-publish","format-standard","hentry","category-non-classe"],"_links":{"self":[{"href":"https:\/\/histoiredeprecy.com\/index.php\/wp-json\/wp\/v2\/posts\/246","targetHints":{"allow":["GET"]}}],"collection":[{"href":"https:\/\/histoiredeprecy.com\/index.php\/wp-json\/wp\/v2\/posts"}],"about":[{"href":"https:\/\/histoiredeprecy.com\/index.php\/wp-json\/wp\/v2\/types\/post"}],"author":[{"embeddable":true,"href":"https:\/\/histoiredeprecy.com\/index.php\/wp-json\/wp\/v2\/users\/1"}],"replies":[{"embeddable":true,"href":"https:\/\/histoiredeprecy.com\/index.php\/wp-json\/wp\/v2\/comments?post=246"}],"version-history":[{"count":3,"href":"https:\/\/histoiredeprecy.com\/index.php\/wp-json\/wp\/v2\/posts\/246\/revisions"}],"predecessor-version":[{"id":1805,"href":"https:\/\/histoiredeprecy.com\/index.php\/wp-json\/wp\/v2\/posts\/246\/revisions\/1805"}],"wp:attachment":[{"href":"https:\/\/histoiredeprecy.com\/index.php\/wp-json\/wp\/v2\/media?parent=246"}],"wp:term":[{"taxonomy":"category","embeddable":true,"href":"https:\/\/histoiredeprecy.com\/index.php\/wp-json\/wp\/v2\/categories?post=246"},{"taxonomy":"post_tag","embeddable":true,"href":"https:\/\/histoiredeprecy.com\/index.php\/wp-json\/wp\/v2\/tags?post=246"}],"curies":[{"name":"wp","href":"https:\/\/api.w.org\/{rel}","templated":true}]}}