{"id":254,"date":"2024-08-05T09:55:47","date_gmt":"2024-08-05T07:55:47","guid":{"rendered":"http:\/\/delamarre.net\/wpprecy\/?p=254"},"modified":"2024-08-15T14:56:31","modified_gmt":"2024-08-15T12:56:31","slug":"louis-de-saint-gelais","status":"publish","type":"post","link":"https:\/\/histoiredeprecy.com\/index.php\/2024\/08\/05\/louis-de-saint-gelais\/","title":{"rendered":"Louis de Saint Gelais"},"content":{"rendered":"\n<p><br><strong>Seigneur de Pr\u00e9cy 1570-1589<\/strong><br><strong>(1513 &#8211; 1589)<\/strong><\/p>\n\n\n\n<div class=\"wp-block-group has-global-padding is-layout-constrained wp-block-group-is-layout-constrained\">\n<figure class=\"wp-block-image alignleft size-large is-resized\"><img loading=\"lazy\" decoding=\"async\" width=\"763\" height=\"1024\" src=\"http:\/\/delamarre.net\/wpprecy\/wp-content\/uploads\/2024\/08\/06_st_gelais_p-763x1024.jpg\" alt=\"\" class=\"wp-image-255\" style=\"width:185px;height:auto\" srcset=\"https:\/\/histoiredeprecy.com\/wp-content\/uploads\/2024\/08\/06_st_gelais_p-763x1024.jpg 763w, https:\/\/histoiredeprecy.com\/wp-content\/uploads\/2024\/08\/06_st_gelais_p-224x300.jpg 224w, https:\/\/histoiredeprecy.com\/wp-content\/uploads\/2024\/08\/06_st_gelais_p-768x1030.jpg 768w, https:\/\/histoiredeprecy.com\/wp-content\/uploads\/2024\/08\/06_st_gelais_p.jpg 800w\" sizes=\"auto, (max-width: 763px) 100vw, 763px\" \/><figcaption class=\"wp-element-caption\">Louis de Saint-Gelais<\/figcaption><\/figure>\n\n\n\n<p><a href=\"http:\/\/web.archive.org\/web\/20231126162249\/http:\/\/www.histoiredeprecy.com\/histoire-en-images\/les-personnages\/personnages-historiques.html#Saint-Gelais\"><\/a>Le plus attachant seigneur de Pr\u00e9cy est sans aucun doute le fils naturel du roi Fran\u00e7ois ler, demi-fr\u00e8re du roi Henri II, et oncle des rois Fran\u00e7ois II (+1560), Charles IX (+1574) et Henri III (+1589).<br>Le futur roi Fran\u00e7ois ler avait dix-huit ans lorsqu&rsquo;il succomba aux charmes de la belle Jacquette de Lansac, \u00e9pouse d&rsquo;Alexandre de Saint-Gelais, chambellan et conseiller du roi Louis XII. Ce diplomate appr\u00e9ci\u00e9 \u00e0 la Cour de France fut tr\u00e8s souvent absent de son foyer \u00e0 cause des missions qui lui furent confi\u00e9es. Son \u00e9pouse Jacquette devint ainsi pour un moment l&rsquo;ensorcelante ma\u00eetresse du jeune Fran\u00e7ois d&rsquo;Angoul\u00eame \u00e0 qui elle donna un fils, Louis, qui porta le nom de son mari Alexandre de Saint-Gelais de Lansac<br><\/p>\n\n\n\n<div class=\"wp-block-group has-global-padding is-layout-constrained wp-block-group-is-layout-constrained\">\n<figure class=\"wp-block-image alignright size-full is-resized\"><img loading=\"lazy\" decoding=\"async\" width=\"200\" height=\"255\" src=\"http:\/\/delamarre.net\/wpprecy\/wp-content\/uploads\/2024\/08\/p18_Francois1er_par_Jean_Clouet.jpg\" alt=\"\" class=\"wp-image-256\" style=\"width:177px;height:auto\"\/><figcaption class=\"wp-element-caption\">Fran\u00e7ois Ier<\/figcaption><\/figure>\n\n\n\n<p>Fran\u00e7ois, mari\u00e9 \u00e0 Claude de France, fille du roi Louis XII, succ\u00e9da \u00e0 son royal cousin, mort sans descendance. Lorsqu&rsquo;en 1522 Alexandre de Saint-Gelais mourut, Fran\u00e7ois Ier nomma aussit\u00f4t son jeune fils Louis, qui n&rsquo;avait que neuf ans, comme garde du sceau de la Chancellerie de Bordeaux et confia \u00e0 Jacquette la jouissance de ses revenus sa vie durant. N\u00e9 en 1513 \u00e0 Cornefou ou \u00e0 Cognac, le jeune Louis, on s&rsquo;en doute, re\u00e7ut une \u00e9ducation princi\u00e8re. Dans le contexte de la Renaissance, il re\u00e7ut une formation humaniste. Il parlait l&rsquo;italien, l&rsquo;espagnol, le latin, l&rsquo;anglais et l&rsquo;allemand, et fut aussi habile avec son \u00e9p\u00e9e qu&rsquo;avec son cheval.<br>Louis \u00e9tait un homme sensible, amateur \u00e9clair\u00e9 d&rsquo;art et de lettres, s\u00e9duisant, d&rsquo;une intelligence remarquable, \u00e9loquent, et po\u00e8te \u00e0 ses heures. Son portrait de l&rsquo;atelier de Fran\u00e7ois Clouet, au mus\u00e9e du Louvre, nous le pr\u00e9sente plein de r\u00e9serve et de distinction. (Inv. 3270. B. H. 0, 315X1).<br>Lansac est \u00e9galement un homme de guerre, un militaire qui gravit tous les grades. Pr\u00e9sent aux batailles de Fran\u00e7ois Ier contre Charles Quint ou pour organiser la repr\u00e9sentation de la Guyenne \u00e0 propos du sel, il est toujours pr\u00eat \u00e0 d\u00e9fendre les int\u00e9r\u00eats du roi. Il est renvoy\u00e9 en mission \u00e0 Londres pour sonder les pr\u00e9tentions d&rsquo;\u00c9lisabeth, reine d&rsquo;Angleterre sur l&rsquo;\u00c9cosse, dont la reine Marie Stuart, \u00e2g\u00e9e de neuf ans, est fianc\u00e9e au futur Fran\u00e7ois Il qui a sept ans. C&rsquo;est \u00e9galement lui qui est charg\u00e9 d&rsquo;instruire \u00c9douard VI de la position fran\u00e7aise en faveur de l&rsquo;\u00c9cosse pour que Marie Stuart garde son royaume.<br><\/p>\n\n\n\n<div class=\"wp-block-group has-global-padding is-layout-constrained wp-block-group-is-layout-constrained\">\n<figure class=\"wp-block-image alignleft size-full is-resized\"><img loading=\"lazy\" decoding=\"async\" width=\"200\" height=\"259\" src=\"http:\/\/delamarre.net\/wpprecy\/wp-content\/uploads\/2024\/08\/p19_charles_quint.png\" alt=\"\" class=\"wp-image-258\" style=\"width:171px;height:auto\"\/><figcaption class=\"wp-element-caption\">Charles Quint<\/figcaption><\/figure>\n\n\n\n<p>Ambassadeur extraordinaire \u00e0 Rome, il est charg\u00e9 de renouer&nbsp; les liens diplomatiques avec le pape Jules III et d&rsquo;obtenir sa neutralit\u00e9 dans le combat contre Charles Quint. \u00ab <em>Jules III remercia Henri II de la bonne gr\u00e2ce de son envoy\u00e9 et lorsque M. de Lansac prit cong\u00e9 le 28 juillet, le Pape d\u00e9tacha de son doigt un diamant pr\u00e9cieux et lui offrit<\/em>. \u00bb (Sauz\u00e9 de Lhoumeau).<br><br>Il fut maire de Bordeaux de 1556 \u00e0 1557. C&rsquo;est lui qui conduisit le cort\u00e8ge fun\u00e8bre portant \u00e0 Saint Denis son jeune roi Fran\u00e7ois qui fut \u00e0 la fois son neveu, son \u00e9l\u00e8ve et son roi.<br>En 1559, il accompagne \u00c9lisabeth de Valois, la jeune soeur du roi, donn\u00e9e \u00e0 quatorze ans comme \u00e9pouse \u00e0 Philippe II d&rsquo;Espagne. Conscient que la transaction \u00e9tait purement politique, Saint-Gelais qui fut interpr\u00e8te \u00e0 la cour d&rsquo;Espagne, fit en sorte qu&rsquo;elle soit trait\u00e9e avec les honneurs dus \u00e0 son rang. Il ne la quitte qu&rsquo;en 1560. Elle mourut en 1568.<br><\/p>\n\n\n\n<div class=\"wp-block-group has-global-padding is-layout-constrained wp-block-group-is-layout-constrained\">\n<figure class=\"wp-block-image alignright size-full is-resized\"><img loading=\"lazy\" decoding=\"async\" width=\"281\" height=\"437\" src=\"http:\/\/delamarre.net\/wpprecy\/wp-content\/uploads\/2024\/08\/p19_Jules_III.jpg\" alt=\"\" class=\"wp-image-260\" style=\"width:158px;height:auto\" srcset=\"https:\/\/histoiredeprecy.com\/wp-content\/uploads\/2024\/08\/p19_Jules_III.jpg 281w, https:\/\/histoiredeprecy.com\/wp-content\/uploads\/2024\/08\/p19_Jules_III-193x300.jpg 193w\" sizes=\"auto, (max-width: 281px) 100vw, 281px\" \/><figcaption class=\"wp-element-caption\">Jules III<\/figcaption><\/figure>\n\n\n\n<p>Louis de Lansac fut en somme un fin politique li\u00e9 aux \u00e9v\u00e8nements complexes de ce XVIe si\u00e8cle. Sa correspondance politique a \u00e9t\u00e9 publi\u00e9e par Sauz\u00e9 de Lhoumeau dans les \u00ab <em>Archives historiques du Poitou<\/em> \u00bb &#8211; Tome 33, 1904. A.D.D.S.<br>Il eut huit enfants : quatre avec sa premi\u00e8re femme, Jeanne de la Roche-Andry (1563) et trois de son second mariage en 1565 avec Gabrielle de Rochechouart, puis un fils naturel, Urbain, n\u00e9 en 1540, qui deviendra \u00e9v\u00eaque de Saint Bertrand de Cominges.<br><br><\/p>\n\n\n\n<div class=\"wp-block-group has-global-padding is-layout-constrained wp-block-group-is-layout-constrained\">\n<figure class=\"wp-block-image alignleft size-full is-resized\"><img loading=\"lazy\" decoding=\"async\" width=\"200\" height=\"302\" src=\"http:\/\/delamarre.net\/wpprecy\/wp-content\/uploads\/2024\/08\/p19_Joachim_du_Bellay.png\" alt=\"\" class=\"wp-image-261\" style=\"width:143px;height:auto\" srcset=\"https:\/\/histoiredeprecy.com\/wp-content\/uploads\/2024\/08\/p19_Joachim_du_Bellay.png 200w, https:\/\/histoiredeprecy.com\/wp-content\/uploads\/2024\/08\/p19_Joachim_du_Bellay-199x300.png 199w\" sizes=\"auto, (max-width: 200px) 100vw, 200px\" \/><figcaption class=\"wp-element-caption\">Joachim du Bellay<\/figcaption><\/figure>\n\n\n\n<p>C&rsquo;est gr\u00e2ce \u00e0 Antoine de SAINT-SIMON, dont la famille et les anc\u00eatres \u00e9taient \u00e0 l&rsquo;honneur \u00e0 la cour de Fran\u00e7ois Ier, que Louis de saint Gelais a pu acqu\u00e9rir en 1570 la seigneurie de Pr\u00e9cy avec ses droits et d\u00e9pendances \u00e0 Bonqueval et Blaincourt. Cent vingt ans auparavant, Louis de Pr\u00e9cy, n&rsquo;ayant pas de descendants, avait \u00e9galement c\u00e9d\u00e9 la seigneurie de Pr\u00e9cy aux SAINT-SIMON de ROUVROY qui, les uns apr\u00e8s les autres, ont tr\u00e8s peu habit\u00e9 le ch\u00e2teau de Pr\u00e9cy en ruines.<br>Pr\u00e9cy devint alors la r\u00e9sidence pr\u00e9f\u00e9r\u00e9e de Louis de Saint Gelais, m\u00eame si ses autres ch\u00e2teaux \u00e9taient plus grandioses ou luxueux. Il aimait s\u00e9journer \u00e0 Pr\u00e9cy pour s&rsquo;y reposer loin du tumulte et des intrigues de la Cour. Joachim du Bellay, le po\u00e8te des regrets, qu&rsquo;il avait rencontr\u00e9 dans son ambassade \u00e0 Rome, lui d\u00e9dia une Ode de 144 vers o\u00f9 il l&rsquo;appelle \u00ab<em> l&rsquo;Honneur de Saintonge<\/em> \u00bb. Ronsard, puis Montaigne, furent ses h\u00f4tes en 1573 au ch\u00e2teau de Pr\u00e9cy. Son fils s&rsquo;\u00e9tait mari\u00e9 avec la fille du Seigneur d&rsquo;Azay-le-Rideau. Ceci explique sans doute pourquoi Louis de Saint Gelais fit appel aux ma\u00eetres d\u2019oeuvre d&rsquo;Azay-le-Rideau pour construire son manoir \u00e0 Pr\u00e9cy sur l&#8217;emplacement du castel f\u00e9odal d\u00e9mantel\u00e9 et en grande partie d\u00e9moli vers 1430.<br><\/p>\n\n\n\n<div class=\"wp-block-group has-global-padding is-layout-constrained wp-block-group-is-layout-constrained\">\n<figure class=\"wp-block-image alignright size-full is-resized\"><img loading=\"lazy\" decoding=\"async\" width=\"225\" height=\"279\" src=\"http:\/\/delamarre.net\/wpprecy\/wp-content\/uploads\/2024\/08\/p19_Catherine_de_Medicis.jpg\" alt=\"\" class=\"wp-image-263\" style=\"width:179px;height:auto\"\/><figcaption class=\"wp-element-caption\">Catherine de M\u00e9dicis<\/figcaption><\/figure>\n\n\n\n<p>C&rsquo;est \u00e9galement lui qui fit reconstruire trois des cinq nefs de l&rsquo;\u00e9glise de Pr\u00e9cy, incendi\u00e9e par les Anglais au cours du XVe si\u00e8cle pendant la guerre de Cent ans.<br>Parmi les missions d\u00e9licates confi\u00e9es par Catherine de M\u00e9dicis agissant au nom du Roi, il en est une qui concerne la succession du tr\u00f4ne. \u00c0 ce moment, Louis de Lansac \u00e9tait tomb\u00e9 en disgr\u00e2ce aupr\u00e8s du Roi. En 1581, devant les d\u00e9penses somptuaires d&rsquo;Henri III, il n&rsquo;a pas h\u00e9sit\u00e9 \u00e0 lui reprocher l&rsquo;\u00e9normit\u00e9 des taxes que le peuple avait \u00e0 supporter. Le Roi l&rsquo;avait fort mal pris et avait prononc\u00e9 \u00e0 son encontre des paroles f\u00e2cheuses. Lansac en tomba gravement malade.<br>Les politiques et les aristocrates \u00e9taient divis\u00e9s. Certains souhaitaient une r\u00e9publique, d&rsquo;autres une substitution de branche : Henri III d\u00e9tr\u00f4n\u00e9 au profit des Bourbons ; les uns penchant pour Henri de Bourbon, roi de Navarre, les autres pour son oncle le Cardinal Charles de Bourbon.<br>Cette guerre de succession connut diff\u00e9rents soubresauts. Henri III, l&rsquo;eff\u00e9min\u00e9 aux nombreux mignons, h\u00e9sita entre la Ligue Catholique soutenue par les Guise, et les Huguenots soutenus par Henri de Bourbon, le b\u00e9arnais.<br><\/p>\n\n\n\n<div class=\"wp-block-group has-global-padding is-layout-constrained wp-block-group-is-layout-constrained\">\n<figure class=\"wp-block-image alignleft size-full is-resized\"><img loading=\"lazy\" decoding=\"async\" width=\"200\" height=\"260\" src=\"http:\/\/delamarre.net\/wpprecy\/wp-content\/uploads\/2024\/08\/07b_Henri_III.jpg\" alt=\"\" class=\"wp-image-264\" style=\"width:181px;height:auto\"\/><figcaption class=\"wp-element-caption\">Henri III<\/figcaption><\/figure>\n\n\n\n<p>Louis de Saint-Gelais, ambassadeur aupr\u00e8s du Saint-Si\u00e8ge, avait assist\u00e9 au Concile de Trente. Il en \u00e9tait revenu apr\u00e8s une humiliation diplomatique, puis il avait \u00e0 nouveau \u00e9t\u00e9 envoy\u00e9 \u00e0 Rome pour acheter les suffrages (les voix) du Conclave en faveur du candidat fran\u00e7ais, le Cardinal archev\u00eaque de Canterbury, qui joua un r\u00f4le tr\u00e8s important dans la lutte contre le protestantisme. Il avait \u00e9chou\u00e9 dans cette mission mais, cette fois-ci, avec le concours de la Ligue Catholique et le soutien du Roi Philippe II d&rsquo;Espagne, il revendiquait le tr\u00f4ne de France pour le Cardinal de Bourbon.<br>Charles de Bourbon \u00e9tait \u00e9v\u00eaque de Beauvais depuis le jour o\u00f9 Charles IX s&rsquo;\u00e9tait press\u00e9 de remplacer l&rsquo;\u00e9v\u00eaque Odet de Ch\u00e2tillon qui \u00e9tait pass\u00e9 au Calvinisme. Il voulait un \u00e9v\u00eaque pr\u00eat \u00e0 extirper le protestantisme de Beauvais (1569) et utilisait ainsi Saint-Gelais pour faire croire qu&rsquo;ils voulaient imposer les D\u00e9crets du Concile de Trente alors qu&rsquo;en r\u00e9alit\u00e9 les \u00e9v\u00eaques Gallicans, tout comme les Huguenots, contestaient la supr\u00e9matie pontificale. Quant \u00e0 Saint-Gelais, sa position \u00e9tait h\u00e9sitante.<br><\/p>\n\n\n\n<div class=\"wp-block-group has-global-padding is-layout-constrained wp-block-group-is-layout-constrained\">\n<figure class=\"wp-block-image alignright size-full is-resized\"><img loading=\"lazy\" decoding=\"async\" width=\"300\" height=\"315\" src=\"http:\/\/delamarre.net\/wpprecy\/wp-content\/uploads\/2024\/08\/p20_Massacre_saint_barthelemy.jpg\" alt=\"\" class=\"wp-image-266\" style=\"width:255px;height:auto\" srcset=\"https:\/\/histoiredeprecy.com\/wp-content\/uploads\/2024\/08\/p20_Massacre_saint_barthelemy.jpg 300w, https:\/\/histoiredeprecy.com\/wp-content\/uploads\/2024\/08\/p20_Massacre_saint_barthelemy-286x300.jpg 286w\" sizes=\"auto, (max-width: 300px) 100vw, 300px\" \/><figcaption class=\"wp-element-caption\">Massacre de St Barthelemy<\/figcaption><\/figure>\n\n\n\n<p>Entre-temps, le Duc de Guise s&rsquo;\u00e9tait autoproclam\u00e9 lieutenant de l&rsquo;\u00e9tat royal et de la couronne de France. Il essaya dans un dernier soubresaut d&rsquo;imposer le Cardinal Charles de Bourbon comme \u00ab <em>Bon Roi de France<\/em> \u00bb sous le nom de \u00ab Charles X \u00bb. Il devait prendre possession du tr\u00f4ne aussit\u00f4t qu&rsquo;on l&rsquo;aurait sauv\u00e9 de la prison o\u00f9 ses ennemis le retenaient. Ce remue-m\u00e9nage ne servit \u00e0 rien. Catherine de M\u00e9dicis y mit alors son grain de sel.<br>Elle d\u00e9cida de marier sa fille Margot (Marguerite de Valois) au roi Henri de Navarre en exigeant la conversion du B\u00e9arnais. Ce fut fait le 19 ao\u00fbt 1572. Le 23 ao\u00fbt, le roi convoqua le Conseil priv\u00e9 qui d\u00e9cida de la Saint-Barth\u00e9lemy. Louis de Saint-Gelais \u00ab <em>est m\u00eame de ceux qui tiennent la main-forte \u00e0 l&rsquo;entreprise <\/em>\u00bb. (De Thou). Henri de Navarre avait \u00e9chapp\u00e9 \u00e0 la sanglante Saint-Barth\u00e9lemy et \u00e0 beaucoup d&rsquo;autres tentatives d&rsquo; \u00e9limination.<br>Paris, asservi par les ligueurs, \u00e9tait sur le point de tomber quand la foule, dans un sursaut de r\u00e9volte et d&rsquo;\u00e9c\u0153urement, se dressa contre Henri III qui avait commandit\u00e9 l&rsquo;assassinat du duc de Guise. Le prince de Cond\u00e9 voulut lui aussi une revanche personnelle contre le roi et ses mignons sodomites. Comment pouvait-il oublier que le duc d&rsquo;Anjou, l&rsquo;actuel roi de France, avait fait porter sur le dos d&rsquo;une \u00e2nesse, le cadavre de son p\u00e8re assassin\u00e9 \u00e0 la Bataille de Jarnac (1569), bras et jambes pendantes, et qu&rsquo;il avait ainsi laiss\u00e9 expos\u00e9 aux insultes des Catholiques devant une \u00e9glise. On avait, \u00e0 la mort de ce prince protestant, chant\u00e9 le Te Deum dans toute la France. Le peuple, \u00e9coeur\u00e9 et ruin\u00e9 par les guerres, r\u00e9clama la mort du roi tyran. Dans les \u00e9glises, on chantait des psaumes de p\u00e9nitences pour obtenir une intervention divine.<br><\/p>\n\n\n\n<div class=\"wp-block-group has-global-padding is-layout-constrained wp-block-group-is-layout-constrained\">\n<figure class=\"wp-block-image alignleft size-full is-resized\"><img loading=\"lazy\" decoding=\"async\" width=\"325\" height=\"414\" src=\"http:\/\/delamarre.net\/wpprecy\/wp-content\/uploads\/2024\/08\/jacques_clement.jpg\" alt=\"\" class=\"wp-image-268\" style=\"width:171px;height:auto\" srcset=\"https:\/\/histoiredeprecy.com\/wp-content\/uploads\/2024\/08\/jacques_clement.jpg 325w, https:\/\/histoiredeprecy.com\/wp-content\/uploads\/2024\/08\/jacques_clement-236x300.jpg 236w\" sizes=\"auto, (max-width: 325px) 100vw, 325px\" \/><figcaption class=\"wp-element-caption\">Jacques Cl\u00e9ment<\/figcaption><\/figure>\n\n\n\n<p>Les cur\u00e9s pla\u00e7aient le portrait du roi sur les autels et faisaient des c\u00e9r\u00e9monies d&rsquo;envo\u00fbtement comme s&rsquo;il \u00e9tait l&rsquo;incarnation de Satan.<br>Paris ne manquait pas de fanatiques hant\u00e9s par l&rsquo;id\u00e9e du meurtre. Jacques Cl\u00e9ment, un Jacobin de vingt-trois ans, d\u00e9cida de passer au r\u00e9gicide. On lui obtint un passeport. Introduit dans la chambre du roi, il se prosterne, demande d&rsquo;\u00e9carter les gens pour d\u00e9livrer un message secret au roi. Comme le roi se penche alors vers lui pour mieux l&rsquo;entendre, il lui donne un coup de poignard dont il devait mourir. Le roi mourant eut le temps de convoquer Henri de Navarre pour l&rsquo;engager \u00e0 se convertir au catholicisme. Il l&#8217;embrassa et le reconnut comme son successeur.<br><\/p>\n\n\n\n<div class=\"wp-block-group has-global-padding is-layout-constrained wp-block-group-is-layout-constrained\">\n<figure class=\"wp-block-image alignright size-full is-resized\"><img loading=\"lazy\" decoding=\"async\" width=\"264\" height=\"375\" src=\"http:\/\/delamarre.net\/wpprecy\/wp-content\/uploads\/2024\/08\/armes_st_gelais_p-1.jpg\" alt=\"\" class=\"wp-image-269\" style=\"width:178px;height:auto\" srcset=\"https:\/\/histoiredeprecy.com\/wp-content\/uploads\/2024\/08\/armes_st_gelais_p-1.jpg 264w, https:\/\/histoiredeprecy.com\/wp-content\/uploads\/2024\/08\/armes_st_gelais_p-1-211x300.jpg 211w\" sizes=\"auto, (max-width: 264px) 100vw, 264px\" \/><figcaption class=\"wp-element-caption\">Armoiries Saint Gelais<\/figcaption><\/figure>\n\n\n\n<p>L&rsquo;assassinat d&rsquo;Henri III jeta l&rsquo;arm\u00e9e royale dans la stupeur et la consternation. Que faire ? Un fait \u00e9tait certain : la couronne appartenait de droit \u00e0 Henri de Bourbon, roi de Navarre, alors que toute la Cour savait que Louis de Saint-Gelais \u00e9tait le seul fils naturel survivant du roi Fran\u00e7ois Ier. Seulement, il n&rsquo;avait pas la l\u00e9gitimit\u00e9&#8230;<br>Puis, sur la promesse formelle par laquelle Henri de Navarre s&rsquo;engageait \u00e0 maintenir la religion catholique et \u00e0 ne permettre l&rsquo;exercice du culte calviniste que conform\u00e9ment aux d\u00e9crets du d\u00e9funt roi, la presque totalit\u00e9 de l&rsquo;arm\u00e9e le proclama roi de France sous le nom d&rsquo;Henri IV et lui pr\u00eata serment de fid\u00e9lit\u00e9.<br><br>Le corps d&rsquo;Henri III fut conduit \u00e0 Compi\u00e8gne pour y \u00eatre d\u00e9pos\u00e9 provisoirement. Nicolas Fum\u00e9e, \u00e9v\u00eaque de Beauvais, accompagnait Henri IV et c\u00e9l\u00e9bra les fun\u00e9railles du roi assassin\u00e9. Quand le cort\u00e8ge fun\u00e8bre traversa le Beauvaisis pour se diriger vers Compi\u00e8gne, Clermont lui refusa de passer pr\u00e8s de ses murs. Indign\u00e9 par ce refus, Henri IV se vengea de l&rsquo;affront qu&rsquo;on venait de lui infliger et prit de force le ch\u00e2teau et la ville.<br><\/p>\n\n\n\n<div class=\"wp-block-group has-global-padding is-layout-constrained wp-block-group-is-layout-constrained\">\n<figure class=\"wp-block-image alignleft size-full is-resized\"><img loading=\"lazy\" decoding=\"async\" width=\"435\" height=\"650\" src=\"http:\/\/delamarre.net\/wpprecy\/wp-content\/uploads\/2024\/08\/henri_iv.jpg\" alt=\"\" class=\"wp-image-271\" style=\"width:178px;height:auto\" srcset=\"https:\/\/histoiredeprecy.com\/wp-content\/uploads\/2024\/08\/henri_iv.jpg 435w, https:\/\/histoiredeprecy.com\/wp-content\/uploads\/2024\/08\/henri_iv-201x300.jpg 201w\" sizes=\"auto, (max-width: 435px) 100vw, 435px\" \/><figcaption class=\"wp-element-caption\">Henri IV<\/figcaption><\/figure>\n\n\n\n<p>Louis de Saint-Gelais s&rsquo;\u00e9tait entre-temps retir\u00e9 des affaires publiques et s&rsquo;\u00e9tait r\u00e9fugi\u00e9 \u00e0 Pr\u00e9cy. En 1586, son ch\u00e2teau de la Motte fut assi\u00e9g\u00e9 par les Huguenots et celui d&rsquo;Exoudun pris par le roi de Navarre. Sa sant\u00e9 fortement \u00e9branl\u00e9e ne lui permit pas de surmonter les \u00e9checs et les \u00e9preuves. Il mourut au ch\u00e2teau de Pr\u00e9cy le 5 octobre 1589. Il fut inhum\u00e9 en l&rsquo;\u00e9glise de Pr\u00e9cy o\u00f9 son mausol\u00e9e fut d\u00e9truit et sa s\u00e9pulture viol\u00e9e pendant le vandalisme de la terreur r\u00e9volutionnaire. Son \u00e9cu figure sur la fa\u00e7ade nord de l&rsquo;\u00e9glise et ses armoiries tr\u00f4nent dans la tour hexagonale du ch\u00e2teau de Pr\u00e9cy. Il portait \u00e9cartel\u00e9 au premier et au quatri\u00e8me d&rsquo;azur \u00e0 la croix alais\u00e9e d&rsquo;argent, qui est de Saint-Gelais, et au deuxi\u00e8me et au troisi\u00e8me burel\u00e9 d&rsquo;argent et d&rsquo;azur des dix fasces, au lion de gueules, arm\u00e9, lampass\u00e9 et couronn\u00e9 d&rsquo;or, qui est de Lusignan. Un cordon entoure son blason. C&rsquo;est celui de l&rsquo;Ordre du Saint Esprit que le roi Henri III avait cr\u00e9\u00e9 en 1578 pour honorer ceux des courtisans qui combattaient les protestants. Pour ses adversaires qui r\u00e9clamaient \u00e0 un moment donn\u00e9 des preuves de sa haute noblesse, il met sur son blason \u00e0 c\u00f4t\u00e9 de la croix des Saint-Gelais, les armes des Lusignan, ses anc\u00eatres, et sur son heaume figure la f\u00e9e M\u00e9lusine dissimulant une partie de sa queue de serpent dans le cuvier de son bain.<br><\/p>\n\n\n\n<div class=\"wp-block-group has-global-padding is-layout-constrained wp-block-group-is-layout-constrained\">\n<figure class=\"wp-block-image alignright size-full is-resized\"><img loading=\"lazy\" decoding=\"async\" width=\"159\" height=\"192\" src=\"http:\/\/delamarre.net\/wpprecy\/wp-content\/uploads\/2024\/08\/p_armes_st_gelais_lusignan.jpg\" alt=\"\" class=\"wp-image-272\" style=\"width:137px;height:auto\"\/><figcaption class=\"wp-element-caption\">Armes St Gelais de Lusignan<\/figcaption><\/figure>\n\n\n\n<p>Avec la mort de Louis de Saint-Gelais de Lusignan, une page est tourn\u00e9e, un si\u00e8cle est pass\u00e9. Coligny \u00e9tait massacr\u00e9 \u00e0 la Saint Barth\u00e9lemy (1572), Marie Stuart avait \u00e9t\u00e9 d\u00e9capit\u00e9e (1587), le duc de Guise \u00e9tait assassin\u00e9 (1588), Catherine de M\u00e9dicis devait mourir quelques jours apr\u00e8s son fils le Roi Henri III poignard\u00e9 en ao\u00fbt 1589. Henri de Navarre abjure d\u00e9finitivement le protestantisme (1593), se fait sacrer roi \u00e0 Chartres et fait son entr\u00e9e triomphale \u00e0 Paris en 1594. Il fut roi de France jusqu&rsquo;au 14 mai 1610 lorsqu&rsquo;il fut \u00e0 son tour assassin\u00e9 par Ravaillac qui croyait ainsi sauver la religion catholique.<br>Ce XVIe si\u00e8cle reste dans l&rsquo;Histoire du catholicisme un des plus sombres et des plus sanglants. Ce fut un si\u00e8cle d&#8217;embrouilles tragiques tant sur le plan int\u00e9rieur o\u00f9 les abominables guerres de religion divisaient les Fran\u00e7ais, que sur le plan ext\u00e9rieur o\u00f9 toute l&rsquo;Europe s&rsquo;unit pour r\u00e9sister \u00e0 l&rsquo;envahisseur ottoman qui veut imposer l&rsquo;islam<br>Le conflit entre l&rsquo;Europe chr\u00e9tienne et le monde islamique inaugure \u00e0 ce moment-l\u00e0 l&rsquo;interp\u00e9n\u00e9tration sanglante et parfois terroriste de ces deux civilisations \u00e0 travers les si\u00e8cles.<\/p>\n<\/div>\n<\/div>\n<\/div>\n<\/div>\n<\/div>\n<\/div>\n<\/div>\n<\/div>\n<\/div>\n<\/div>\n<\/div>\n<\/div>\n","protected":false},"excerpt":{"rendered":"<p>Seigneur de Pr\u00e9cy 1570-1589(1513 &#8211; 1589) Le plus attachant seigneur de Pr\u00e9cy est sans aucun doute le fils naturel du roi Fran\u00e7ois ler, demi-fr\u00e8re du roi Henri II, et oncle des rois Fran\u00e7ois II (+1560), Charles IX (+1574) et Henri III (+1589).Le futur roi Fran\u00e7ois ler avait dix-huit ans lorsqu&rsquo;il succomba aux charmes de la [&hellip;]<\/p>\n","protected":false},"author":1,"featured_media":0,"comment_status":"closed","ping_status":"open","sticky":false,"template":"","format":"standard","meta":{"footnotes":""},"categories":[1],"tags":[],"class_list":["post-254","post","type-post","status-publish","format-standard","hentry","category-non-classe"],"_links":{"self":[{"href":"https:\/\/histoiredeprecy.com\/index.php\/wp-json\/wp\/v2\/posts\/254","targetHints":{"allow":["GET"]}}],"collection":[{"href":"https:\/\/histoiredeprecy.com\/index.php\/wp-json\/wp\/v2\/posts"}],"about":[{"href":"https:\/\/histoiredeprecy.com\/index.php\/wp-json\/wp\/v2\/types\/post"}],"author":[{"embeddable":true,"href":"https:\/\/histoiredeprecy.com\/index.php\/wp-json\/wp\/v2\/users\/1"}],"replies":[{"embeddable":true,"href":"https:\/\/histoiredeprecy.com\/index.php\/wp-json\/wp\/v2\/comments?post=254"}],"version-history":[{"count":8,"href":"https:\/\/histoiredeprecy.com\/index.php\/wp-json\/wp\/v2\/posts\/254\/revisions"}],"predecessor-version":[{"id":1807,"href":"https:\/\/histoiredeprecy.com\/index.php\/wp-json\/wp\/v2\/posts\/254\/revisions\/1807"}],"wp:attachment":[{"href":"https:\/\/histoiredeprecy.com\/index.php\/wp-json\/wp\/v2\/media?parent=254"}],"wp:term":[{"taxonomy":"category","embeddable":true,"href":"https:\/\/histoiredeprecy.com\/index.php\/wp-json\/wp\/v2\/categories?post=254"},{"taxonomy":"post_tag","embeddable":true,"href":"https:\/\/histoiredeprecy.com\/index.php\/wp-json\/wp\/v2\/tags?post=254"}],"curies":[{"name":"wp","href":"https:\/\/api.w.org\/{rel}","templated":true}]}}