{"id":341,"date":"2024-08-05T11:51:29","date_gmt":"2024-08-05T09:51:29","guid":{"rendered":"http:\/\/delamarre.net\/wpprecy\/?p=341"},"modified":"2024-08-15T15:20:55","modified_gmt":"2024-08-15T13:20:55","slug":"angelique-de-vaucouleurs","status":"publish","type":"post","link":"https:\/\/histoiredeprecy.com\/index.php\/2024\/08\/05\/angelique-de-vaucouleurs\/","title":{"rendered":"Ang\u00e9lique de Vaucouleurs"},"content":{"rendered":"\n<div class=\"wp-block-group has-global-padding is-layout-constrained wp-block-group-is-layout-constrained\">\n<figure class=\"wp-block-image alignleft size-full is-resized\"><img loading=\"lazy\" decoding=\"async\" width=\"300\" height=\"202\" src=\"http:\/\/delamarre.net\/wpprecy\/wp-content\/uploads\/2024\/08\/p42_cardinal_chigi_a_fontainebleau.jpg\" alt=\"\" class=\"wp-image-343\" style=\"width:277px;height:auto\"\/><figcaption class=\"wp-element-caption\">Le Cardinal Chigi \u00e0 Fontainebleau<\/figcaption><\/figure>\n\n\n\n<p><br>Le Pouill\u00e9 du Dioc\u00e8se de Beauvais, \u00e9tabli en 1707, pr\u00e9cise qu&rsquo;un indult dat\u00e9 du 22 ao\u00fbt 1664 sign\u00e9 par le Cardinal Chigi, l\u00e9gat papal en France, accorde \u00e0 \u00a0\u00bb <em><strong>Ang\u00e9lique de Vaucouleurs<\/strong> \u00e2g\u00e9e de 55 ans, fort infirme, ayant b\u00e2ti \u00e0 ses d\u00e9pens une maison pour panser les malades, recevoir les orphelins et <strong>INSTRUIRE LA JEUNESSE<\/strong>, et promettant y construire un oratoire&#8230; que cette maison soit \u00e9rig\u00e9e en h\u00f4pital et qu&rsquo;on puisse y administrer le sacrement de l&rsquo;Eucharistie&#8230;<\/em> \u00ab\u00a0.<br>Quelques ruines de ce petit oratoire subsistent au n\u00b028 bis de la rue Gaston Wateau. En 1980, on pouvait encore y voir le petit clocheton qui s&rsquo;\u00e9croula lors d&rsquo;une temp\u00eate.<br><strong>Ang\u00e9lique de Vaucouleurs<\/strong> paya de ses deniers \u00a0\u00bb l&rsquo;\u00e9col\u00e2tre paroissial \u00a0\u00bb de Pr\u00e9cy pour que l&rsquo;enseignement soit gratuitement dispens\u00e9 dans son \u00e9tablissement. Le livre des comptes de la paroisse mentionne que \u00a0\u00bb <em>l&rsquo;\u00e9col\u00e2tre paroissial et maistre d&rsquo;escolle aupr\u00e8s de Dame de Vaucouleurs qui le r\u00e9tribue pour ce service, devra \u00e9galement dresser un \u00e9tat des bapt\u00eames, mariages et s\u00e9pultures dans la paroisse, ainsi que des \u00e9v\u00e9nements remarquables et curieux survenus au village<\/em> \u00ab\u00a0.<br>Etant donn\u00e9 la modicit\u00e9 de son traitement paroissial \u2013 250 livres en 1787 \u2013 il b\u00e9n\u00e9ficiera de l&rsquo;herbe et du foin du cimeti\u00e8re, des fruits des arbres derri\u00e8re l&rsquo;\u00e9glise, ainsi que de la fiente des pigeons du clocher, qu&rsquo;il mettait en sach\u00e9es, vendues \u00e0 raison de 30 sols le sac. (1775).<br><\/p>\n\n\n\n<div class=\"wp-block-group has-global-padding is-layout-constrained wp-block-group-is-layout-constrained\">\n<figure class=\"wp-block-image alignright size-full is-resized\"><img loading=\"lazy\" decoding=\"async\" width=\"323\" height=\"400\" src=\"http:\/\/delamarre.net\/wpprecy\/wp-content\/uploads\/2024\/08\/germain_noel_p.jpg\" alt=\"\" class=\"wp-image-345\" style=\"width:232px;height:auto\" srcset=\"https:\/\/histoiredeprecy.com\/wp-content\/uploads\/2024\/08\/germain_noel_p.jpg 323w, https:\/\/histoiredeprecy.com\/wp-content\/uploads\/2024\/08\/germain_noel_p-242x300.jpg 242w\" sizes=\"auto, (max-width: 323px) 100vw, 323px\" \/><figcaption class=\"wp-element-caption\">Germain No\u00ebl<\/figcaption><\/figure>\n\n\n\n<p>Vu sa situation pr\u00e9caire, il lui sera accord\u00e9 de prendre des \u00e9l\u00e8ves en pension \u00a0\u00bb <em>pourvu que les droits d&rsquo;\u00e9colage soient r\u00e9gl\u00e9s par les parents, suivant l&rsquo;\u00e2ge et le degr\u00e9 d&rsquo;instruction des enfants&#8230;<\/em> \u00ab\u00a0. Ces cours particuliers \u00e9taient pay\u00e9s en argent et en nature, l&rsquo;encre, les plumes et le papier \u00e9taient \u00e0 charge des parents de ces \u00e9l\u00e8ves particuliers.<br>En d\u00e9cembre 1788, un laboureur donne au ma\u00eetre d&rsquo;\u00e9cole : \u00a0\u00bb <em>un minot de bl\u00e9 et 24 sols par mois<\/em> \u00a0\u00bb pour l&rsquo;enseignement prodigu\u00e9 \u00e0 son fils. Pour l&rsquo;apprentissage du plein chant, il lui donne 250 fagots \u00e0 13 livres.<br>En 1788, le ma\u00eetre d&rsquo;\u00e9cole demande 24 livres pour un cours particulier d&rsquo;arpentage ou mesurage.<br>Ces \u00e9l\u00e8ves des cours particuliers \u00e9taient surtout des fils de laboureurs ou vignerons ais\u00e9s.<br>Pour pouvoir payer l&rsquo;\u00e9col\u00e2tre et entretenir les pauvres et les orphelins de son \u00e9tablissement o\u00f9 \u00a0\u00bb <em>elle fournissait gratuitement le trousseau, la nourriture, papier, plume et encre \u00e0 ses prot\u00e9g\u00e9s<\/em> \u00ab\u00a0, Ang\u00e9lique avait obtenu l&rsquo;autorisation de qu\u00eater une fois par mois dans la paroisse et de placer des troncs chez quelques commer\u00e7ants tels le boucher, les boulangers et les vignerons. Le reste de leurs modestes ressources provenaient de dons, de legs, de jubil\u00e9s, d&rsquo;amendes de cabarets, de rentes, etc&#8230;<br>Le chirurgien-apothicaire, habitant \u00e0 c\u00f4t\u00e9 de sa maison, soignait gracieusement les quelques pauvres malades et orphelins qu&rsquo;Ang\u00e9lique de Vaucouleurs avait pris sous son aile. Quand plus tard, \u00e0 la mort du m\u00e9decin g\u00e9n\u00e9reux, elle dut faire appel au sieur Allou, ma\u00eetre chirurgien \u00e0 Pr\u00e9cy, elle r\u00e9gla sur ses propres deniers les honoraires du m\u00e9decin.<br><\/p>\n\n\n\n<div class=\"wp-block-group has-global-padding is-layout-constrained wp-block-group-is-layout-constrained\">\n<figure class=\"wp-block-image alignleft size-full is-resized\"><img loading=\"lazy\" decoding=\"async\" width=\"425\" height=\"284\" src=\"http:\/\/delamarre.net\/wpprecy\/wp-content\/uploads\/2024\/08\/p43_hopital_moyen_age.jpg\" alt=\"\" class=\"wp-image-347\" style=\"width:334px;height:auto\" srcset=\"https:\/\/histoiredeprecy.com\/wp-content\/uploads\/2024\/08\/p43_hopital_moyen_age.jpg 425w, https:\/\/histoiredeprecy.com\/wp-content\/uploads\/2024\/08\/p43_hopital_moyen_age-300x200.jpg 300w\" sizes=\"auto, (max-width: 425px) 100vw, 425px\" \/><figcaption class=\"wp-element-caption\">Un h\u00f4pital au Moyen Age<\/figcaption><\/figure>\n\n\n\n<p>La scolarit\u00e9 \u00e9tait rythm\u00e9e par les saisons et les travaux agricoles, ce qui signifie que peu d&rsquo;enfants suivaient l&rsquo;\u00e9cole pendant la pr\u00e9paration des champs et des vignes, la moisson et les vendanges. L&rsquo;hiver \u00e9tait la saison la plus propice \u00e0 l&rsquo;instruction.<br>A la charge du ma\u00eetre d&rsquo;\u00e9cole \u00e9galement, l&rsquo;organisation de la f\u00eate de Sainte Catherine (25 novembre) pour les filles et la Saint Nicolas (6 d\u00e9cembre) patron des \u00e9coliers, pour les gar\u00e7ons. Ces f\u00eates furent supprim\u00e9es en 1788 \u00a0\u00bb <em>vu la chert\u00e9 des denr\u00e9es<\/em> \u00a0\u00bb pour le repas de f\u00eate donn\u00e9 \u00e0 ces occasions.<br>Le ma\u00eetre d&rsquo;\u00e9cole assistait le bedeau et les enfants de choeur, il veillait aux sonneries des cloches. Un article du r\u00e8glement pr\u00e9cise : \u00a0\u00bb <em>l&rsquo;\u00e9cole sera sonn\u00e9e tous les jours au coup de huit heures du matin et commencera \u00e0 huit heures et demie juste pour finir qu&rsquo;\u00e0 midi moins le quart pass\u00e9 et que l&rsquo;Ang\u00e9lus puisse \u00eatre sonn\u00e9 \u00e0 midi juste. L&rsquo;Apr\u00e8s midi elle sera sonn\u00e9e \u00e0 une heure et demie et commencera \u00e0 deux heures juste pour finir \u00e0 cinq<\/em> \u00ab\u00a0. (E. Morel)<br>C&rsquo;est l&rsquo;\u00e9col\u00e2tre lui-m\u00eame qui sonnait la cloche de l&rsquo;\u00e9glise pour avertir les \u00e9coliers de se rendre \u00e0 l&rsquo;\u00e9cole. Pour l&rsquo;entretien du jardin potager du cur\u00e9, il touchait \u00e9galement une gratification annuelle de 40 livres en 1789, sans parler des \u00e9trennes (6 livres) et autres dons en argent ou en nature.<br><\/p>\n\n\n\n<div class=\"wp-block-group has-global-padding is-layout-constrained wp-block-group-is-layout-constrained\">\n<figure class=\"wp-block-image alignright size-full is-resized\"><img loading=\"lazy\" decoding=\"async\" width=\"900\" height=\"567\" src=\"http:\/\/delamarre.net\/wpprecy\/wp-content\/uploads\/2024\/08\/sortie_ecoles_900.jpg\" alt=\"\" class=\"wp-image-349\" style=\"width:324px;height:auto\" srcset=\"https:\/\/histoiredeprecy.com\/wp-content\/uploads\/2024\/08\/sortie_ecoles_900.jpg 900w, https:\/\/histoiredeprecy.com\/wp-content\/uploads\/2024\/08\/sortie_ecoles_900-300x189.jpg 300w, https:\/\/histoiredeprecy.com\/wp-content\/uploads\/2024\/08\/sortie_ecoles_900-768x484.jpg 768w\" sizes=\"auto, (max-width: 900px) 100vw, 900px\" \/><figcaption class=\"wp-element-caption\">La sortie des \u00e9coles<\/figcaption><\/figure>\n\n\n\n<p>Lorsqu&rsquo;au printemps 1789, la mis\u00e8re se fit sentir davantage, les marguilliers de la paroisse vot\u00e8rent une allocation pour financer la charit\u00e9 d&rsquo;<strong>Ang\u00e9lique de Vaucouleurs<\/strong>. Le ma\u00eetre d&rsquo;\u00e9cole \u00e9tait \u00e9galement r\u00e9tribu\u00e9 \u00a0\u00bb <em>pour faire la d\u00eeme<\/em> \u00a0\u00bb et pour tirer le canon et sonner les cloches lors de l&rsquo;installation d&rsquo;un nouveau cur\u00e9. Il \u00e9tait, en somme, la main droite autant du cur\u00e9 que de Dame Ang\u00e9lique de Vaucouleurs et du duc de Montmorency, puisque ce dernier lui paya \u00e9galement un traitement de cinquante livres par an.<br>Vers 1720, Madame de Montmorency-Bouteville y installa une religieuse de Sainte Genevi\u00e8ve de Paris.<br>Louis Graves \u00e9crit en 1823 qu&rsquo;on ne trouve dans le canton d&rsquo;autre enseignement que celui des \u00e9coles primaires. Dans sa liste, il signale qu&rsquo;il y avait en 1823, soixante deux \u00e9coliers \u00e0 Pr\u00e9cy et que, sur 749 habitants, 149 personnes savaient lire et \u00e9crire.<br><\/p>\n\n\n\n<div class=\"wp-block-group has-global-padding is-layout-constrained wp-block-group-is-layout-constrained\">\n<figure class=\"wp-block-image alignleft size-full is-resized\"><img loading=\"lazy\" decoding=\"async\" width=\"262\" height=\"400\" src=\"http:\/\/delamarre.net\/wpprecy\/wp-content\/uploads\/2024\/08\/eglise_ensemble_p.jpg\" alt=\"\" class=\"wp-image-350\" style=\"width:203px;height:auto\" srcset=\"https:\/\/histoiredeprecy.com\/wp-content\/uploads\/2024\/08\/eglise_ensemble_p.jpg 262w, https:\/\/histoiredeprecy.com\/wp-content\/uploads\/2024\/08\/eglise_ensemble_p-197x300.jpg 197w\" sizes=\"auto, (max-width: 262px) 100vw, 262px\" \/><figcaption class=\"wp-element-caption\">Eglise de Pr\u00e9cy sur Oise<\/figcaption><\/figure>\n\n\n\n<p>L&rsquo;endroit pr\u00e9cis o\u00f9 se trouvait l&rsquo;\u00e9cole est celui de la Maison de Charit\u00e9 fond\u00e9e par <strong>Ang\u00e9lique de Vaucouleurs<\/strong> en 1664. A la R\u00e9volution, les ma\u00eetres d&rsquo;\u00e9cole sont interdits et les Religieuses enfuies en exil en Belgique. Plus tard, le 21 pluvi\u00f4se de l&rsquo;an II de la R\u00e9publique, le citoyen Louis S\u00e9bastien Landru, ancien ma\u00eetre d&rsquo;\u00e9cole de la paroisse de Pr\u00e9cy et de la Charit\u00e9 est autoris\u00e9 \u00e0 sa demande \u00e0 ouvrir une \u00e9cole \u00e0 Pr\u00e9cy. Madeleine Ginette Le Coeur est \u00e9galement autoris\u00e9e \u00e0 ouvrir une \u00e9cole \u00e0 partir du premier vent\u00f4se de l&rsquo;an II de la R\u00e9publique.<br>Pour aider Landru \u00e0 arrondir ses fins de mois, le maire et les officiers municipaux de Pr\u00e9cy le choisissent plus tard pour \u00a0\u00bb <em>balayer ou faire balayer le temple de l&rsquo;\u00catre Supr\u00eame et la chambre de la commune la veille de chaque d\u00e9cadi et des f\u00eates&#8230; et il lui sera pay\u00e9 trente livres<\/em> \u00ab\u00a0.<br>Comme \u00a0\u00bb <em>il n&rsquo;y a dans la commune aucun autre logement possible d&rsquo;occuper pour les \u00e9coles primaires que la maison dite &lsquo; la Charit\u00e9 &lsquo; &#8211; d&rsquo;Ang\u00e9lique de Vaucouleurs \u2013 les administrateurs du Directoire du District autorisent la municipalit\u00e9 \u00e0 s&#8217;emparer de la Charit\u00e9 pour y faire tenir les \u00e9coles primaires..<\/em>.\u00a0\u00bb. Le 12 d\u00e9cembre 1790, Jacques Jean Charles Tellier, sergent de ladite municipalit\u00e9 proc\u00e9da \u00e0 la vente des meubles et effets \u00e9tant en la maison de la Charit\u00e9&#8230; et l&rsquo;\u00e9cole primaire y fut install\u00e9e.<br><strong>Ang\u00e9lique de Vaucouleurs<\/strong> morte en 1686 \u00e0 l&rsquo;\u00e2ge de 77 ans n&rsquo;a pas connu ces tristes \u00e9v\u00e9nements.<br>Son oeuvre devait cependant continuer dans un autre esprit et sous d&rsquo;autres formes mais toujours au service de la jeunesse.<\/p>\n<\/div>\n<\/div>\n<\/div>\n<\/div>\n<\/div>\n","protected":false},"excerpt":{"rendered":"<p>Le Pouill\u00e9 du Dioc\u00e8se de Beauvais, \u00e9tabli en 1707, pr\u00e9cise qu&rsquo;un indult dat\u00e9 du 22 ao\u00fbt 1664 sign\u00e9 par le Cardinal Chigi, l\u00e9gat papal en France, accorde \u00e0 \u00a0\u00bb Ang\u00e9lique de Vaucouleurs \u00e2g\u00e9e de 55 ans, fort infirme, ayant b\u00e2ti \u00e0 ses d\u00e9pens une maison pour panser les malades, recevoir les orphelins et INSTRUIRE LA [&hellip;]<\/p>\n","protected":false},"author":1,"featured_media":0,"comment_status":"closed","ping_status":"open","sticky":false,"template":"","format":"standard","meta":{"footnotes":""},"categories":[1],"tags":[],"class_list":["post-341","post","type-post","status-publish","format-standard","hentry","category-non-classe"],"_links":{"self":[{"href":"https:\/\/histoiredeprecy.com\/index.php\/wp-json\/wp\/v2\/posts\/341","targetHints":{"allow":["GET"]}}],"collection":[{"href":"https:\/\/histoiredeprecy.com\/index.php\/wp-json\/wp\/v2\/posts"}],"about":[{"href":"https:\/\/histoiredeprecy.com\/index.php\/wp-json\/wp\/v2\/types\/post"}],"author":[{"embeddable":true,"href":"https:\/\/histoiredeprecy.com\/index.php\/wp-json\/wp\/v2\/users\/1"}],"replies":[{"embeddable":true,"href":"https:\/\/histoiredeprecy.com\/index.php\/wp-json\/wp\/v2\/comments?post=341"}],"version-history":[{"count":6,"href":"https:\/\/histoiredeprecy.com\/index.php\/wp-json\/wp\/v2\/posts\/341\/revisions"}],"predecessor-version":[{"id":1816,"href":"https:\/\/histoiredeprecy.com\/index.php\/wp-json\/wp\/v2\/posts\/341\/revisions\/1816"}],"wp:attachment":[{"href":"https:\/\/histoiredeprecy.com\/index.php\/wp-json\/wp\/v2\/media?parent=341"}],"wp:term":[{"taxonomy":"category","embeddable":true,"href":"https:\/\/histoiredeprecy.com\/index.php\/wp-json\/wp\/v2\/categories?post=341"},{"taxonomy":"post_tag","embeddable":true,"href":"https:\/\/histoiredeprecy.com\/index.php\/wp-json\/wp\/v2\/tags?post=341"}],"curies":[{"name":"wp","href":"https:\/\/api.w.org\/{rel}","templated":true}]}}