{"id":352,"date":"2024-08-05T14:51:05","date_gmt":"2024-08-05T12:51:05","guid":{"rendered":"http:\/\/delamarre.net\/wpprecy\/?p=352"},"modified":"2024-08-15T15:22:44","modified_gmt":"2024-08-15T13:22:44","slug":"messire-alexandre-de-barry","status":"publish","type":"post","link":"https:\/\/histoiredeprecy.com\/index.php\/2024\/08\/05\/messire-alexandre-de-barry\/","title":{"rendered":"Messire Alexandre de Barry"},"content":{"rendered":"\n<p><\/p>\n\n\n\n<div class=\"wp-block-group has-global-padding is-layout-constrained wp-block-group-is-layout-constrained\">\n<figure class=\"wp-block-image alignleft size-full is-resized\"><img loading=\"lazy\" decoding=\"async\" width=\"900\" height=\"532\" src=\"http:\/\/delamarre.net\/wpprecy\/wp-content\/uploads\/2024\/08\/calvaire_900.jpg\" alt=\"\" class=\"wp-image-355\" style=\"width:299px;height:auto\" srcset=\"https:\/\/histoiredeprecy.com\/wp-content\/uploads\/2024\/08\/calvaire_900.jpg 900w, https:\/\/histoiredeprecy.com\/wp-content\/uploads\/2024\/08\/calvaire_900-300x177.jpg 300w, https:\/\/histoiredeprecy.com\/wp-content\/uploads\/2024\/08\/calvaire_900-768x454.jpg 768w\" sizes=\"auto, (max-width: 900px) 100vw, 900px\" \/><figcaption class=\"wp-element-caption\">Le calvaire de Pr\u00e9cy<\/figcaption><\/figure>\n\n\n\n<p><br>En 1696, Alexandre de Barry fut nomm\u00e9 cur\u00e9 de \u00ab Pr\u00e9cy en Isle de France \u00bb.<br>La chronique paroissiale qui relate son installation est pittoresque. Le rituel ou c\u00e9r\u00e9monial utilis\u00e9 de 1563 \u00e0 1789 et m\u00eame au-del\u00e0, \u00e9tait \u00e0 peu de chose pr\u00e8s, partout le m\u00eame en Beauvaisis comme en Ile de France. Face aux nombreux abus de la part des la\u00efcs comme de la part du clerg\u00e9 : cur\u00e9s \u00ab nomm\u00e9s \u00bb ne r\u00e9sidant pas dans leur paroisse, pr\u00eatres \u00ab vagi \u00bb, vagabonds sans attache dioc\u00e9saine, la\u00efcs \u00ab cur\u00e9s \u00bb alors qu&rsquo;ils ne sont pas pr\u00eatres, etc&#8230; les r\u00e9formes voulues par le Concile de Trente mettent l&rsquo;accent sur l&rsquo;installation canonique, la fid\u00e9lit\u00e9 \u00e0 l&rsquo;Eglise locale et le devoir de r\u00e9sidence, d&rsquo;o\u00f9 le d\u00e9ploiement d&rsquo;un rituel soulignant ces diff\u00e9rents aspects.<br>Messire Alexandre de Barry arriva un beau matin de juin de l&rsquo;an de gr\u00e2ce mille six cent quatre vingt seize.<br><\/p>\n\n\n\n<div class=\"wp-block-group has-global-padding is-layout-constrained wp-block-group-is-layout-constrained\">\n<figure class=\"wp-block-image alignright size-full is-resized\"><img loading=\"lazy\" decoding=\"async\" width=\"270\" height=\"417\" src=\"http:\/\/delamarre.net\/wpprecy\/wp-content\/uploads\/2024\/08\/p45_garde_suisse3.jpg\" alt=\"\" class=\"wp-image-356\" style=\"width:174px;height:auto\" srcset=\"https:\/\/histoiredeprecy.com\/wp-content\/uploads\/2024\/08\/p45_garde_suisse3.jpg 270w, https:\/\/histoiredeprecy.com\/wp-content\/uploads\/2024\/08\/p45_garde_suisse3-194x300.jpg 194w\" sizes=\"auto, (max-width: 270px) 100vw, 270px\" \/><figcaption class=\"wp-element-caption\">Gardes suisses<\/figcaption><\/figure>\n\n\n\n<p>La cal\u00e8che ouverte qui l&rsquo;amena, lui, le grand-vicaire du Cardinal-\u00e9v\u00eaque de Beauvais et le Prieur de l&rsquo;abbaye de Saint Leu, \u00e9tait tir\u00e9e par deux chevaux blancs. Elle \u00e9tait pr\u00e9c\u00e9d\u00e9e de deux fiacres o\u00f9 avait pris place la famille du nouveau cur\u00e9. Arriv\u00e9 au calvaire \u00e0 l&rsquo;entr\u00e9e sur la route de Beauvais il fut accueilli par le maire, les marguilliers de la paroisse et une foule de paroissiens venus par devoir ou par curiosit\u00e9 pour le conduire en procession jusqu&rsquo;\u00e0 l&rsquo;\u00e9glise. Quand le cur\u00e9 descendit de la cal\u00e8che, le maire s&rsquo;avan\u00e7a pour lui adresser un compliment. Une petite fille lui offrit une gerbe de fleurs et fit une r\u00e9v\u00e9rence. Le cur\u00e9 l&#8217;embrassa. La foule l&rsquo;acclama et applaudit longuement. Puis le cort\u00e8ge se mit en route vers l&rsquo;\u00e9glise.<br>Le cur\u00e9 portait une soutane et une cape en moire aux reflets changeants. Il tenait son chapeau tricorne \u00e0 la main, portait un rabat, une croix pectorale et sur ses chaussures de cuir verniss\u00e9, des boucles d&rsquo;argent. Le Suisse en grande tenue d&rsquo;apparat, coiff\u00e9 de son plus beau chapeau garni de blanches plumes d&rsquo;autruche, sa hallebarde brillante \u00e0 la main, conduisait derri\u00e8re la croix de procession une quinzaine d&rsquo;enfants de ch\u0153ur, tous v\u00eatus d&rsquo;une soutane cardinalice et d&rsquo;un surplis \u00e0 dentelles. Ils portaient des chaussons rouges et sur la t\u00eate une calotte de m\u00eame couleur. Derri\u00e8re eux, pr\u00e9c\u00e9d\u00e9es de la banni\u00e8re de la vierge, d\u00e9filaient les enfants de Marie, toutes v\u00eatues de blanc et enrubann\u00e9es de cordons bleus. Elles avaient le visage voil\u00e9, portaient des gants blancs et chantaient des cantiques sous la conduite de l&rsquo;\u00e9col\u00e2tre de la paroisse. Suivaient \u00e0 cheval, les chevaliers de l&rsquo;arc de la confr\u00e9rie de Saint S\u00e9bastien. Chacun tenait son arc et un \u00e9cu aux armes des Montmorency-Luxembourg. Deux serpents d&rsquo;\u00e9glise accompagnaient le cort\u00e8ge. Les cloches sonnaient \u00e0 toute vol\u00e9e.<br><\/p>\n\n\n\n<div class=\"wp-block-group has-global-padding is-layout-constrained wp-block-group-is-layout-constrained\">\n<figure class=\"wp-block-image alignleft size-full is-resized\"><img loading=\"lazy\" decoding=\"async\" width=\"686\" height=\"512\" src=\"http:\/\/delamarre.net\/wpprecy\/wp-content\/uploads\/2024\/08\/abbaye_st_leu.jpg\" alt=\"\" class=\"wp-image-358\" style=\"width:305px;height:auto\" srcset=\"https:\/\/histoiredeprecy.com\/wp-content\/uploads\/2024\/08\/abbaye_st_leu.jpg 686w, https:\/\/histoiredeprecy.com\/wp-content\/uploads\/2024\/08\/abbaye_st_leu-300x224.jpg 300w\" sizes=\"auto, (max-width: 686px) 100vw, 686px\" \/><figcaption class=\"wp-element-caption\">Ancienne abbaye de St Leu<\/figcaption><\/figure>\n\n\n\n<p>Arriv\u00e9 devant le grand portail de l&rsquo;\u00e9glise, le nouveau cur\u00e9 descendait de la cal\u00e8che et se dirigeait vers la grande croix au milieu du cimeti\u00e8re pour y d\u00e9poser une gerbe de fleurs et s&rsquo;y recueillir quelques instants. Puis, toujours accompagn\u00e9 du grand-vicaire, du Prieur de Saint Leu, des deux chapelains de Pr\u00e9cy, du doyen de Beaumont et des cur\u00e9s des environs, il retournait devant le grand portail de l&rsquo;\u00e9glise o\u00f9 le grand-vicaire invitait le cur\u00e9 \u00ab <em>nomm\u00e9<\/em> \u00bb \u00e0 prendre \u00ab <em>possession r\u00e9elle et corporelle<\/em> \u00bb de son \u00e9glise.<br>Le Prieur de Saint Leu lui remettait aussit\u00f4t la grande clef de l&rsquo;\u00e9glise, qu&rsquo;un enfant de ch\u0153ur lui pr\u00e9sentait sur un coussin rouge. Le cur\u00e9 ouvrait alors la grande porte et entrait en aspergeant d&rsquo;eau b\u00e9nite les fid\u00e8les qui entonnaient l&rsquo;hymne : \u00ab<em> tu es sacerdos in aeternum<\/em> \u00bb. Puis, accompagn\u00e9 du grand-vicaire, l&rsquo;abb\u00e9 Alexandre de Barry se dirigeait vers le ma\u00eetre-autel. Le grand-vicaire, arborant une croix pectorale \u00e0 diamants sur son camail violet, montait solennellement, ouvrait le tabernacle et le cur\u00e9 agenouill\u00e9 devant l&rsquo;autel renouvelait \u00e0 haute et intelligible voix, ses promesses de bapt\u00eame, ses engagements sacerdotaux et sa fid\u00e9lit\u00e9 \u00e0 l&rsquo;Eglise. Le c\u00e9r\u00e9moniaire lui faisait alors signe de se relever et le grand-vicaire lui remettait alors un anneau en disant : \u00ab <em>Recevez cet anneau et portez-le en signe de l&rsquo;alliance du Seigneur avec l&rsquo;Eglise de Pr\u00e9cy. Elle est d\u00e9sormais votre \u00e9pouse dont je vous \u00e9tablis pasteur<\/em> \u00bb.<br><\/p>\n\n\n\n<div class=\"wp-block-group has-global-padding is-layout-constrained wp-block-group-is-layout-constrained\">\n<figure class=\"wp-block-image alignright size-full is-resized\"><img loading=\"lazy\" decoding=\"async\" width=\"574\" height=\"900\" src=\"http:\/\/delamarre.net\/wpprecy\/wp-content\/uploads\/2024\/08\/interieur_eglise_v1_900.jpg\" alt=\"\" class=\"wp-image-359\" style=\"width:198px;height:auto\" srcset=\"https:\/\/histoiredeprecy.com\/wp-content\/uploads\/2024\/08\/interieur_eglise_v1_900.jpg 574w, https:\/\/histoiredeprecy.com\/wp-content\/uploads\/2024\/08\/interieur_eglise_v1_900-191x300.jpg 191w\" sizes=\"auto, (max-width: 574px) 100vw, 574px\" \/><figcaption class=\"wp-element-caption\">Int\u00e9rieur de l&rsquo;\u00e9glise de Pr\u00e9cy<\/figcaption><\/figure>\n\n\n\n<p>Le cur\u00e9 monte alors \u00e0 l&rsquo;autel, baise l&rsquo;autel, ferme le tabernacle et rev\u00eat les ornements sacerdotaux d\u00e9pos\u00e9s sur l&rsquo;autel. Ils sont de toute beaut\u00e9 car \u00e0 Pr\u00e9cy on sait broder et faire des dentelles de qualit\u00e9. Ensuite il pr\u00e9pare le missel pour la messe qu&rsquo;il va c\u00e9l\u00e9brer. Auparavant, le grand-vicaire le conduit aux fonts baptismaux sur lesquels il impose les mains puis le conduit au confessionnal. Il y entre, s&rsquo;assoit et en ressort aussit\u00f4t. Apr\u00e8s, il est conduit au fond de l&rsquo;\u00e9glise o\u00f9 il est invit\u00e9 \u00e0 sonner les cloches en compagnie des trois sonneurs bien rondouillards. Puis il retourne \u00e0 l&rsquo;autel o\u00f9 le grand-vicaire proclame la prise de possession. Apr\u00e8s sa premi\u00e8re messe dans sa nouvelle paroisse, le cur\u00e9 recevait l&rsquo;hommage du maire, des marguilliers et des notables de la paroisse. Un banquet organis\u00e9 au presbyt\u00e8re cl\u00f4turait la c\u00e9r\u00e9monie. A voir le menu, il faut croire qu&rsquo;ils avaient de solides estomacs.<br>Il y avait plusieurs entr\u00e9es, des entremets, plusieurs viandes rouges et blanches, des faisans et des chapons, des poissons, des fruits et des desserts ; le tout arros\u00e9 de vins appropri\u00e9s \u00e0 chaque plat.<br>Un vrai repas de noce ! &#8230;<br>Le Rituel de cette \u00e9poque invite le cur\u00e9 \u00e0 redire chaque jour la pri\u00e8re ; \u00ab <em>Seigneur, vous \u00eates celui qui chaque matin passe \u00e0 mon doigt l&rsquo;anneau du fils prodigue, faites que de nos coeurs incertains jaillisse la joie et la louange pour votre plus grande gloire<\/em> \u00bb.<br>\u00ab <em>L&rsquo;An 1697, le quatri\u00e8me jour de May<\/em> \u00bb, on transporta \u00e0 l&rsquo;\u00e9glise \u00ab <em>avec toute la solennit\u00e9 qu&rsquo;on pense<\/em> \u00bb les reliques jusque l\u00e0 pieusement v\u00e9n\u00e9r\u00e9es en la chapelle du ch\u00e2teau. Madame la Duchesse de Montmorency -Luxembourg qui les avait offertes \u00e0 l&rsquo;\u00e9glise, assista \u00e0 la c\u00e9r\u00e9monie \u00ab <em>pr\u00e9sid\u00e9e par Messire Claude-Fran\u00e7ois Lef\u00e8vre d&rsquo;Ormesson, pr\u00eatre docteur de la maison de Sorbonne, doyen de l&rsquo;Eglise de Beauvais, Vicaire g\u00e9n\u00e9ral de Monseigneur l&rsquo;\u00e9minentissime Cardinal de Janson Forbin, \u00e9v\u00eaque-compte de Beauvais, Vidame de Gerberoy, Pair de France, Commandeur des ordres du Roy&#8230; et en pr\u00e9sence de Messire Alexandre de Barry, pr\u00eatre chapelain, Messire Henry Han\u00e9 aussi chapelain dudit Pr\u00e9cy et de Ma dite Dame Duchesse de Luxembourg&#8230; et Messire Robert Chefdeville, cur\u00e9 de Beaumont pris comme secr\u00e9taire, qui apposa, apr\u00e8s reconnaissance des saintes reliques, le sceau de Monsieur le Cardinal-\u00e9v\u00eaque<\/em> \u00bb.<br><\/p>\n\n\n\n<div class=\"wp-block-group has-global-padding is-layout-constrained wp-block-group-is-layout-constrained\">\n<figure class=\"wp-block-image alignleft size-full is-resized\"><img loading=\"lazy\" decoding=\"async\" width=\"80\" height=\"103\" src=\"http:\/\/delamarre.net\/wpprecy\/wp-content\/uploads\/2024\/08\/p47_blason_lefevre_d_ormesson.gif\" alt=\"\" class=\"wp-image-361\" style=\"width:128px;height:auto\"\/><figcaption class=\"wp-element-caption\">Blason Lef\u00e8vre-d&rsquo;Ormesson<\/figcaption><\/figure>\n\n\n\n<p>Alexandre de Barry resta cur\u00e9 de Pr\u00e9cy jusqu&rsquo;en 1704. Il a courageusement \u0153uvr\u00e9 pour changer les mentalit\u00e9s impr\u00e9gn\u00e9es du jans\u00e9nisme fort r\u00e9pandu dans la r\u00e9gion. Il accepta le legs de Madame la Comtesse de Bouteville au profit des chapelains, s&rsquo;\u00e9levant \u00e0 90 livres de rente annuelle. Il accepta \u00e9galement au nom de la Fabrique la fondation faite en 1699 \u00ab <em>pour que la pri\u00e8re du soir fut r\u00e9cit\u00e9e tous les dimanches avec b\u00e9n\u00e9diction du saint ciboire<\/em> \u00bb.<br>Cela se passait \u00e0 la lueur des cierges et des bougies, le tout baignant dans les nuages parfum\u00e9s de l&rsquo;encens.<\/p>\n<\/div>\n<\/div>\n<\/div>\n<\/div>\n<\/div>\n","protected":false},"excerpt":{"rendered":"<p>En 1696, Alexandre de Barry fut nomm\u00e9 cur\u00e9 de \u00ab Pr\u00e9cy en Isle de France \u00bb.La chronique paroissiale qui relate son installation est pittoresque. Le rituel ou c\u00e9r\u00e9monial utilis\u00e9 de 1563 \u00e0 1789 et m\u00eame au-del\u00e0, \u00e9tait \u00e0 peu de chose pr\u00e8s, partout le m\u00eame en Beauvaisis comme en Ile de France. Face aux nombreux [&hellip;]<\/p>\n","protected":false},"author":1,"featured_media":0,"comment_status":"closed","ping_status":"open","sticky":false,"template":"","format":"standard","meta":{"footnotes":""},"categories":[1],"tags":[],"class_list":["post-352","post","type-post","status-publish","format-standard","hentry","category-non-classe"],"_links":{"self":[{"href":"https:\/\/histoiredeprecy.com\/index.php\/wp-json\/wp\/v2\/posts\/352","targetHints":{"allow":["GET"]}}],"collection":[{"href":"https:\/\/histoiredeprecy.com\/index.php\/wp-json\/wp\/v2\/posts"}],"about":[{"href":"https:\/\/histoiredeprecy.com\/index.php\/wp-json\/wp\/v2\/types\/post"}],"author":[{"embeddable":true,"href":"https:\/\/histoiredeprecy.com\/index.php\/wp-json\/wp\/v2\/users\/1"}],"replies":[{"embeddable":true,"href":"https:\/\/histoiredeprecy.com\/index.php\/wp-json\/wp\/v2\/comments?post=352"}],"version-history":[{"count":6,"href":"https:\/\/histoiredeprecy.com\/index.php\/wp-json\/wp\/v2\/posts\/352\/revisions"}],"predecessor-version":[{"id":1818,"href":"https:\/\/histoiredeprecy.com\/index.php\/wp-json\/wp\/v2\/posts\/352\/revisions\/1818"}],"wp:attachment":[{"href":"https:\/\/histoiredeprecy.com\/index.php\/wp-json\/wp\/v2\/media?parent=352"}],"wp:term":[{"taxonomy":"category","embeddable":true,"href":"https:\/\/histoiredeprecy.com\/index.php\/wp-json\/wp\/v2\/categories?post=352"},{"taxonomy":"post_tag","embeddable":true,"href":"https:\/\/histoiredeprecy.com\/index.php\/wp-json\/wp\/v2\/tags?post=352"}],"curies":[{"name":"wp","href":"https:\/\/api.w.org\/{rel}","templated":true}]}}