{"id":394,"date":"2024-08-05T15:48:07","date_gmt":"2024-08-05T13:48:07","guid":{"rendered":"http:\/\/delamarre.net\/wpprecy\/?p=394"},"modified":"2024-08-16T14:16:18","modified_gmt":"2024-08-16T12:16:18","slug":"le-chevet-plat-de-leglise","status":"publish","type":"post","link":"https:\/\/histoiredeprecy.com\/index.php\/2024\/08\/05\/le-chevet-plat-de-leglise\/","title":{"rendered":"LE CHEVET PLAT DE L&rsquo;\u00c9GLISE"},"content":{"rendered":"\n<p><strong> <\/strong><\/p>\n\n\n\n<div class=\"wp-block-group has-global-padding is-layout-constrained wp-block-group-is-layout-constrained\">\n<figure class=\"wp-block-image alignleft size-full is-resized\"><img loading=\"lazy\" decoding=\"async\" width=\"350\" height=\"338\" src=\"http:\/\/delamarre.net\/wpprecy\/wp-content\/uploads\/2024\/08\/chevet_plat_p.jpg\" alt=\"\" class=\"wp-image-396\" style=\"width:228px;height:auto\" srcset=\"https:\/\/histoiredeprecy.com\/wp-content\/uploads\/2024\/08\/chevet_plat_p.jpg 350w, https:\/\/histoiredeprecy.com\/wp-content\/uploads\/2024\/08\/chevet_plat_p-300x290.jpg 300w\" sizes=\"auto, (max-width: 350px) 100vw, 350px\" \/><figcaption class=\"wp-element-caption\">Le chevet de l&rsquo;\u00e9glise<\/figcaption><\/figure>\n\n\n\n<p><br>Chaque ann\u00e9e, nous apporte un d\u00e9fil\u00e9 de visiteurs, de touristes curieux, d&rsquo;admirateurs et d&rsquo;amateurs d&rsquo;art. Cette ann\u00e9e, nous avons eu, entre autres, la visite du Professeur Jacques Thi\u00e9baud, de l&rsquo;Universit\u00e9 de Lille, o\u00f9 il enseigne en particulier l&rsquo;Art Roman. Il a fait une \u00e9tude du chevet plat de notre \u00e9glise. Les lignes qui suivent sont en partie extraites des notes qu&rsquo;il a bien voulu me communiquer.<br>\u00ab <em>D\u00e8s le XIe si\u00e8cle au moins, le chevet plat a connu le large succ\u00e8s dans les r\u00e9gions du Nord, surtout dans les campagnes, car il est ais\u00e9 \u00e0 r\u00e9aliser m\u00eame par des ma\u00e7ons malhabiles<\/em> \u00bb.<br><\/p>\n\n\n\n<div class=\"wp-block-group has-global-padding is-layout-constrained wp-block-group-is-layout-constrained\">\n<figure class=\"wp-block-image alignright size-full is-resized\"><img loading=\"lazy\" decoding=\"async\" width=\"600\" height=\"800\" src=\"http:\/\/delamarre.net\/wpprecy\/wp-content\/uploads\/2024\/08\/p89_st_etienne_de_beauvais.jpg\" alt=\"\" class=\"wp-image-398\" style=\"width:204px;height:auto\" srcset=\"https:\/\/histoiredeprecy.com\/wp-content\/uploads\/2024\/08\/p89_st_etienne_de_beauvais.jpg 600w, https:\/\/histoiredeprecy.com\/wp-content\/uploads\/2024\/08\/p89_st_etienne_de_beauvais-225x300.jpg 225w\" sizes=\"auto, (max-width: 600px) 100vw, 600px\" \/><figcaption class=\"wp-element-caption\">Saint-Etienne de Beauvais<\/figcaption><\/figure>\n\n\n\n<p>C&rsquo;est principalement dans les communaut\u00e9s B\u00e9n\u00e9dictines, Augustines puis chez les Cisterciens et les Pr\u00e9montr\u00e9s, mais aussi dans les Coll\u00e9giales qu&rsquo;on retrouve ces chevets plats. On sait, pour Pr\u00e9cy, que les moines de Saint-Leu-d&rsquo;Esserent ont contribu\u00e9 \u00e0 l&rsquo;\u00e9l\u00e9vation du choeur de notre \u00e9glise coll\u00e9giale. Les Coll\u00e9giales de Saint-Etienne de Beauvais, de Saint-Jean-des-Vignes \u00e0 Soissons, de Saint-Vincent \u00e0 Laon, de Saint-Nicolas d&rsquo;Amiens, etc&#8230; sont de la m\u00eame inspiration. Le chevet peut \u00eatre plus long que les annexes, c&rsquo;est-\u00e0-dire des bas c\u00f4t\u00e9s; on a alors \u00e0 faire \u00e0 une variante comme \u00e0 Saint-Nicolas d&rsquo;Amiens. A la fin de l&rsquo;\u00e9poque romane et au d\u00e9but de l&rsquo;\u00e9poque gothique, on allonge volontiers les ailes pour les aligner sur le chevet. A l&rsquo;est, l&rsquo;\u00e9glise se termine alors par un grand mur rectiligne comme \u00e0 Saint-Denis de Reims. Cette tradition est donc bien enracin\u00e9e, m\u00eame pour les plus grands \u00e9difices comme la cath\u00e9drale de Laon.<br>Comment a-t-on trait\u00e9 ce mur du chevet ? Ce mur, limit\u00e9 \u00e0 l&rsquo;ext\u00e9rieur par des contreforts, fut pour sa partie centrale sur\u00e9lev\u00e9 au-dessus des demi-pignons des collat\u00e9raux coiff\u00e9 par un pignon triangulaire et largement ajour\u00e9, au d\u00e9part le plus souvent par deux registres d&rsquo;ajours. Ceci est en liaison avec la th\u00e9ologie de la lumi\u00e8re. Le Christ a dit: \u00ab <em>Je suis la lumi\u00e8re du monde, celui qui marche \u00e0 ma suite ne sera pas dans les t\u00e9n\u00e8bres<\/em> \u00bb. Le matin, le pr\u00eatre qui officie, est inond\u00e9 de la lumi\u00e8re du soleil qui p\u00e9n\u00e8tre par les fen\u00eatres (Id\u00e9es N\u00e9o-Platoniciennes).<br><\/p>\n\n\n\n<div class=\"wp-block-group has-global-padding is-layout-constrained wp-block-group-is-layout-constrained\">\n<figure class=\"wp-block-image alignleft size-full is-resized\"><img loading=\"lazy\" decoding=\"async\" width=\"800\" height=\"600\" src=\"http:\/\/delamarre.net\/wpprecy\/wp-content\/uploads\/2024\/08\/p90_rose_jericho.jpg\" alt=\"\" class=\"wp-image-400\" style=\"width:254px;height:auto\" srcset=\"https:\/\/histoiredeprecy.com\/wp-content\/uploads\/2024\/08\/p90_rose_jericho.jpg 800w, https:\/\/histoiredeprecy.com\/wp-content\/uploads\/2024\/08\/p90_rose_jericho-300x225.jpg 300w, https:\/\/histoiredeprecy.com\/wp-content\/uploads\/2024\/08\/p90_rose_jericho-768x576.jpg 768w\" sizes=\"auto, (max-width: 800px) 100vw, 800px\" \/><figcaption class=\"wp-element-caption\">Rose de Jericho<\/figcaption><\/figure>\n\n\n\n<p>Avec la p\u00e9riode gothique, ces fen\u00eatres s&rsquo;allongent, s&rsquo;agrandissent comme \u00e0 Nogent-les-Vierges (Oise) et \u00e0 Cambronne (Oise). Mais depuis le d\u00e9but du XIIe si\u00e8cle, un th\u00e8me nouveau s&rsquo;est diffus\u00e9 \u00e0 la fa\u00e7ade occidentale : celui de la rose. D&rsquo;abord petite, comme \u00e0 Saint-Etienne de Beauvais au croisillon Nord, la rose ne tarde pas \u00e0 s&rsquo;agrandir : c&rsquo;est le cas de la Cath\u00e9drale de Laon. Il y a ainsi toute une symbolique de la rose. La rosace serait ainsi l&rsquo;expression de la forme parfaite, de l&rsquo;unit\u00e9 du Cosmos, de la Cr\u00e9ation de Dieu. La rose de J\u00e9richo, qui pousse dans les sables maritimes de Syrie et d&rsquo;Arabie, n&rsquo;est peut-\u00eatre pas \u00e9trang\u00e8re \u00e0 l&rsquo;\u00e9vocation de mort et de r\u00e9surrection \u00e0 laquelle pourrait pr\u00e9tendre la rosace. La rose de J\u00e9richo poss\u00e8de, en effet, la propri\u00e9t\u00e9 de revivre apr\u00e8s avoir \u00e9t\u00e9 s\u00e9ch\u00e9e. Dans la Bible, la rose est signe du printemps o\u00f9 tout rena\u00eet dans la lumi\u00e8re du soleil (Sag. II 8). Ailleurs, la rose est signe de croissance (Sir. 39, 13). Portail mis \u00e0 part, le chevet est la r\u00e9plique du mur de fa\u00e7ade. Rien d&rsquo;\u00e9tonnant \u00e0 ce que ce th\u00e8me de la rose ait conquis le mur du chevet. Deux versions apparaissent : l&rsquo;une ouvre davantage et l&rsquo;autre ferme davantage l&rsquo;\u00e9difice. Dans la premi\u00e8re version qui nous int\u00e9resse pour Pr\u00e9cy, le mur du chevet pr\u00e9sente un niveau inf\u00e9rieur trou\u00e9 de lancettes auxquelles se superpose une grande rose. C&rsquo;est \u00e9galement le th\u00e8me de la Cath\u00e9drale de Laon repris \u00e0 Vaux-sous-Laon.<br><\/p>\n\n\n\n<div class=\"wp-block-group has-global-padding is-layout-constrained wp-block-group-is-layout-constrained\">\n<figure class=\"wp-block-image alignright size-full is-resized\"><img loading=\"lazy\" decoding=\"async\" width=\"200\" height=\"322\" src=\"http:\/\/delamarre.net\/wpprecy\/wp-content\/uploads\/2024\/08\/p90_cathedrale_Laon-facade.jpg\" alt=\"\" class=\"wp-image-401\" style=\"width:185px;height:auto\" srcset=\"https:\/\/histoiredeprecy.com\/wp-content\/uploads\/2024\/08\/p90_cathedrale_Laon-facade.jpg 200w, https:\/\/histoiredeprecy.com\/wp-content\/uploads\/2024\/08\/p90_cathedrale_Laon-facade-186x300.jpg 186w\" sizes=\"auto, (max-width: 200px) 100vw, 200px\" \/><figcaption class=\"wp-element-caption\">La cath\u00e9drale de Laon<\/figcaption><\/figure>\n\n\n\n<p>A Pr\u00e9cy, \u00e0 la diff\u00e9rence de Laon, le mur conserve partout la m\u00eame \u00e9paisseur. A Laon, la rosace est bord\u00e9e \u00e0 l&rsquo;int\u00e9rieur comme \u00e0 l&rsquo;ext\u00e9rieur. Les trois lancettes sont m\u00e9nag\u00e9es au fond de tiforium.<br>On a pour un sanctuaire modeste et dans la tradition romane \u2014 bien que ce soit une r\u00e9alisation incontestablement gothique \u2014 supprim\u00e9 ce registre m\u00e9dian et laiss\u00e9 le mur lisse. Il y a donc bien discordance entre les \u00e9l\u00e9vations lat\u00e9rales et celles du mur du fond.<br>La rose de Pr\u00e9cy est une version simplifi\u00e9e de celle du chevet de la Cath\u00e9drale de Laon : cercle central, p\u00e9tales en divergeant, demi-cercles ouverts vers l&rsquo;ext\u00e9rieur, pour la p\u00e9riph\u00e9rie. Mais pas de p\u00e9tales dans l&rsquo;axe des deux diam\u00e8tres perpendiculaires sauf dans le bas, d&rsquo;o\u00f9 onze p\u00e9tales au lieu de douze \u00e0 Laon. Et par simplification aussi, le cercle central n&rsquo;est pas redent\u00e9.<br><\/p>\n\n\n\n<div class=\"wp-block-group has-global-padding is-layout-constrained wp-block-group-is-layout-constrained\">\n<figure class=\"wp-block-image alignleft size-full is-resized\"><img loading=\"lazy\" decoding=\"async\" width=\"239\" height=\"400\" src=\"http:\/\/delamarre.net\/wpprecy\/wp-content\/uploads\/2024\/08\/vitrail_gothique_p.jpg\" alt=\"\" class=\"wp-image-403\" style=\"width:190px;height:auto\" srcset=\"https:\/\/histoiredeprecy.com\/wp-content\/uploads\/2024\/08\/vitrail_gothique_p.jpg 239w, https:\/\/histoiredeprecy.com\/wp-content\/uploads\/2024\/08\/vitrail_gothique_p-179x300.jpg 179w\" sizes=\"auto, (max-width: 239px) 100vw, 239px\" \/><figcaption class=\"wp-element-caption\">Le vitrail gothique<\/figcaption><\/figure>\n\n\n\n<p>Vu c\u00f4t\u00e9 de la vo\u00fbte sexpartite, celle-ci cesse d&rsquo;\u00eatre \u00e0 la mode au d\u00e9but du XIIIe si\u00e8cle. La vo\u00fbte quadripartite, non pas absente ant\u00e9rieurement, triomphe d\u00e9sormais, sauf cas sp\u00e9ciaux comme \u00e0 Bourges. On trouve \u00e0 Pr\u00e9cy un profil qui \u00e9tait courant \u00e0 la fin du XIIe si\u00e8cle. Quant aux chapiteaux, ils sont \u00e0 crochets et \u00e0 feuilles lob\u00e9es dispos\u00e9es entre les huit crochets correspondant aux angles du tailloir octogonal. On trouve le m\u00eame type de feuilles \u00e0 la clef de vo\u00fbte sexpartite. Le feuillage naturaliste du r\u00e8gne de Saint-Louis n&rsquo;est pas encore apparu d&rsquo;o\u00f9 ce feuillage conventionnel (ceci contrairement \u00e0 ce qu&rsquo;\u00e9crit Pierre Gambier \u00e0 la page 23 de son opuscule consacr\u00e9 \u00e0 \u00ab Pr\u00e9cy en Isle-de-France \u00bb, Edit. Farn\u00e8se, Paris 1953).<br>Le Professeur Thiebaut \u00e9crit : \u00ab <em>Avec tous les \u00e9l\u00e9ments que j&rsquo;ai analys\u00e9s, J&rsquo;ESTIME DONC QUE CHOEUR AU CHEVET PLAT A D\u00db \u00caTRE MONT\u00c9 AU COURS DE LA PREMI\u00c8RE PARTIE DU XIIIe SI\u00c8CLE<\/em> \u00bb.<br>\u00ab <em>La partie nef pose des probl\u00e8mes, car les arcs-boutants appartiennent \u00e0 la premi\u00e8re campagne de construction. La nef r\u00e9sulte donc d&rsquo;une importante reprise en sous-\u0153uvre. Il faudrait examiner de pr\u00e8s cette partie : sutures de ma\u00e7onnerie, nature de la pierre, etc&#8230; travail que je n&rsquo;ai pas fait \u00e0 ce jour<\/em> \u00bb.<br><br>Au cours de cette ann\u00e9e 1987, gr\u00e2ce au concours de la Municipalit\u00e9 et du Minist\u00e8re de la Culture \u2014 d\u00e9partement des objets class\u00e9s \u2014 notre \u00e9glise a retrouv\u00e9 son orgue restaur\u00e9. Il est rest\u00e9 muet pendant environ sept mois et nous avons \u00e0 nouveau la joie de l&rsquo;entendre sonner.<br>Au cours de cette m\u00eame ann\u00e9e, on a restaur\u00e9 le vitrail class\u00e9 de Saint-Louis (XIXe si\u00e8cle), ainsi que celui de la fen\u00eatre au-dessus des fonts baptismaux.<\/p>\n<\/div>\n<\/div>\n<\/div>\n<\/div>\n<\/div>\n","protected":false},"excerpt":{"rendered":"<p>Chaque ann\u00e9e, nous apporte un d\u00e9fil\u00e9 de visiteurs, de touristes curieux, d&rsquo;admirateurs et d&rsquo;amateurs d&rsquo;art. Cette ann\u00e9e, nous avons eu, entre autres, la visite du Professeur Jacques Thi\u00e9baud, de l&rsquo;Universit\u00e9 de Lille, o\u00f9 il enseigne en particulier l&rsquo;Art Roman. Il a fait une \u00e9tude du chevet plat de notre \u00e9glise. Les lignes qui suivent sont [&hellip;]<\/p>\n","protected":false},"author":1,"featured_media":0,"comment_status":"closed","ping_status":"open","sticky":false,"template":"","format":"standard","meta":{"footnotes":""},"categories":[1],"tags":[],"class_list":["post-394","post","type-post","status-publish","format-standard","hentry","category-non-classe"],"_links":{"self":[{"href":"https:\/\/histoiredeprecy.com\/index.php\/wp-json\/wp\/v2\/posts\/394","targetHints":{"allow":["GET"]}}],"collection":[{"href":"https:\/\/histoiredeprecy.com\/index.php\/wp-json\/wp\/v2\/posts"}],"about":[{"href":"https:\/\/histoiredeprecy.com\/index.php\/wp-json\/wp\/v2\/types\/post"}],"author":[{"embeddable":true,"href":"https:\/\/histoiredeprecy.com\/index.php\/wp-json\/wp\/v2\/users\/1"}],"replies":[{"embeddable":true,"href":"https:\/\/histoiredeprecy.com\/index.php\/wp-json\/wp\/v2\/comments?post=394"}],"version-history":[{"count":7,"href":"https:\/\/histoiredeprecy.com\/index.php\/wp-json\/wp\/v2\/posts\/394\/revisions"}],"predecessor-version":[{"id":1834,"href":"https:\/\/histoiredeprecy.com\/index.php\/wp-json\/wp\/v2\/posts\/394\/revisions\/1834"}],"wp:attachment":[{"href":"https:\/\/histoiredeprecy.com\/index.php\/wp-json\/wp\/v2\/media?parent=394"}],"wp:term":[{"taxonomy":"category","embeddable":true,"href":"https:\/\/histoiredeprecy.com\/index.php\/wp-json\/wp\/v2\/categories?post=394"},{"taxonomy":"post_tag","embeddable":true,"href":"https:\/\/histoiredeprecy.com\/index.php\/wp-json\/wp\/v2\/tags?post=394"}],"curies":[{"name":"wp","href":"https:\/\/api.w.org\/{rel}","templated":true}]}}