{"id":430,"date":"2024-08-05T16:46:25","date_gmt":"2024-08-05T14:46:25","guid":{"rendered":"http:\/\/delamarre.net\/wpprecy\/?p=430"},"modified":"2024-08-16T14:22:26","modified_gmt":"2024-08-16T12:22:26","slug":"reliques-et-reliquaires-de-precy","status":"publish","type":"post","link":"https:\/\/histoiredeprecy.com\/index.php\/2024\/08\/05\/reliques-et-reliquaires-de-precy\/","title":{"rendered":"RELIQUES ET RELIQUAIRES DE PR\u00c9CY"},"content":{"rendered":"\n<p><\/p>\n\n\n\n<div class=\"wp-block-group has-global-padding is-layout-constrained wp-block-group-is-layout-constrained\">\n<figure class=\"wp-block-image alignleft size-full is-resized\"><img loading=\"lazy\" decoding=\"async\" width=\"180\" height=\"253\" src=\"http:\/\/delamarre.net\/wpprecy\/wp-content\/uploads\/2024\/08\/27f_constantin_helene.jpg\" alt=\"\" class=\"wp-image-433\" style=\"width:206px;height:auto\"\/><figcaption class=\"wp-element-caption\">Constantin et Ste H\u00e9l\u00e8ne<\/figcaption><\/figure>\n\n\n\n<p><br>Dans son histoire de la premi\u00e8re Croisade, Pierre de Nogent raconte comment Philippe de Pr\u00e9cy s&rsquo;\u00e9tait crois\u00e9 sous Roger II, \u00e9v\u00eaque de Beauvais (1095) qui s&rsquo;enr\u00f4la avec un grand nombre de chevaliers tels que Renard de Beauvais, Dreux de Mouchy, Cl\u00e9rambaud de Vendeuil, Mathieu de Clermont, Walon de Chaumont, etc&#8230;<br>A son retour des croisades, Philippe de Pr\u00e9cy rapporta plusieurs reliques parmi lesquelles un morceau de la Croix du Christ.<br>On sait qu&rsquo;en 326, Sainte H\u00e9l\u00e8ne, m\u00e8re de l&rsquo;Empereur Constantin, avait d\u00e9couvert les reliques de la Passion du Christ. A partir de ce moment-l\u00e0, un certain nombre de grands seigneurs, venus en p\u00e8lerins \u00e0 J\u00e9rusalem, rapport\u00e8rent une relique en souvenir. Le fait n&rsquo;\u00e9tait pas rare. Les reliques \u00e9taient \u00e0 la mode.<br><\/p>\n\n\n\n<div class=\"wp-block-group has-global-padding is-layout-constrained wp-block-group-is-layout-constrained\">\n<figure class=\"wp-block-image alignright size-full is-resized\"><img loading=\"lazy\" decoding=\"async\" width=\"430\" height=\"650\" src=\"http:\/\/delamarre.net\/wpprecy\/wp-content\/uploads\/2024\/08\/christ_croix.jpg\" alt=\"\" class=\"wp-image-434\" style=\"width:190px;height:auto\" srcset=\"https:\/\/histoiredeprecy.com\/wp-content\/uploads\/2024\/08\/christ_croix.jpg 430w, https:\/\/histoiredeprecy.com\/wp-content\/uploads\/2024\/08\/christ_croix-198x300.jpg 198w\" sizes=\"auto, (max-width: 430px) 100vw, 430px\" \/><figcaption class=\"wp-element-caption\">Christ en croix<\/figcaption><\/figure>\n\n\n\n<p>Ce fut le cas de Lancelin de Dammartin, Seigneur de Villers, qui en 1060 revint de p\u00e8lerinage \u00e0 J\u00e9rusalem avec un carreau provenant du Saint S\u00e9pulcre. Depuis ce temps-l\u00e0, Villers fut baptis\u00e9 : \u00ab Villers Saint S\u00e9pulcre \u00bb.<br>On peut ais\u00e9ment deviner avec quel enthousiasme Philippe de Pr\u00e9cy fut accueilli \u00e0 son retour de Terre Sainte. On \u00e9tait friand de reliques sans se poser de questions au sujet de leur authenticit\u00e9.<br>Alors que certaines reliques sont rest\u00e9es longtemps en la chapelle du ch\u00e2teau, celle de la Sainte Croix a toujours \u00e9t\u00e9 v\u00e9n\u00e9r\u00e9e en l&rsquo;\u00e9glise et ceci d\u00e8s le XIIIe si\u00e8cle selon le chroniqueur.<br>C&rsquo;est sans doute \u00e0 la pr\u00e9sence de cette relique que <a href=\"http:\/\/web.archive.org\/web\/20231126162246\/http:\/\/www.histoiredeprecy.com\/le-passe-des-lieux\/l-eglise.html\" target=\"_blank\" rel=\"noreferrer noopener\">l&rsquo;Eglise<\/a> doit son titre de Coll\u00e9giale puisque \u00ab <em>la chapelle du grand autel \u00e9tait de Sainte Croix<\/em> \u00bb.<br>Au XVIle si\u00e8cle, la Duchesse de <a href=\"http:\/\/web.archive.org\/web\/20231126162246\/http:\/\/www.histoiredeprecy.com\/precy-a-travers-le-temps\/les-montmorency.html\" target=\"_blank\" rel=\"noreferrer noopener\">Montmorency-Luxembourg<\/a>, ch\u00e2telaine de Pr\u00e9cy, offrit les reliques du ch\u00e2teau \u00e0 l&rsquo;\u00e9glise paroissiale. Le Cardinal Forbin Janson, \u00e9v\u00eaque de Beauvais, les a \u00ab reconnues \u00bb \u2014 \u00ab <em>sur t\u00e9moignage des seigneurs de Pr\u00e9cy et selon la tradition s\u00e9culaire locale<\/em> \u00bb (4 mai 1694).<br>Ceci ne donne pas pour autant la certitude absolue de l&rsquo;authenticit\u00e9 de ces reliques. \u00ab Reconna\u00eetre \u00bb ne signifie pas \u00ab authentifier \u00bb et une certitude morale n&rsquo;est jamais une certitude absolue.<br>Les archives paroissiales pr\u00e9cisent que ces reliques \u00e9taient enferm\u00e9es dans \u00ab <em>deux bo\u00eetes en bois pr\u00e9cieux, elles-m\u00eames encastr\u00e9es dans des ch\u00e2sses d&rsquo;argent dor\u00e9, orn\u00e9es de gemmes et d&rsquo;\u00e9maux o\u00f9 figuraient les armoiries de Pr\u00e9cy.<\/em> \u00bb<br><\/p>\n\n\n\n<p><\/p>\n\n\n\n<div class=\"wp-block-group has-global-padding is-layout-constrained wp-block-group-is-layout-constrained\">\n<figure class=\"wp-block-image alignleft size-full is-resized\"><img loading=\"lazy\" decoding=\"async\" width=\"299\" height=\"400\" src=\"http:\/\/delamarre.net\/wpprecy\/wp-content\/uploads\/2024\/08\/reliquaire_en_bronze_dore_p-1.jpg\" alt=\"\" class=\"wp-image-437\" style=\"width:230px;height:auto\" srcset=\"https:\/\/histoiredeprecy.com\/wp-content\/uploads\/2024\/08\/reliquaire_en_bronze_dore_p-1.jpg 299w, https:\/\/histoiredeprecy.com\/wp-content\/uploads\/2024\/08\/reliquaire_en_bronze_dore_p-1-224x300.jpg 224w\" sizes=\"auto, (max-width: 299px) 100vw, 299px\" \/><figcaption class=\"wp-element-caption\">1e reliquaire en bronze dor\u00e9<\/figcaption><\/figure>\n\n\n\n<p>A la R\u00e9volution Fran\u00e7aise de 1789, \u00ab<em> ces souvenirs de la noblesse<\/em> \u00bb furent jet\u00e9s dans le feu de joie qu&rsquo;on avait allum\u00e9 dans le cimeti\u00e8re autour de l&rsquo;Eglise. On y avait \u00e9galement br\u00fbl\u00e9 les stalles et boiseries sur lesquelles \u00e9taient sculpt\u00e9es les armoiries des seigneurs de Pr\u00e9cy.<br>Le chroniqueur ne dit pas que les ch\u00e2sses furent vendues mais cela semble \u00e9vident.<br>\u00ab <em>A la tomb\u00e9e de la nuit, le ma\u00eetre d&rsquo;\u00e9cole alla voir le brasier et s&rsquo;aper\u00e7ut que les reliques n&rsquo;avaient pas \u00e9t\u00e9 touch\u00e9es par le feu. Il les arracha au brasier et les garda chez lui jusqu&rsquo;au retour du cur\u00e9 qui \u00e9tait retenu prisonnier au ch\u00e2teau de Chantilly.<\/em> \u00bb<br>Un de ses successeurs, l&rsquo;Abb\u00e9 Robert, \u00ab <em>aimant le beau<\/em> \u00bb, fit faire les reliquaires actuels (1830). Ils sont de style n\u00e9o-gothique et faits en cuivre dor\u00e9.<br>La relique de la Sainte Croix par contre a toujours \u00e9t\u00e9 l&rsquo;objet d&rsquo;une v\u00e9n\u00e9ration particuli\u00e8re et semble n&rsquo;avoir jamais \u00e9t\u00e9 inclue dans l&rsquo;une des deux ch\u00e2sses pr\u00e9cieuses contenant des fragments d&rsquo;ossements des Saints Martyrs Vital, Clair, Evagre, Arator et Vincence.<br><\/p>\n\n\n\n<div class=\"wp-block-group has-global-padding is-layout-constrained wp-block-group-is-layout-constrained\">\n<figure class=\"wp-block-image alignright size-full is-resized\"><img loading=\"lazy\" decoding=\"async\" width=\"280\" height=\"467\" src=\"http:\/\/delamarre.net\/wpprecy\/wp-content\/uploads\/2024\/08\/27g_morlot_p.jpg\" alt=\"\" class=\"wp-image-439\" style=\"width:217px;height:auto\" srcset=\"https:\/\/histoiredeprecy.com\/wp-content\/uploads\/2024\/08\/27g_morlot_p.jpg 280w, https:\/\/histoiredeprecy.com\/wp-content\/uploads\/2024\/08\/27g_morlot_p-180x300.jpg 180w\" sizes=\"auto, (max-width: 280px) 100vw, 280px\" \/><figcaption class=\"wp-element-caption\">Le cardinal Morlot<\/figcaption><\/figure>\n\n\n\n<p>La relique de la Sainte Croix est minuscule et fut encastr\u00e9e dans un petit reliquaire en vermeil poin\u00e7onn\u00e9 \u00e0 la t\u00eate de sanglier. Une couronne d&rsquo;\u00e9pines en argent est sa seule ornementation. Elle rappelle la couronne d&rsquo;\u00e9pines qui entoure l&rsquo;\u00e9cu de Philippe de Pr\u00e9cy, chevalier, s\u00e9n\u00e9chal et gouverneur des fronti\u00e8res de Flandre, dont le sceau, appos\u00e9 sur une quittance dat\u00e9e de 1317, est conserv\u00e9 aux Archives nationales. Pierre Gambier l&rsquo;a reproduit dans son livret \u00ab<em> Pr\u00e9cy en Isle de France<\/em> \u00bb (1953), page 35. Les seigneurs de Pr\u00e9cy devaient \u00eatre attach\u00e9s \u00e0 cet embl\u00eame de la Passion. Deux de leurs anc\u00eatres s&rsquo;\u00e9taient crois\u00e9s : l&rsquo;un \u00e0 la premi\u00e8re et l&rsquo;autre \u00e0 la sixi\u00e8me croisade.<br>A l&rsquo;int\u00e9rieur du couvercle en vermeil figure un Christ en croix avec \u00e0 ses pieds Marie Madeleine \u00e0 genoux.<br>Le 30 ao\u00fbt 1861, le Cardinal Fran\u00e7ois Nicolas Morlot, archev\u00eaque de Paris, fit \u00ab reconna\u00eetre \u00bb (recognovimus) cette relique de la Sainte Croix et y apposa son petit sceau (\u00ab <em>sigilloque nostro minimo obsignavimus<\/em> \u00bb).<br>Ce petit reliquaire est pr\u00e9sent\u00e9 entre deux disques de verre, dans un ostensoir du XVIIIe si\u00e8cle repr\u00e9sentant un soleil rayonnant qui surgit d&rsquo;une gerbe de bl\u00e9 o\u00f9 s&rsquo;entrem\u00ealent des grappes de raisin. La lunule est entour\u00e9e d&rsquo;un nuage avec quatre t\u00eates d&rsquo;anges. Le noeud est lui aussi une composition autour de deux t\u00eates d&rsquo;angelots. Le pied comporte des d\u00e9corations autour d&rsquo;un triangle, symbole du Dieu Trinitaire. Le tout repose sur quatre pattes griff\u00e9es.<br>Encore maintenant, chaque ann\u00e9e, le jour du Vendredi Saint, anniversaire de la mort du Christ, cette relique est propos\u00e9e \u00e0 la v\u00e9n\u00e9ration des Chr\u00e9tiens de Pr\u00e9cy.<br><\/p>\n<\/div>\n<\/div>\n<\/div>\n<\/div>\n","protected":false},"excerpt":{"rendered":"<p>Dans son histoire de la premi\u00e8re Croisade, Pierre de Nogent raconte comment Philippe de Pr\u00e9cy s&rsquo;\u00e9tait crois\u00e9 sous Roger II, \u00e9v\u00eaque de Beauvais (1095) qui s&rsquo;enr\u00f4la avec un grand nombre de chevaliers tels que Renard de Beauvais, Dreux de Mouchy, Cl\u00e9rambaud de Vendeuil, Mathieu de Clermont, Walon de Chaumont, etc&#8230;A son retour des croisades, Philippe [&hellip;]<\/p>\n","protected":false},"author":1,"featured_media":0,"comment_status":"closed","ping_status":"open","sticky":false,"template":"","format":"standard","meta":{"footnotes":""},"categories":[1],"tags":[],"class_list":["post-430","post","type-post","status-publish","format-standard","hentry","category-non-classe"],"_links":{"self":[{"href":"https:\/\/histoiredeprecy.com\/index.php\/wp-json\/wp\/v2\/posts\/430","targetHints":{"allow":["GET"]}}],"collection":[{"href":"https:\/\/histoiredeprecy.com\/index.php\/wp-json\/wp\/v2\/posts"}],"about":[{"href":"https:\/\/histoiredeprecy.com\/index.php\/wp-json\/wp\/v2\/types\/post"}],"author":[{"embeddable":true,"href":"https:\/\/histoiredeprecy.com\/index.php\/wp-json\/wp\/v2\/users\/1"}],"replies":[{"embeddable":true,"href":"https:\/\/histoiredeprecy.com\/index.php\/wp-json\/wp\/v2\/comments?post=430"}],"version-history":[{"count":6,"href":"https:\/\/histoiredeprecy.com\/index.php\/wp-json\/wp\/v2\/posts\/430\/revisions"}],"predecessor-version":[{"id":1841,"href":"https:\/\/histoiredeprecy.com\/index.php\/wp-json\/wp\/v2\/posts\/430\/revisions\/1841"}],"wp:attachment":[{"href":"https:\/\/histoiredeprecy.com\/index.php\/wp-json\/wp\/v2\/media?parent=430"}],"wp:term":[{"taxonomy":"category","embeddable":true,"href":"https:\/\/histoiredeprecy.com\/index.php\/wp-json\/wp\/v2\/categories?post=430"},{"taxonomy":"post_tag","embeddable":true,"href":"https:\/\/histoiredeprecy.com\/index.php\/wp-json\/wp\/v2\/tags?post=430"}],"curies":[{"name":"wp","href":"https:\/\/api.w.org\/{rel}","templated":true}]}}