{"id":491,"date":"2024-08-05T18:45:10","date_gmt":"2024-08-05T16:45:10","guid":{"rendered":"http:\/\/delamarre.net\/wpprecy\/?p=491"},"modified":"2024-08-16T14:33:08","modified_gmt":"2024-08-16T12:33:08","slug":"le-mausolee-de-precy","status":"publish","type":"post","link":"https:\/\/histoiredeprecy.com\/index.php\/2024\/08\/05\/le-mausolee-de-precy\/","title":{"rendered":"LE MAUSOL\u00c9E DE PRECY"},"content":{"rendered":"\n<p><\/p>\n\n\n\n<div class=\"wp-block-group has-global-padding is-layout-constrained wp-block-group-is-layout-constrained\">\n<figure class=\"wp-block-image alignleft size-full is-resized\"><img loading=\"lazy\" decoding=\"async\" width=\"300\" height=\"225\" src=\"http:\/\/delamarre.net\/wpprecy\/wp-content\/uploads\/2024\/08\/31d_gisants_st_denis.jpg\" alt=\"\" class=\"wp-image-494\" style=\"width:289px;height:auto\"\/><figcaption class=\"wp-element-caption\">Gisants \u00e0 Saint-Denis<\/figcaption><\/figure>\n\n\n\n<p><br>Nous n&rsquo;avons pas l&rsquo;intention de d\u00e9crire un chef-d&rsquo;\u0153uvre fun\u00e9raire comme les tombeaux royaux de Saint-Denis avec leurs magnifiques gisants des Xlll\u00e8me et XlV\u00e8me si\u00e8cles.<br>Il ne s&rsquo;agit pas m\u00eame pas d&rsquo;\u00e9voquer un simple monument fun\u00e9raire comme celui du Chevalier Jean de Savigny en l&rsquo;\u00e9glise de Savignies (Oise), ou en bien d&rsquo;autres petites \u00e9glises de France qui abritent encore d&rsquo;humbles merveilles peu connues. Nous voulons simplement faire surgir des archives un mausol\u00e9e qui donnait une signification \u00e0 Pr\u00e9cy.<br>Un manuscrit de Godefroy Hermant, recteur de la Sorbonne au XVII\u00e8me si\u00e8cle, parle d&rsquo;une \u00ab <em>tombe de marbre noir \u00e9lev\u00e9e de terre au milieu du ch\u0153ur<\/em> \u00bb de l&rsquo;\u00e9glise de Pr\u00e9cy (1).<br>Les chroniques de l&rsquo;Abb\u00e9 Decaux (1840) relatent deux lettres. La premi\u00e8re sign\u00e9e par le Roi Philippe VI dit de Valois (1328), la seconde, sign\u00e9e par le Pape Jean XXII r\u00e9sidant \u00e0 Avignon, en la quatorzi\u00e8me ann\u00e9e de son Pontificat (1330).<br>Les deux lettres, r\u00e9dig\u00e9es en latin, sont adress\u00e9es \u00e0 Philippe de Pr\u00e9cy. Celle du roi l&rsquo;autorise \u00e0 \u00ab <em>fonder une chapelle au nom de Madame<\/em> \u00bb (la sainte Vierge). Celle du pape \u00ab <em>empreinte d&rsquo;une grande bienveillance pour le pieux Fondateur<\/em> \u00bb accorde la m\u00eame autorisation.<br><\/p>\n\n\n\n<div class=\"wp-block-group has-global-padding is-layout-constrained wp-block-group-is-layout-constrained\">\n<figure class=\"wp-block-image alignright size-full is-resized\"><img loading=\"lazy\" decoding=\"async\" width=\"717\" height=\"600\" src=\"http:\/\/delamarre.net\/wpprecy\/wp-content\/uploads\/2024\/08\/p115_Eglise_savignies.jpg\" alt=\"\" class=\"wp-image-495\" style=\"width:262px;height:auto\" srcset=\"https:\/\/histoiredeprecy.com\/wp-content\/uploads\/2024\/08\/p115_Eglise_savignies.jpg 717w, https:\/\/histoiredeprecy.com\/wp-content\/uploads\/2024\/08\/p115_Eglise_savignies-300x251.jpg 300w\" sizes=\"auto, (max-width: 717px) 100vw, 717px\" \/><figcaption class=\"wp-element-caption\">Eglise de Savignies<\/figcaption><\/figure>\n\n\n\n<p>En 1570, \u00ab <em>Louis de Saint Gelais de Lusignan, Seigneur de Pr\u00e9cy a fait reconstruire la nef de l&rsquo; \u00e9glise incendi\u00e9e par les Anglais lors de la guerre de Cent Ans<\/em> \u00bb. Il se r\u00e9serva \u00ab <em>le droit de chapelle de s\u00e9pulture et de caveau&#8230; en l&rsquo;\u00c9glise de Saint-Pierre de Pr\u00e9cy, icelle construite par le P\u00e8re de Messire Louis de Pr\u00e9cy&#8230; Ce dernier \u00e9tait son fils, mort subitement \u00e0 l&rsquo;\u00e2ge de trente deux ans, dit-on. Le P\u00e8re et le fils furent tous deux d\u00e9pos\u00e9s les premiers dans le caveau. Au-dessus s&rsquo;\u00e9levait un monument de marbre noir en forme de tombeau, recouvert d&rsquo;une table en marbre blanc avec une inscription que nous n&rsquo;avons pu retrouver<\/em> \u00bb (abb\u00e9 Decaux).<br>En 1793, la R\u00e9volution ouvrit le caveau. On y trouva plusieurs cercueils en plomb et une quantit\u00e9 d&rsquo;ossements. Le corps du Fondateur, Messire de Saint Gelais fut d\u00e9pouill\u00e9 de son linceul et trouv\u00e9 intact.<br><a href=\"http:\/\/web.archive.org\/web\/20231126162307\/http:\/\/www.histoiredeprecy.com\/histoire-en-images\/les-personnages\/personnages-historiques.html#Bouteville\"><\/a><\/p>\n\n\n\n<div class=\"wp-block-group has-global-padding is-layout-constrained wp-block-group-is-layout-constrained\">\n<figure class=\"wp-block-image alignleft size-full is-resized\"><img loading=\"lazy\" decoding=\"async\" width=\"341\" height=\"512\" src=\"http:\/\/delamarre.net\/wpprecy\/wp-content\/uploads\/2024\/08\/yp_francois_de_bouteville-1.jpg\" alt=\"\" class=\"wp-image-496\" style=\"width:237px;height:auto\" srcset=\"https:\/\/histoiredeprecy.com\/wp-content\/uploads\/2024\/08\/yp_francois_de_bouteville-1.jpg 341w, https:\/\/histoiredeprecy.com\/wp-content\/uploads\/2024\/08\/yp_francois_de_bouteville-1-200x300.jpg 200w\" sizes=\"auto, (max-width: 341px) 100vw, 341px\" \/><figcaption class=\"wp-element-caption\">Fran\u00e7ois de Bouteville<\/figcaption><\/figure>\n\n\n\n<p>On le sortit du caveau, on le promena par d\u00e9rision dans l&rsquo;\u00e9glise et apr\u00e8s l&rsquo;avoir fouett\u00e9 et mutil\u00e9 on le rejeta dans le caveau&#8230; En 1828, Messire Robert, cur\u00e9 du lieu le fit ouvrir. Il en fit retirer tous les ossements sans distinction et les fit d\u00e9poser dans le cimeti\u00e8re. \u00ab<em> En 1856, nous l&rsquo;avons visit\u00e9 nous-m\u00eame et nous n&rsquo;y avons trouv\u00e9 que deux petits vases en plomb sur l&rsquo; un est \u00e9crit : &lsquo;le c\u0153ur de Monsieur de Bouteville&rsquo;. C&rsquo;est de Bouteville Fran\u00e7ois qui fut d\u00e9capit\u00e9 en Place de Gr\u00e8ve pour duel en 1627. Sur le second vase on lit : &lsquo;Ceci est le c\u0153ur de feu Madame la comtesse de Bouteville 1698&rsquo;. Ce dernier vase a \u00e9t\u00e9 ouvert et vid\u00e9. Il ne contient qu&rsquo;un peu d&rsquo;eau rouge<\/em> \u00bb. (2)<br>Le Mausol\u00e9e fut enlev\u00e9 et vendu \u00e0 un marbrier de Senlis. L&rsquo;argent provenant de cette vente fut employ\u00e9 \u00e0 restaurer le porche de l&rsquo;\u00e9glise, \u0153uvre ignoble.<br>Les chroniques signalent un curieux d\u00e9tail \u00e0 propos de l&rsquo;\u00e9glise : \u00ab<em> Elle est enterr\u00e9e, pour y entrer il faut descendre six marches&#8230; le cimeti\u00e8re qui l&rsquo;entoure a \u00e9t\u00e9 rehauss\u00e9, dit-on, par la terre reti\u00acr\u00e9e des foss\u00e9s du ch\u00e2teau dont elle \u00e9tait voisine<\/em> \u00bb.<br>Il est donc question :<br>1\u00b0) d&rsquo;un tombeau en marbre noir.<br>2\u00b0) d&rsquo;un caveau o\u00f9 fut d\u00e9pos\u00e9 Philippe de Pr\u00e9cy fondateur de l&rsquo;\u00e9glise.<br>3\u00b0) Au-dessus du caveau s&rsquo;\u00e9levait un Monument de marbre noir en forme de tombeau, recouvert d&rsquo;une table en marbre blanc. Il est \u00e9galement appel\u00e9 <strong>Mausol\u00e9e<\/strong>, ce qui signifie un monument fun\u00e9raire somptueux.<br>Remarquons qu&rsquo;apr\u00e8s la R\u00e9volution le fondateur d\u00e9sign\u00e9 n&rsquo;est plus Philippe de Pr\u00e9cy mais Louis de Saint Gelais qui avait fait construire la nef gothique de 1570 \u00e0 1582. On distingue \u00e9galement le droit de s\u00e9pulture du droit de caveau.<br><\/p>\n\n\n\n<div class=\"wp-block-group has-global-padding is-layout-constrained wp-block-group-is-layout-constrained\">\n<figure class=\"wp-block-image alignright size-full\"><img loading=\"lazy\" decoding=\"async\" width=\"300\" height=\"225\" src=\"http:\/\/delamarre.net\/wpprecy\/wp-content\/uploads\/2024\/08\/31e_gisants_Fontevraud.jpg\" alt=\"\" class=\"wp-image-498\"\/><figcaption class=\"wp-element-caption\">Gisants \u00e0 Fontevraud<\/figcaption><\/figure>\n\n\n\n<p>Si nous prenons maintenant les chroniques Battelier qui sont plus tardives (1882) on y parle de \u00ab <em>Philippe de Pr\u00e9cy, principal Fondateur<\/em> \u00bb et de \u00ab <em>Louis de Saint Gelais second Fondateur<\/em> \u00bb. On y lit \u00e9galement qu&rsquo;\u00ab <em>au-dessus du caveau s&rsquo; \u00e9levait un mausol\u00e9e de marbre noir en forme de tombeau, recouvert d&rsquo;une table en marbre&#8230; Ce monument fut enlev\u00e9 vers 1828 aux t\u00e9moignages des habitants du bourg<\/em> \u00bb.<br>\u00ab <em>Il y a quelques ann\u00e9es, il ne restait plus dans ce caveau que deux petites bo\u00eetes en plomb&#8230; ces deux vases ne contenaient qu&rsquo; un peu de poussi\u00e8re humide<\/em> \u00bb.<br>Remarquons au passage que \u00ab<em> I&rsquo;eau rouge<\/em> \u00bb des chroniques Decaux, devient avec le temps \u00ab <em>un peu de poussi\u00e8re humide<\/em> \u00bb dans le r\u00e9cit consign\u00e9 par Battelier.<br>A propos de Guillaume de Saint Simon de Rasse, son \u00e9pouse et leurs enfants, les chroniques Battelier pr\u00e9cisent : \u00ab <em>Leurs pierres tumulaires \u00e9taient plac\u00e9es dans les bas-c\u00f4t\u00e9s de Saint Louis pr\u00e8s de la sacristie<\/em> \u00bb.<br>On lit par ailleurs dans ces m\u00eames archives qu&rsquo;on a retir\u00e9 \u00ab <em>huit cercueils de plomb et deux c\u0153urs \u00e9galement de plomb du caveau en dessous du Chevalier gisant au milieu du ch\u0153ur de l&rsquo; \u00e9glise<\/em> \u00bb<br><br>L&rsquo;abb\u00e9 Chambay, cur\u00e9 de Pr\u00e9cy en 1873, disposant sans doute de t\u00e9moignages locaux d\u00e9crit un \u00ab <em>Mausol\u00e9e compos\u00e9 d&rsquo;une \u00e9paisse dalle en marbre noir soutenue par quatre lions couch\u00e9s qui faisaient office de supports de la dalle sur laquelle reposait un crois\u00e9 en armure le heaume entr&rsquo;ouvert, tenant d&rsquo;une main son bouclier et de l&rsquo;autre son \u00e9p\u00e9e<\/em> \u00bb.<br>Comment interpr\u00e9ter toutes ces donn\u00e9es ?<br><\/p>\n\n\n\n<div class=\"wp-block-group has-global-padding is-layout-constrained wp-block-group-is-layout-constrained\">\n<figure class=\"wp-block-image alignleft size-full is-resized\"><img loading=\"lazy\" decoding=\"async\" width=\"800\" height=\"600\" src=\"http:\/\/delamarre.net\/wpprecy\/wp-content\/uploads\/2024\/08\/p117_gisant-Louis_de_Sancerre_a_st_denis.jpg\" alt=\"\" class=\"wp-image-499\" style=\"width:319px;height:auto\" srcset=\"https:\/\/histoiredeprecy.com\/wp-content\/uploads\/2024\/08\/p117_gisant-Louis_de_Sancerre_a_st_denis.jpg 800w, https:\/\/histoiredeprecy.com\/wp-content\/uploads\/2024\/08\/p117_gisant-Louis_de_Sancerre_a_st_denis-300x225.jpg 300w, https:\/\/histoiredeprecy.com\/wp-content\/uploads\/2024\/08\/p117_gisant-Louis_de_Sancerre_a_st_denis-768x576.jpg 768w\" sizes=\"auto, (max-width: 800px) 100vw, 800px\" \/><figcaption class=\"wp-element-caption\">Gisant de Louis de Sancerre<\/figcaption><\/figure>\n\n\n\n<p>Il s&rsquo;agit de toute \u00e9vidence d&rsquo;un monument fun\u00e9raire en l&rsquo;honneur du b\u00e2tisseur appel\u00e9 fondateur de l&rsquo;\u00e9glise. Les decr\u00e9tales et plus tard le droit canonique accordent aux fondateurs d&rsquo;\u00e9glise, le droit de s\u00e9pulture et de caveau \u00e0 l&rsquo;int\u00e9rieur de l&rsquo;\u00e9difice qu&rsquo;ils ont fait construire.<br>Il est clair et net que ce droit fut accord\u00e9 \u00e0 Philippe de Pr\u00e9cy. principal fondateur. A sa mort vers 1330, on lui a donc \u00e9lev\u00e9 un monument fun\u00e9raire, sans doute un chevalier gisant en pierre comme on en faisait beaucoup \u00e0 l&rsquo;\u00e9poque pour glorifier les chevaliers qui avaient particip\u00e9 aux croisades en Terre Sainte. Ce monument a probablement \u00e9t\u00e9 bris\u00e9 ou souffert du vandalisme qui s\u00e9vit dans la r\u00e9gion pendant la guerre de Cent ans lorsque les Anglais mirent le feu \u00e0 l&rsquo;\u00e9glise de Pr\u00e9cy.<br>Le seigneur Louis de Saint Gelais, second fondateur, ayant \u00e9galement droit de s\u00e9pulture et de caveau, a remani\u00e9 l&rsquo;\u00e9glise d\u00e9vast\u00e9e (1570) lorsqu&rsquo;il a fait construire l&rsquo;actuelle nef gothique. Il a sans doute aussi fait restaurer ou refait le monument fun\u00e9raire \u00e0 la mani\u00e8re de l&rsquo;\u00e9poque.<br>Les \u00e9l\u00e9ments de style renaissance, sont alors plus somptueux ce qui explique la deuxi\u00e8me description de la \u00ab <em>pierre tumulaire<\/em> \u00bb qui devient \u00ab <em>Mausol\u00e9e<\/em> \u00bb en forme de tombeau. Ce dernier fut bris\u00e9 \u00e0 la R\u00e9volution Fran\u00e7aise et lors de la restauration de l&rsquo;\u00e9glise (1828) on vendit les restes du monument \u00e0 un marbrier de Senlis.<br>Aujourd&rsquo;hui, seule une composition de dalles en marbre noir, blanc et rose d\u00e9pos\u00e9es en forme de losange, marque l&rsquo;endroit o\u00f9 se trouvait autrefois le monument fun\u00e9raire du fondateur de l&rsquo;\u00e9glise de Pr\u00e9cy.<br><em>Sic transeat gloria mundi !<\/em><br><em>Ainsi passe la gloire du monde !<\/em><br><br>(1)&nbsp;&nbsp; &nbsp;Paris Biblioth\u00e8que Nationale, Manuscrits fran\u00e7ais n\u00b08579.<br>(2)&nbsp;&nbsp; &nbsp;Archives Paroissiales de Pr\u00e9cy. Chroniques Decaux et Batelier-Chambay<\/p>\n<\/div>\n<\/div>\n<\/div>\n<\/div>\n<\/div>\n\n\n\n<p><\/p>\n","protected":false},"excerpt":{"rendered":"<p>Nous n&rsquo;avons pas l&rsquo;intention de d\u00e9crire un chef-d&rsquo;\u0153uvre fun\u00e9raire comme les tombeaux royaux de Saint-Denis avec leurs magnifiques gisants des Xlll\u00e8me et XlV\u00e8me si\u00e8cles.Il ne s&rsquo;agit pas m\u00eame pas d&rsquo;\u00e9voquer un simple monument fun\u00e9raire comme celui du Chevalier Jean de Savigny en l&rsquo;\u00e9glise de Savignies (Oise), ou en bien d&rsquo;autres petites \u00e9glises de France qui [&hellip;]<\/p>\n","protected":false},"author":1,"featured_media":0,"comment_status":"closed","ping_status":"open","sticky":false,"template":"","format":"standard","meta":{"footnotes":""},"categories":[1],"tags":[],"class_list":["post-491","post","type-post","status-publish","format-standard","hentry","category-non-classe"],"_links":{"self":[{"href":"https:\/\/histoiredeprecy.com\/index.php\/wp-json\/wp\/v2\/posts\/491","targetHints":{"allow":["GET"]}}],"collection":[{"href":"https:\/\/histoiredeprecy.com\/index.php\/wp-json\/wp\/v2\/posts"}],"about":[{"href":"https:\/\/histoiredeprecy.com\/index.php\/wp-json\/wp\/v2\/types\/post"}],"author":[{"embeddable":true,"href":"https:\/\/histoiredeprecy.com\/index.php\/wp-json\/wp\/v2\/users\/1"}],"replies":[{"embeddable":true,"href":"https:\/\/histoiredeprecy.com\/index.php\/wp-json\/wp\/v2\/comments?post=491"}],"version-history":[{"count":5,"href":"https:\/\/histoiredeprecy.com\/index.php\/wp-json\/wp\/v2\/posts\/491\/revisions"}],"predecessor-version":[{"id":1849,"href":"https:\/\/histoiredeprecy.com\/index.php\/wp-json\/wp\/v2\/posts\/491\/revisions\/1849"}],"wp:attachment":[{"href":"https:\/\/histoiredeprecy.com\/index.php\/wp-json\/wp\/v2\/media?parent=491"}],"wp:term":[{"taxonomy":"category","embeddable":true,"href":"https:\/\/histoiredeprecy.com\/index.php\/wp-json\/wp\/v2\/categories?post=491"},{"taxonomy":"post_tag","embeddable":true,"href":"https:\/\/histoiredeprecy.com\/index.php\/wp-json\/wp\/v2\/tags?post=491"}],"curies":[{"name":"wp","href":"https:\/\/api.w.org\/{rel}","templated":true}]}}