{"id":533,"date":"2024-08-06T10:39:09","date_gmt":"2024-08-06T08:39:09","guid":{"rendered":"http:\/\/delamarre.net\/wpprecy\/?p=533"},"modified":"2024-08-16T14:39:53","modified_gmt":"2024-08-16T12:39:53","slug":"precy-au-xixeme-siecle","status":"publish","type":"post","link":"https:\/\/histoiredeprecy.com\/index.php\/2024\/08\/06\/precy-au-xixeme-siecle\/","title":{"rendered":"Pr\u00e9cy au XIX\u00e8me Si\u00e8cle\u00a0"},"content":{"rendered":"\n<p><strong>&nbsp; &nbsp;<\/strong><\/p>\n\n\n\n<div class=\"wp-block-group has-global-padding is-layout-constrained wp-block-group-is-layout-constrained\">\n<figure class=\"wp-block-image alignleft size-full is-resized\"><img loading=\"lazy\" decoding=\"async\" width=\"281\" height=\"400\" src=\"http:\/\/delamarre.net\/wpprecy\/wp-content\/uploads\/2024\/08\/portrait_g_sand_p.jpg\" alt=\"\" class=\"wp-image-535\" style=\"width:218px;height:auto\" srcset=\"https:\/\/histoiredeprecy.com\/wp-content\/uploads\/2024\/08\/portrait_g_sand_p.jpg 281w, https:\/\/histoiredeprecy.com\/wp-content\/uploads\/2024\/08\/portrait_g_sand_p-211x300.jpg 211w\" sizes=\"auto, (max-width: 281px) 100vw, 281px\" \/><figcaption class=\"wp-element-caption\">George Sand<\/figcaption><\/figure>\n\n\n\n<p><br><a href=\"http:\/\/web.archive.org\/web\/20231126162253\/http:\/\/www.histoiredeprecy.com\/histoire-en-images\/les-personnages\/personnages-culturels.html#Georges-Sand\"><\/a>Evoquer le s\u00e9jour de Sainte-Beuve et le passage de George Sand \u00e0 Pr\u00e9cy, c&rsquo;est aussi \u00e9voquer le Pr\u00e9cy du 19\u00e8me Si\u00e8cle.<br>A cette \u00e9poque, Pr\u00e9cy comptait environ 800 habitants. Les lendemains de la R\u00e9volution et les bouleversements politiques et gouvernementales se succ\u00e9daient rapidement. Louis-Philippe venait de r\u00e9tablir la Monarchie (1830-1848). Une fi\u00e8vre de construire s&#8217;empara des couches populaires. Les habitants de Pr\u00e9cy se servaient des grandes pierres du Ch\u00e2teau pill\u00e9 et abandonn\u00e9 pour construire leurs maisons comme celles derri\u00e8re l&rsquo;\u00e9glise (n\u00b0 21 et 23) ou la boulangerie dans l&rsquo;actuelle rue Charles des Gaulle.<br>Les grilles et le promontoire du Ch\u00e2teau V\u00e9n\u00e8que n&rsquo;existaient pas encore. L&rsquo;orangerie avait compl\u00e8tement disparu. L&rsquo;\u00e9glise \u00e9tait alors entour\u00e9e de son cimeti\u00e8re qui sera en 1851 transf\u00e9r\u00e9 sur la route de Neuilly. Le clocher \u00e9tait rest\u00e9 d\u00e9capit\u00e9 depuis que les r\u00e9volutionnaires l&rsquo;avaient \u00e9ventr\u00e9 pour s&#8217;emparer des cloches et les pr\u00e9cipiter dans la pelouse du cimeti\u00e8re.<br>On venait tout juste de blanchir l&rsquo;\u00e9glise et de remplacer les autels bris\u00e9s \u00e0 la Terreur. A cette \u00e9poque, le Maire n&rsquo;est pas \u00e9lu mais nomm\u00e9 par le Pr\u00e9fet.<br>Le train ne traversait pas encore le d\u00e9partement.<br><\/p>\n\n\n\n<div class=\"wp-block-group has-global-padding is-layout-constrained wp-block-group-is-layout-constrained\">\n<figure class=\"wp-block-image alignright size-full is-resized\"><img loading=\"lazy\" decoding=\"async\" width=\"900\" height=\"576\" src=\"http:\/\/delamarre.net\/wpprecy\/wp-content\/uploads\/2024\/08\/hotel_st_eloi_900.jpg\" alt=\"\" class=\"wp-image-537\" style=\"width:279px;height:auto\" srcset=\"https:\/\/histoiredeprecy.com\/wp-content\/uploads\/2024\/08\/hotel_st_eloi_900.jpg 900w, https:\/\/histoiredeprecy.com\/wp-content\/uploads\/2024\/08\/hotel_st_eloi_900-300x192.jpg 300w, https:\/\/histoiredeprecy.com\/wp-content\/uploads\/2024\/08\/hotel_st_eloi_900-768x492.jpg 768w\" sizes=\"auto, (max-width: 900px) 100vw, 900px\" \/><figcaption class=\"wp-element-caption\">Devant l&rsquo;h\u00f4tel Saint Eloi<\/figcaption><\/figure>\n\n\n\n<p>La gare \u00e9tait donc inexistante. L&rsquo;endroit s&rsquo;appelait le \u00ab D\u00c9BARCADERE \u00bb. On y prenait le bac pour la travers\u00e9e de l&rsquo;Oise ou pour prendre un bateau. La plupart des gens se d\u00e9pla\u00e7aient en carriole ou en charrette. Quelques familles ont une cal\u00e8che et une quinzaine poss\u00e8dent un landau.<br>Au D\u00e9barcad\u00e8re et \u00e0 l&rsquo;H\u00f4tel Saint Eloy (rue du Ch\u00e2teau), on peut louer un fiacre. La nuit, les rues ne sont pas \u00e9clair\u00e9es. La plupart sont pav\u00e9es. Il n&rsquo;y a pas d&rsquo;eau, de gaz ni d&rsquo; \u00e9lectricit\u00e9.<br>Les maisons ont un puits avec pompe.<br>La vie rurale est pr\u00e9dominante. Les vignerons sont tr\u00e8s nombreux. Les coteaux de Pr\u00e9cy \u00e0 Boran sont drap\u00e9s de vignes. Presque chaque maison a sa vigne. Les cultivateurs labourent leurs champs avec des b\u0153ufs. Quelques-uns ont des chevaux. Les troupeaux de moutons sont nombreux et importants ; quatre d&rsquo;entre eux comptent environ 200 brebis. L&rsquo;image champ\u00eatre des troupeaux b\u00ealants, partant chaque matin et rentrant au coucher du soleil donnait une note po\u00e9tique au village. Le soir la dizaine de caf\u00e9s \u00e9taient bond\u00e9s d&rsquo;ouvriers agricoles qui jouaient aux cartes en fumant la pipe et d\u00e9gustant le petit vin blanc du pays.<br>C&rsquo;est dans ce cadre champ\u00eatre qu&rsquo;il faut situer le venue de Sainte-Beuve et George Sand \u00e0 Pr\u00e9cy.<\/p>\n<\/div>\n<\/div>\n","protected":false},"excerpt":{"rendered":"<p>&nbsp; &nbsp; Evoquer le s\u00e9jour de Sainte-Beuve et le passage de George Sand \u00e0 Pr\u00e9cy, c&rsquo;est aussi \u00e9voquer le Pr\u00e9cy du 19\u00e8me Si\u00e8cle.A cette \u00e9poque, Pr\u00e9cy comptait environ 800 habitants. Les lendemains de la R\u00e9volution et les bouleversements politiques et gouvernementales se succ\u00e9daient rapidement. Louis-Philippe venait de r\u00e9tablir la Monarchie (1830-1848). Une fi\u00e8vre de construire [&hellip;]<\/p>\n","protected":false},"author":1,"featured_media":0,"comment_status":"closed","ping_status":"open","sticky":false,"template":"","format":"standard","meta":{"footnotes":""},"categories":[1],"tags":[],"class_list":["post-533","post","type-post","status-publish","format-standard","hentry","category-non-classe"],"_links":{"self":[{"href":"https:\/\/histoiredeprecy.com\/index.php\/wp-json\/wp\/v2\/posts\/533","targetHints":{"allow":["GET"]}}],"collection":[{"href":"https:\/\/histoiredeprecy.com\/index.php\/wp-json\/wp\/v2\/posts"}],"about":[{"href":"https:\/\/histoiredeprecy.com\/index.php\/wp-json\/wp\/v2\/types\/post"}],"author":[{"embeddable":true,"href":"https:\/\/histoiredeprecy.com\/index.php\/wp-json\/wp\/v2\/users\/1"}],"replies":[{"embeddable":true,"href":"https:\/\/histoiredeprecy.com\/index.php\/wp-json\/wp\/v2\/comments?post=533"}],"version-history":[{"count":3,"href":"https:\/\/histoiredeprecy.com\/index.php\/wp-json\/wp\/v2\/posts\/533\/revisions"}],"predecessor-version":[{"id":1854,"href":"https:\/\/histoiredeprecy.com\/index.php\/wp-json\/wp\/v2\/posts\/533\/revisions\/1854"}],"wp:attachment":[{"href":"https:\/\/histoiredeprecy.com\/index.php\/wp-json\/wp\/v2\/media?parent=533"}],"wp:term":[{"taxonomy":"category","embeddable":true,"href":"https:\/\/histoiredeprecy.com\/index.php\/wp-json\/wp\/v2\/categories?post=533"},{"taxonomy":"post_tag","embeddable":true,"href":"https:\/\/histoiredeprecy.com\/index.php\/wp-json\/wp\/v2\/tags?post=533"}],"curies":[{"name":"wp","href":"https:\/\/api.w.org\/{rel}","templated":true}]}}