{"id":539,"date":"2024-08-06T10:43:54","date_gmt":"2024-08-06T08:43:54","guid":{"rendered":"http:\/\/delamarre.net\/wpprecy\/?p=539"},"modified":"2024-08-16T14:41:05","modified_gmt":"2024-08-16T12:41:05","slug":"sainte-beuve-a-precy","status":"publish","type":"post","link":"https:\/\/histoiredeprecy.com\/index.php\/2024\/08\/06\/sainte-beuve-a-precy\/","title":{"rendered":"SAINTE BEUVE A PR\u00c9CY"},"content":{"rendered":"\n<p><\/p>\n\n\n\n<div class=\"wp-block-group has-global-padding is-layout-constrained wp-block-group-is-layout-constrained\">\n<figure class=\"wp-block-image alignleft size-full is-resized\"><img loading=\"lazy\" decoding=\"async\" width=\"129\" height=\"155\" src=\"http:\/\/delamarre.net\/wpprecy\/wp-content\/uploads\/2024\/08\/36b_sainte_beuve2.jpg\" alt=\"\" class=\"wp-image-542\" style=\"width:181px;height:auto\"\/><figcaption class=\"wp-element-caption\">Sainte-Beuve<\/figcaption><\/figure>\n\n\n\n<p><a href=\"http:\/\/web.archive.org\/web\/20231127013533\/http:\/\/www.histoiredeprecy.com\/histoire-en-images\/les-personnages\/personnages-culturels.html#Sainte-Beuve\"><\/a><br>Dans l&rsquo;extraordinaire galerie des \u00e9crivains du 19\u00e8me si\u00e8cle, Sainte Beuve incarne le personnage du solitaire triste, non expansif, sans lyrisme, l&rsquo;ami des livres et des textes, peut-\u00eatre ses seuls amis v\u00e9ritables.<br>Petit homme toujours coiff\u00e9 d&rsquo;une calotte noire, l&rsquo;air malicieux et chafoin, tel est son portrait fix\u00e9 par l&rsquo;objectif de Nadar.<br>Admirateur de Victor Hugo dont la femme Ad\u00e8le devint pendant quelques ann\u00e9es sa ma\u00eetresse, Sainte Beuve a v\u00e9cu \u00e0 une \u00e9poque o\u00f9 \u00a0\u00bb <em>la vie int\u00e9rieure<\/em> \u00a0\u00bb n&rsquo;avait que peu d&rsquo;adeptes, tellement la religion la\u00efque avait bouscul\u00e9 les mentalit\u00e9s depuis la sortie de la R\u00e9volution et la Terreur.<br><\/p>\n\n\n\n<div class=\"wp-block-group has-global-padding is-layout-constrained wp-block-group-is-layout-constrained\">\n<figure class=\"wp-block-image alignright size-full is-resized\"><img loading=\"lazy\" decoding=\"async\" width=\"266\" height=\"400\" src=\"http:\/\/delamarre.net\/wpprecy\/wp-content\/uploads\/2024\/08\/le_clos_2_p.jpg\" alt=\"\" class=\"wp-image-544\" style=\"width:215px;height:auto\" srcset=\"https:\/\/histoiredeprecy.com\/wp-content\/uploads\/2024\/08\/le_clos_2_p.jpg 266w, https:\/\/histoiredeprecy.com\/wp-content\/uploads\/2024\/08\/le_clos_2_p-200x300.jpg 200w\" sizes=\"auto, (max-width: 266px) 100vw, 266px\" \/><figcaption class=\"wp-element-caption\">\u00ab\u00a0Le Clos\u00a0\u00bb \u00e0 Pr\u00e9cy<\/figcaption><\/figure>\n\n\n\n<p>Toute sa vie l&rsquo;a pour ainsi dire conditionn\u00e9.<br><a href=\"http:\/\/web.archive.org\/web\/20231127013533\/http:\/\/www.histoiredeprecy.com\/le-passe-des-lieux\/le-clos.html\"><\/a>N\u00e9 \u00e0 Boulogne sur mer le 23 D\u00e9cembre 1804 dans une famille bourgeoise Picarde, ayant abandonn\u00e9 la particule nobiliaire qui lui avait \u00e9t\u00e9 accord\u00e9e au 18\u00e8me si\u00e8cle, Charles Augustin Sainte Beuve grandit entre sa m\u00e8re et sa tante, femmes pieuses qui entretenaient sans faillir le souvenir du p\u00e8re d\u00e9c\u00e9d\u00e9 quelques semaines avant sa naissance. Ces ann\u00e9es empreintes de tristesse prennent fin lorsqu&rsquo;\u00e0 quatorze ans il arrive \u00e0 Paris o\u00f9 il poursuit des \u00e9tudes classiques. On l&rsquo;a dit \u00e9l\u00e8ve studieux, appliqu\u00e9, brillant, pr\u00e9coce, tr\u00e8s t\u00f4t lecteur passionn\u00e9 de Chateaubriand et de Lamartine. A vingt ans il publie ses premiers articles de critique litt\u00e9raire dans \u00a0\u00bb <em>Le Globe<\/em> \u00ab\u00a0, l&rsquo;organe militant du mouvement romantique litt\u00e9raire. Son enthousiasme et son talent lui vaudront d&rsquo;int\u00e9grer \u00a0\u00bb <em>Le C\u00e9nacle<\/em> \u00a0\u00bb o\u00f9 il est dans la mouvance de Victor Hugo. Il n&rsquo;\u00e9crira qu&rsquo;un seul roman : \u00a0\u00bb <em>Volupt\u00e9<\/em> \u00a0\u00bb marqu\u00e9 par l&rsquo;amiti\u00e9 et l&rsquo;attachement qu&rsquo;il \u00e9prouvait pour l&rsquo;Abb\u00e9 de Lamenais qu&rsquo;un Pape souhaita faire cardinal et que le successeur condamna. Le proph\u00e9tique Lamenais qui voulait ancrer l&rsquo;\u00c9glise dans la modernit\u00e9, avait une libert\u00e9 de pens\u00e9e qui for\u00e7ait l&rsquo;admiration tant elle \u00e9tait nuanc\u00e9e. Il refusa le Concordat de 1801 qui fait du Clerg\u00e9 un corps de fonctionnaires soumis \u00e0 l&rsquo;\u00c9tat indiff\u00e9rent en mati\u00e8re de religion.<br>Il pr\u00e9conise la s\u00e9paration de l&rsquo;\u00c9glise et de l&rsquo;\u00c9tat. L&rsquo;\u00c9piscopat Fran\u00e7ais \u00e9tait alors majoritairement Gallican et finit par avoir sa peau. Quand on est jeune, on a souvent tort d&rsquo;avoir raison trop t\u00f4t. En 1833, il \u00e9crira : \u00a0\u00bb <em>J&rsquo;ai cherch\u00e9 uniquement le triomphe de la v\u00e9rit\u00e9&#8230; Mes combats pour l&rsquo;\u00c9glise sont finis. D&rsquo;autres pourront les d\u00e9fendre avec plus de talent et plus de bonheur, mais non pas avec plus de Conscience.<\/em> \u00ab\u00a0<br><\/p>\n\n\n\n<div class=\"wp-block-group has-global-padding is-layout-constrained wp-block-group-is-layout-constrained\">\n<figure class=\"wp-block-image alignleft size-full is-resized\"><img loading=\"lazy\" decoding=\"async\" width=\"215\" height=\"321\" src=\"http:\/\/delamarre.net\/wpprecy\/wp-content\/uploads\/2024\/08\/p131_Marcel_Proust_1900.jpg\" alt=\"\" class=\"wp-image-546\" style=\"width:191px;height:auto\" srcset=\"https:\/\/histoiredeprecy.com\/wp-content\/uploads\/2024\/08\/p131_Marcel_Proust_1900.jpg 215w, https:\/\/histoiredeprecy.com\/wp-content\/uploads\/2024\/08\/p131_Marcel_Proust_1900-201x300.jpg 201w\" sizes=\"auto, (max-width: 215px) 100vw, 215px\" \/><figcaption class=\"wp-element-caption\">Marcel Proust en 1900<\/figcaption><\/figure>\n\n\n\n<p>Cette fid\u00e9lit\u00e9 aux droits de la conscience fascinait Sainte Beuve. En octobre 1837 et juin 1838, suite \u00e0 sa rupture avec Victor Hugo, on le retrouve \u00e0 Lausanne o\u00f9 il donne une s\u00e9rie de conf\u00e9rences sur l&rsquo;Histoire de Port-Royal, qui seront \u00e0 l&rsquo;origine de cette oeuvre monumentale qu&rsquo;il r\u00e9digera en grande partie \u00e0 Pr\u00e9cy, \u00e0 la maison \u00a0\u00bb Le Clos \u00a0\u00bb o\u00f9 il avait ramen\u00e9 les divers \u00e9l\u00e9ments et mat\u00e9riaux pour travailler dans le silence et la po\u00e9sie de cette belle demeure o\u00f9 tout porte au recueillement.<br>Il avoue travailler quinze heures par jour et ne pas voir passer le temps. Il est tellement passionn\u00e9 par le sujet qu&rsquo;il n&rsquo;a de go\u00fbt pour rien d&rsquo;autre. Sainte Beuve connaissait assez l&rsquo;\u00e2me humaine pour savoir que ce n&rsquo;est pas parce qu&rsquo;on se met \u00e0 genoux devant un crucifix qu&rsquo;on est chr\u00e9tien. En fr\u00e9quentant les Jans\u00e9nistes : Saint Cyran, Arnauld, Nicole et surtout Monsieur Hamon aux pieds duquel Racine souhaitait \u00eatre enterr\u00e9, Sainte Beuve prend le go\u00fbt de l&rsquo;aust\u00e8re et surtout du perp\u00e9tuel examen de conscience. Son admiration pour les solitaires de Port-Royal et en particulier pour Pascal qui \u00e9crit que \u00a0\u00bb&nbsp; <em>la Foi se cultive \u00e0 genoux<\/em> \u00ab\u00a0, expliquent en grande partie sa qu\u00eate de lucidit\u00e9 et de simplicit\u00e9.<br><\/p>\n\n\n\n<div class=\"wp-block-group has-global-padding is-layout-constrained wp-block-group-is-layout-constrained\">\n<figure class=\"wp-block-image alignright size-full is-resized\"><img loading=\"lazy\" decoding=\"async\" width=\"460\" height=\"483\" src=\"http:\/\/delamarre.net\/wpprecy\/wp-content\/uploads\/2024\/08\/p131_Gustave_flaubert.jpg\" alt=\"\" class=\"wp-image-547\" style=\"width:241px;height:auto\" srcset=\"https:\/\/histoiredeprecy.com\/wp-content\/uploads\/2024\/08\/p131_Gustave_flaubert.jpg 460w, https:\/\/histoiredeprecy.com\/wp-content\/uploads\/2024\/08\/p131_Gustave_flaubert-286x300.jpg 286w\" sizes=\"auto, (max-width: 460px) 100vw, 460px\" \/><figcaption class=\"wp-element-caption\">Gustave Flaubert<\/figcaption><\/figure>\n\n\n\n<p>C&rsquo;est d&rsquo;eux qu&rsquo;il tient cette grammaire du simple, \u00e9picentre d&rsquo;une expression spirituelle de soi dont se souviendront plus tard, Mauriac, Cababis, L\u00e9autaud et tant d&rsquo;autres.<br>Marcel Proust avouait l&rsquo;avoir hypocritement d\u00e9daign\u00e9 alors qu&rsquo;il le d\u00e9vorait en cachette. Cet homme aimait les livres, avait ignor\u00e9 Stendhal, critiqu\u00e9 vertement de Vigny, Balzac, Flaubert&#8230;<br>Pourtant quand \u00e0 65 ans il meurt \u00e0 Paris en 1869, Flaubert \u00e9crit : \u00a0\u00bb <em>Avec qui causer de litt\u00e9rature maintenant ? Celui-l\u00e0 l&rsquo;aimait&#8230; Tout ce qui en France tient une plume, fait en lui une perte irr\u00e9parable<\/em> \u00ab\u00a0.<\/p>\n<\/div>\n<\/div>\n<\/div>\n<\/div>\n\n\n\n<p><\/p>\n","protected":false},"excerpt":{"rendered":"<p>Dans l&rsquo;extraordinaire galerie des \u00e9crivains du 19\u00e8me si\u00e8cle, Sainte Beuve incarne le personnage du solitaire triste, non expansif, sans lyrisme, l&rsquo;ami des livres et des textes, peut-\u00eatre ses seuls amis v\u00e9ritables.Petit homme toujours coiff\u00e9 d&rsquo;une calotte noire, l&rsquo;air malicieux et chafoin, tel est son portrait fix\u00e9 par l&rsquo;objectif de Nadar.Admirateur de Victor Hugo dont la [&hellip;]<\/p>\n","protected":false},"author":1,"featured_media":0,"comment_status":"closed","ping_status":"open","sticky":false,"template":"","format":"standard","meta":{"footnotes":""},"categories":[1],"tags":[],"class_list":["post-539","post","type-post","status-publish","format-standard","hentry","category-non-classe"],"_links":{"self":[{"href":"https:\/\/histoiredeprecy.com\/index.php\/wp-json\/wp\/v2\/posts\/539","targetHints":{"allow":["GET"]}}],"collection":[{"href":"https:\/\/histoiredeprecy.com\/index.php\/wp-json\/wp\/v2\/posts"}],"about":[{"href":"https:\/\/histoiredeprecy.com\/index.php\/wp-json\/wp\/v2\/types\/post"}],"author":[{"embeddable":true,"href":"https:\/\/histoiredeprecy.com\/index.php\/wp-json\/wp\/v2\/users\/1"}],"replies":[{"embeddable":true,"href":"https:\/\/histoiredeprecy.com\/index.php\/wp-json\/wp\/v2\/comments?post=539"}],"version-history":[{"count":5,"href":"https:\/\/histoiredeprecy.com\/index.php\/wp-json\/wp\/v2\/posts\/539\/revisions"}],"predecessor-version":[{"id":1855,"href":"https:\/\/histoiredeprecy.com\/index.php\/wp-json\/wp\/v2\/posts\/539\/revisions\/1855"}],"wp:attachment":[{"href":"https:\/\/histoiredeprecy.com\/index.php\/wp-json\/wp\/v2\/media?parent=539"}],"wp:term":[{"taxonomy":"category","embeddable":true,"href":"https:\/\/histoiredeprecy.com\/index.php\/wp-json\/wp\/v2\/categories?post=539"},{"taxonomy":"post_tag","embeddable":true,"href":"https:\/\/histoiredeprecy.com\/index.php\/wp-json\/wp\/v2\/tags?post=539"}],"curies":[{"name":"wp","href":"https:\/\/api.w.org\/{rel}","templated":true}]}}