{"id":611,"date":"2024-08-06T12:12:55","date_gmt":"2024-08-06T10:12:55","guid":{"rendered":"http:\/\/delamarre.net\/wpprecy\/?p=611"},"modified":"2024-08-17T13:46:06","modified_gmt":"2024-08-17T11:46:06","slug":"gabriel-faure-1865-1924","status":"publish","type":"post","link":"https:\/\/histoiredeprecy.com\/index.php\/2024\/08\/06\/gabriel-faure-1865-1924\/","title":{"rendered":"GABRIEL FAUR\u00c9 (1865-1924)"},"content":{"rendered":"\n<p><\/p>\n\n\n\n<div class=\"wp-block-group has-global-padding is-layout-constrained wp-block-group-is-layout-constrained\">\n<figure class=\"wp-block-image alignright size-full is-resized\"><img loading=\"lazy\" decoding=\"async\" width=\"241\" height=\"357\" src=\"http:\/\/delamarre.net\/wpprecy\/wp-content\/uploads\/2024\/08\/p149_Louis_Niedermeyer.jpg\" alt=\"\" class=\"wp-image-613\" style=\"width:178px;height:auto\" srcset=\"https:\/\/histoiredeprecy.com\/wp-content\/uploads\/2024\/08\/p149_Louis_Niedermeyer.jpg 241w, https:\/\/histoiredeprecy.com\/wp-content\/uploads\/2024\/08\/p149_Louis_Niedermeyer-203x300.jpg 203w\" sizes=\"auto, (max-width: 241px) 100vw, 241px\" \/><figcaption class=\"wp-element-caption\">Louis Niedermeyer<\/figcaption><\/figure>\n\n\n\n<p><br>Fils d&rsquo;un instituteur devenu directeur d&rsquo;\u00e9cole normale, Gabriel Faur\u00e9 suit d\u00e8s l&rsquo;\u00e2ge de 9 ans les cours de l&rsquo;\u00e9cole de musique fond\u00e9e en 1853 par Louis Niedermeyer. El\u00e8ve et ami de Saint-Sa\u00ebns qui lui fait d\u00e9couvrir Schumann, Liszt, Wagner, c&rsquo;est comme organiste que Faur\u00e9 fait ses d\u00e9buts \u00e0 Rennes (1866). Apr\u00e8s la guerre de 1870, on Ie retrouve titulaire \u00e0 Saint-Honor\u00e9 d&rsquo;Eylau, et il participera \u00e0 la fondation de la Soci\u00e9t\u00e9 nationale de musique. Il est nomm\u00e9 en 1877 ma\u00eetre de chapelle \u00e0 la Madeleine.<br><\/p>\n\n\n\n<div class=\"wp-block-group has-global-padding is-layout-constrained wp-block-group-is-layout-constrained\">\n<figure class=\"wp-block-image alignleft size-full is-resized\"><img loading=\"lazy\" decoding=\"async\" width=\"432\" height=\"710\" src=\"http:\/\/delamarre.net\/wpprecy\/wp-content\/uploads\/2024\/08\/42_g_faure1_p.jpg\" alt=\"\" class=\"wp-image-615\" style=\"width:210px;height:auto\" srcset=\"https:\/\/histoiredeprecy.com\/wp-content\/uploads\/2024\/08\/42_g_faure1_p.jpg 432w, https:\/\/histoiredeprecy.com\/wp-content\/uploads\/2024\/08\/42_g_faure1_p-183x300.jpg 183w\" sizes=\"auto, (max-width: 432px) 100vw, 432px\" \/><figcaption class=\"wp-element-caption\">Gabriel Faur\u00e9<\/figcaption><\/figure>\n\n\n\n<p>Parall\u00e8lement, il est un h\u00f4te appr\u00e9ci\u00e9 des salons parisiens o\u00f9 son caract\u00e8re, ses qualit\u00e9s pianistiques et d&rsquo;improvisation font merveille : En 1892, Faur\u00e9 est nomm\u00e9 inspecteur des Conservatoires : en 1896, il est titulaire du grand orgue de la Madeleine, puis succ\u00e8de \u00e0 Massenet comme professeur de composition au Conservatoire, o\u00f9 il comptera de nombreux et prestigieux \u00e9l\u00e8ves : Florent Schmitt, Charles Koechlin, Nadia Boulanger, Maurice Ravel.<br>Malgr\u00e9 une surdit\u00e9 qui devient quasi-totale, il est le Directeur du Conservatoire en 1905. En 1909, c&rsquo;est l&rsquo;Institut (Acad\u00e9mie des Beaux Arts) qui l&rsquo;accueille en son sein. C&rsquo;est un homme au fa\u00eete de la gloire qui s&rsquo;\u00e9teint en 1924, et \u00e0 qui la patrie reconnaissante accorde l&rsquo;ultime honneur des obs\u00e8ques nationales.<br>Le nom de Faur\u00e9 est indissociablement li\u00e9 aux m\u00e9lodies, aux pi\u00e8ces pour piano et \u00e0 la musique de chambre dont il est le v\u00e9ritable cr\u00e9ateur en France. M\u00e9lodiste de tout premier plan, sa musique se marie remarquablement aux po\u00e8mes de Verlaine, Hugo, Armand Silvestre&#8230; Ses pi\u00e8ces pour piano, sa contribution majeure \u00e0 la musique de chambre (<em>Quatuors pour piano et cordes, sonates pour piano et violon<\/em>&#8230;), son c\u00e9l\u00e8bre <em>Requiem<\/em> (1887) le placent aux cot\u00e9s d&rsquo;un Debussy et d&rsquo;un Ravel parmi les grands compositeurs qui r\u00e9g\u00e9n\u00e9r\u00e8rent la musique fran\u00e7aise au tournant du si\u00e8cle.<\/p>\n<\/div>\n<\/div>\n\n\n\n<div class=\"wp-block-group has-global-padding is-layout-constrained wp-block-group-is-layout-constrained\">\n<figure class=\"wp-block-image alignright size-full is-resized\"><img loading=\"lazy\" decoding=\"async\" width=\"360\" height=\"453\" src=\"http:\/\/delamarre.net\/wpprecy\/wp-content\/uploads\/2024\/08\/p_maeterlinck.jpg\" alt=\"\" class=\"wp-image-617\" style=\"width:207px;height:auto\" srcset=\"https:\/\/histoiredeprecy.com\/wp-content\/uploads\/2024\/08\/p_maeterlinck.jpg 360w, https:\/\/histoiredeprecy.com\/wp-content\/uploads\/2024\/08\/p_maeterlinck-238x300.jpg 238w\" sizes=\"auto, (max-width: 360px) 100vw, 360px\" \/><figcaption class=\"wp-element-caption\">M. Maeterlinck<\/figcaption><\/figure>\n\n\n\n<p><br>Gabriel Faur\u00e9 venait r\u00e9guli\u00e8rement \u00e0 Pr\u00e9cy chez ses amis Henneguy de la rue Saint-Germer.<br>Le dimanche apr\u00e8s les v\u00eapres, Gabriel Faur\u00e9 restait de temps en temps en l&rsquo;\u00e9glise de Pr\u00e9cy pour y jouer de l&rsquo;orgue pour ses amis. Marie-Louise Pironnet, pianiste, \u00ab\u00a0Tante Lou-Lou\u00a0\u00bb pour les intimes, \u00e9tait de ceux-l\u00e0. Elle \u00e9tait la tante de Madame Marcelle Collet et tenait l&rsquo;orgue \u00e0 la messe du Dimanche. Gabriel Faur\u00e9 a \u00e9crit un morceau d&rsquo;orgue pour elle.<br>Surtout connu pour son <em>Requiem<\/em> (1887) qui \u00e9voque la paix de la mort, il composa \u00e9galement de la musique de sc\u00e8ne pour \u00a0\u00bb <em>Pell\u00e9as et M\u00e9lisande<\/em> \u00a0\u00bb de Maeterlinck et en tira une suite de concert dans laquelle il engloba la charmante \u00a0\u00bb <em>Sicilienne<\/em> \u00a0\u00bb op.78 pour violoncelle et le magnifique \u00a0\u00bb <em>Adagio<\/em> \u00a0\u00bb annon\u00e7ant la mort de M\u00e9lisande.<br><\/p>\n\n\n\n<div class=\"wp-block-group has-global-padding is-layout-constrained wp-block-group-is-layout-constrained\">\n<figure class=\"wp-block-image alignleft size-full is-resized\"><img loading=\"lazy\" decoding=\"async\" width=\"504\" height=\"668\" src=\"http:\/\/delamarre.net\/wpprecy\/wp-content\/uploads\/2024\/08\/42_g_faure2_p.jpg\" alt=\"\" class=\"wp-image-619\" style=\"width:199px;height:auto\" srcset=\"https:\/\/histoiredeprecy.com\/wp-content\/uploads\/2024\/08\/42_g_faure2_p.jpg 504w, https:\/\/histoiredeprecy.com\/wp-content\/uploads\/2024\/08\/42_g_faure2_p-226x300.jpg 226w\" sizes=\"auto, (max-width: 504px) 100vw, 504px\" \/><figcaption class=\"wp-element-caption\">Gabriel Faur\u00e9<\/figcaption><\/figure>\n\n\n\n<p>Ses \u00a0\u00bb <em>Quatuors<\/em> \u00a0\u00bb et \u00a0\u00bb <em>Berceuses<\/em> \u00a0\u00bb pour violon et piano ainsi que le recueil de chansons sur des textes de Paul Verlaine parlent de ses remarquables talents musicaux.<br><em>(Propos recueillis aupr\u00e8s de Madame Henneguy et Madame Collet)<\/em><br><br>Les lettres de Gabriel FAUR\u00c9, en particulier celles adress\u00e9es \u00e0 son fils Emmanuel FAUR\u00c9-FR\u00c9MIET et \u00e0 sa belle-fille Jeanne HENNEGUY de Pr\u00e9cy, jettent une lumi\u00e8re sur l&rsquo;intimit\u00e9 familiale de l&rsquo;artiste. A un moment donn\u00e9 de la guerre 14-18, son fils et sa belle-fille Jeanne HENNEGUY avaient fui Paris et s\u00e9journaient alors \u00e0 Pr\u00e9cy chez les parents HENNEGUY, rue Saint Germer. Invit\u00e9 par Madame HENNEGUY m\u00e8re pour aller d\u00eener \u00e0 Pr\u00e9cy, Gabriel FAUR\u00c9 \u00e9crit \u00e0 sa belle-fille :<br><\/p>\n\n\n\n<div class=\"wp-block-group has-global-padding is-layout-constrained wp-block-group-is-layout-constrained\">\n<figure class=\"wp-block-image alignright size-full is-resized\"><img loading=\"lazy\" decoding=\"async\" width=\"200\" height=\"252\" src=\"http:\/\/delamarre.net\/wpprecy\/wp-content\/uploads\/2024\/08\/p151_Saintsaens.jpg\" alt=\"\" class=\"wp-image-621\" style=\"width:221px;height:auto\"\/><figcaption class=\"wp-element-caption\">Saint-Saens<\/figcaption><\/figure>\n\n\n\n<p>\u00ab <em>Ma ch\u00e8re Jeanne,<\/em><br><em>Quel soir vos parents veulent-ils bien compter sur moi pour d\u00eener ? Je vous avais propos\u00e9 vendredi&#8230; si le choix n&rsquo;est pas encore fait, je vous demanderai de me laisser reprendre lundi. Except\u00e9 ce soir l\u00e0, tous les autres restent \u00e0 la disposition de Madame Henneguy.<\/em><br><em>Voici deux fauteuils pour demain soir si le froid ne vous fait pas peur<\/em><br><em>Je vous embrasse, Emmanuel et vous, bien tendrement.<\/em><br><em>Gabriel Faur\u00e9<\/em> \u00bb<br><br>Dans une lettre dat\u00e9e du 17 avril 1916 o\u00f9 il parle d&rsquo;une invitation \u00e0 venir d\u00e9jeuner, il \u00e9crit :<br>\u00ab <em>Ma ch\u00e8re Jeanne,<\/em><br><em>Je ne me souviens plus si nous \u00e9tions convenus, pour que je vienne d\u00e9jeuner le jeudi prochain ou le jeudi suivant ? Choisissez car je pourrai venir l&rsquo;un et l&rsquo;autre jour. Votre maman a souffert beaucoup avant-hier et hier de cruelles crampes : elle \u00e9tait extr\u00eamement abattue. Elle va mieux, un peu, aujourd&rsquo;hui. De Philippe, nous avons re\u00e7u un petit mot hier, 16, le matin, matin dat\u00e9 du 10. Il allait bien. J&rsquo;esp\u00e8re que vous avez de bonnes nouvelles de Pr\u00e9cy.<\/em><br><em>Je vous embrasse tous les deux, bien tendrement.<\/em><br><em>Gabriel Faur\u00e9<\/em> \u00bb<br><br><\/p>\n\n\n\n<div class=\"wp-block-group has-global-padding is-layout-constrained wp-block-group-is-layout-constrained\">\n<figure class=\"wp-block-image alignleft size-full is-resized\"><img loading=\"lazy\" decoding=\"async\" width=\"336\" height=\"438\" src=\"http:\/\/delamarre.net\/wpprecy\/wp-content\/uploads\/2024\/08\/p151_Jules_Massenet.jpg\" alt=\"\" class=\"wp-image-623\" style=\"width:214px;height:auto\" srcset=\"https:\/\/histoiredeprecy.com\/wp-content\/uploads\/2024\/08\/p151_Jules_Massenet.jpg 336w, https:\/\/histoiredeprecy.com\/wp-content\/uploads\/2024\/08\/p151_Jules_Massenet-230x300.jpg 230w\" sizes=\"auto, (max-width: 336px) 100vw, 336px\" \/><figcaption class=\"wp-element-caption\">Jules Massenet<\/figcaption><\/figure>\n\n\n\n<p>Dans ses lettres \u00e0 ses enfants, il parle rarement de sa musique ou de ses relations pourtant nombreuses avec les musiciens de son \u00e9poque. Il parle de son \u00ab<em> admiration pour son ancien professeur Camille Saint-Sa\u00ebns<\/em> \u00bb de \u00ab <em>la pr\u00e9ciosit\u00e9 des m\u00e9lodies de Massenet<\/em> \u00bb \u00e0 qui il succ\u00e9da en 1896 au Conservatoire de Paris dont il devint directeur en 1905. De son \u00e9l\u00e8ve Maurice Ravel, il pr\u00e9dit un brillant avenir. Apprenant que son fils Emmanuel fait \u00e9couter du Wagner au Coll\u00e8ge de France, il \u00e9crit \u00e0 sa belle-fille, Jeanne HENNEGUY :<br>\u00ab <em>Comment Emmanuel ose-t-il faire retentir la rue des \u00c9coles de sonorit\u00e9s affreux !<\/em> \u00bb [ &#8230; affreuses]<br>D&rsquo;o\u00f9 qu&rsquo;il \u00e9crit : Paris, \u00c9vian-les-Bains, Toulon, Pau, Toulouse, Annecy, l&rsquo;Abbaye de Valloires &#8230; il termine souvent ses lettres par un petit mot pour les HENNEGUY de Pr\u00e9cy.<br><\/p>\n\n\n\n<div class=\"wp-block-group has-global-padding is-layout-constrained wp-block-group-is-layout-constrained\">\n<figure class=\"wp-block-image alignright size-full is-resized\"><img loading=\"lazy\" decoding=\"async\" width=\"266\" height=\"354\" src=\"http:\/\/delamarre.net\/wpprecy\/wp-content\/uploads\/2024\/08\/p151_Maurice_Ravel_1912.jpg\" alt=\"\" class=\"wp-image-624\" style=\"width:181px;height:auto\" srcset=\"https:\/\/histoiredeprecy.com\/wp-content\/uploads\/2024\/08\/p151_Maurice_Ravel_1912.jpg 266w, https:\/\/histoiredeprecy.com\/wp-content\/uploads\/2024\/08\/p151_Maurice_Ravel_1912-225x300.jpg 225w\" sizes=\"auto, (max-width: 266px) 100vw, 266px\" \/><figcaption class=\"wp-element-caption\">Maurice Ravel en 1912<\/figcaption><\/figure>\n\n\n\n<p>A propos de la destruction du Pont de Pr\u00e9cy et de l&rsquo;avanc\u00e9e des Allemands, il \u00e9crit :<br>\u00ab <em>Je suis constern\u00e9 par ce qui arrive \u00e0 Pr\u00e9cy et m&rsquo;inqui\u00e8te de la sant\u00e9 de vos parents apr\u00e8s une terrible \u00e9motion. Dites-moi vite comment ils vont tous. Et cette pauvre bless\u00e9e ? J&rsquo;ai quitt\u00e9 Paris pas bien portant. J&rsquo;ai d\u00fb m&rsquo;aliter d\u00e8s mon arriv\u00e9e [\u00c9vian] ici en descendant du train. Je vais mieux, mais je reste faible, accabl\u00e9&#8230; Je somnole toute la journ\u00e9e. Le m\u00e9decin qui m&rsquo;a tr\u00e8s attentivement examin\u00e9, assure que je n&rsquo;ai rien sinon une faiblesse g\u00e9n\u00e9rale dont un repos absolu viendra \u00e0 bout.<\/em><br><em>Donnez-moi bient\u00f4t de vos nouvelles et de Monsieur et Madame HENNEGUY et de Suzanne<\/em>. \u00bb<br><br><\/p>\n\n\n\n<div class=\"wp-block-group has-global-padding is-layout-constrained wp-block-group-is-layout-constrained\">\n<figure class=\"wp-block-image alignleft size-full is-resized\"><img loading=\"lazy\" decoding=\"async\" width=\"240\" height=\"158\" src=\"http:\/\/delamarre.net\/wpprecy\/wp-content\/uploads\/2024\/08\/42a_Evian01.jpg\" alt=\"\" class=\"wp-image-626\" style=\"width:274px;height:auto\"\/><figcaption class=\"wp-element-caption\">La ville d&rsquo;Evian<\/figcaption><\/figure>\n\n\n\n<p>Pendant la guerre 14-18, Gabriel FAUR\u00c9 exprime souvent son inqui\u00e9tude pour son fils Philippe qui est \u00e0 l&rsquo;arm\u00e9e. En convalescence \u00e0 \u00c9vian il \u00e9crit :<br>\u00ab <em>Evian, 27\/7\/16<\/em><br><em>Mes chers enfants,<\/em><br><em>Je vous remercie tous deux de me donner des nouvelles. Ne soyez pas inquiets de moi. Je vais mieux chaque jour et l&rsquo;essoufflement est toujours en d\u00e9croissance. Quant au travail, je le m\u00e8ne tr\u00e8s en douceur, je vous l&rsquo;assure. J&rsquo;ai re\u00e7u hier, 26, une petite lettre de Philippe du 20. Il veut certainement me tranquilliser en m&rsquo;assurant qu&rsquo;ils sont l\u00e0-bas au calme ! \u00c7a, Dieu le veuille ! Mais de votre maman je n&rsquo;ai rien re\u00e7u depuis fort longtemps. J&rsquo;ai peur qu&rsquo;elle ne veuille rentrer \u00e0 Paris pr\u00e9matur\u00e9ment. Les nouvelles de la guerre sont tr\u00e8s belles, mais il faut cependant ne rien pr\u00e9cipiter.<\/em><br><em>Heureux d&rsquo;apprendre que vos parents iront bient\u00f4t au Croisic. Je voudrais esp\u00e9rer que vous irez aussi tous les deux ! Emmanuel n&rsquo;a-t-il pas droit \u00e0 un nouveau cong\u00e9 ?<\/em><br><em>Je vous embrasse tendrement.<\/em><br><em>Gabriel Faur\u00e9<\/em> \u00bb<br><\/p>\n\n\n\n<div class=\"wp-block-group has-global-padding is-layout-constrained wp-block-group-is-layout-constrained\">\n<figure class=\"wp-block-image alignright size-full is-resized\"><img loading=\"lazy\" decoding=\"async\" width=\"400\" height=\"300\" src=\"http:\/\/delamarre.net\/wpprecy\/wp-content\/uploads\/2024\/08\/p_le_Croisic.jpg\" alt=\"\" class=\"wp-image-627\" style=\"width:295px;height:auto\" srcset=\"https:\/\/histoiredeprecy.com\/wp-content\/uploads\/2024\/08\/p_le_Croisic.jpg 400w, https:\/\/histoiredeprecy.com\/wp-content\/uploads\/2024\/08\/p_le_Croisic-300x225.jpg 300w\" sizes=\"auto, (max-width: 400px) 100vw, 400px\" \/><figcaption class=\"wp-element-caption\">La ville du Croisic<\/figcaption><\/figure>\n\n\n\n<p>\u00ab <em>\u00c9vian, mardi 16 juillet 1916<\/em><br><em>Je vais mieux. Depuis deux jours je sors un peu en voiture et ces petites promenades me font grand bien. Je n&rsquo;ai pas encore re\u00e7u de nouvelles de votre maman. Les d\u00e9partements fronti\u00e8re sont maltrait\u00e9s par la poste ! ..<\/em>. \u00bb<br>Soucieux de la sant\u00e9 de ses enfants, il insiste pour qu&rsquo;ils se soignent :<br>\u00ab ..<em>.Il est important que vous puissiez aller respirer un air plus sain que celui de Paris &#8230; Il faut que vous profitiez tous les deux pour aller un peu pr\u00e8s de vos parents au Croisic&#8230;<\/em> \u00bb<br>D&rsquo;\u00c9vian o\u00f9 il se soigne apr\u00e8s une forte bronchite, Gabriel FAUR\u00c9 \u00e9crit le 17 juillet 1918 :<br>\u00ab <em>Mes chers enfants,<\/em><br><em>Quand je vous \u00e9crivais hier, je ne savais rien encore de la reprise des bombardements ! Et me voil\u00e0 tr\u00e8s tourment\u00e9 pour vous tous. Je vous demande donc de m&rsquo;envoyer souvent quelques lignes. Nous sommes bien moins rapidement inform\u00e9s qu&rsquo;il y a deux ans, lorsque le service des bateaux fonctionnait [sur le lac d&rsquo;Annecy]. Nous d\u00e9pendons maintenant de la poste de Paris qui nous apporte les journaux avec cinq ou six jours de retard !<\/em><br><\/p>\n\n\n\n<div class=\"wp-block-group has-global-padding is-layout-constrained wp-block-group-is-layout-constrained\">\n<figure class=\"wp-block-image alignleft size-full is-resized\"><img loading=\"lazy\" decoding=\"async\" width=\"422\" height=\"599\" src=\"http:\/\/delamarre.net\/wpprecy\/wp-content\/uploads\/2024\/08\/p153_Francois-rude-sculpteur.jpg\" alt=\"\" class=\"wp-image-629\" style=\"width:211px;height:auto\" srcset=\"https:\/\/histoiredeprecy.com\/wp-content\/uploads\/2024\/08\/p153_Francois-rude-sculpteur.jpg 422w, https:\/\/histoiredeprecy.com\/wp-content\/uploads\/2024\/08\/p153_Francois-rude-sculpteur-211x300.jpg 211w\" sizes=\"auto, (max-width: 422px) 100vw, 422px\" \/><figcaption class=\"wp-element-caption\">Le sculpteur Fran\u00e7ois Rude<\/figcaption><\/figure>\n\n\n\n<p><em>Je vous embrasse de tout c\u0153ur et je pense bien \u00e0 vous.<\/em><br><em>Ne va-t-on pas transf\u00e9rer vos travaux \u00e0 Grignon ?<\/em><br><em>Toujours sans nouvelles de votre maman !<\/em> \u00bb<br>En 1918, apr\u00e8s une p\u00e9riode de d\u00e9couragement et d&rsquo;\u00e9c\u0153urement provoqu\u00e9e par les critiques d&rsquo;art, il \u00e9crit \u00e0 sa ch\u00e8re belle-fille Jeanne :<br>\u00ab <em>Ma ch\u00e8re Jeanne,<\/em><br><em>Voulez-vous demander \u00e0 votre p\u00e8re s&rsquo;il lui serait possible de m&rsquo;envoyer les conditions d&rsquo;admission \u00e0 l&rsquo;\u00c9cole de Grignon et le programme de 1919 ? Je l\u00e2che la musique et veux m&rsquo;adonner corps et \u00e2me, s&rsquo;il n&rsquo;est pas trop tard, \u00e0 l&rsquo;\u00e9tude des engrais !..<\/em>. \u00bb<br>Quand il d\u00e9couvre les toiles et les talents de son fils Emmanuel pour la peinture, il en est ravi et l&rsquo;encourage vivement de \u00ab d\u00e9velopper ce violon d&rsquo;Ingres \u00bb. Il est vrai que le g\u00e8ne artistique \u00e9tait pr\u00e9sent dans la famille. Son grand-p\u00e8re maternel \u00e9tait le sculpteur Emmanuel FR\u00c9MIET : il \u00e9tait l&rsquo;\u00e9l\u00e8ve et le neveu de Fran\u00e7ois RUDE, le pas moins c\u00e9l\u00e8bre sculpteur \u00e0 qui on doit la Marseillaise de l&rsquo;Arc de Triomphe \u00e0 Paris.<\/p>\n<\/div>\n<\/div>\n<\/div>\n<\/div>\n<\/div>\n<\/div>\n<\/div>\n<\/div>\n\n\n\n<div class=\"wp-block-group has-global-padding is-layout-constrained wp-block-group-is-layout-constrained\">\n<div class=\"wp-block-group has-global-padding is-layout-constrained wp-block-group-is-layout-constrained\">\n<figure class=\"wp-block-image alignright size-full is-resized\"><img loading=\"lazy\" decoding=\"async\" width=\"250\" height=\"313\" src=\"http:\/\/delamarre.net\/wpprecy\/wp-content\/uploads\/2024\/08\/42b_g_faure_age.jpg\" alt=\"\" class=\"wp-image-631\" style=\"width:193px;height:auto\" srcset=\"https:\/\/histoiredeprecy.com\/wp-content\/uploads\/2024\/08\/42b_g_faure_age.jpg 250w, https:\/\/histoiredeprecy.com\/wp-content\/uploads\/2024\/08\/42b_g_faure_age-240x300.jpg 240w\" sizes=\"auto, (max-width: 250px) 100vw, 250px\" \/><figcaption class=\"wp-element-caption\">Gabriel Faur\u00e9<\/figcaption><\/figure>\n\n\n\n<p>Une lettre qui retient particuli\u00e8rement l&rsquo;attention est celle que Madame Gabriel FAUR\u00c9 adresse \u00e0 son fils Emmanuel FAUR\u00c9-FR\u00c9MIET et \u00e0 sa belle-fille Jeanne HENNEGUY. Laissant libre cours \u00e0 ses sentiments, elle montre \u00e0 quel point elle voulait sauver les apparences alors que tout le milieu des artistes savait que son mari avait une ma\u00eetresse et que son couple battait de l&rsquo;aile.<br>Madame FAUR\u00c9 semble ressentir ce fameux \u00ab <em>REQUIEM<\/em> \u00bb et cette invitation d&rsquo;y assister comme l&rsquo;annonce d&rsquo;un enterrement.<br>\u00ab <em>Samedi 28 mars 1923<\/em><br><em>Mes chers enfants<\/em><br><em>On m&rsquo;envoie 2 places baignoire 6, pour demain 15 H. Ce n&rsquo;est pas ce que je d\u00e9sirais, enfin ! Il faut s&rsquo;en arranger.<\/em><br><\/p>\n\n\n\n<div class=\"wp-block-group has-global-padding is-layout-constrained wp-block-group-is-layout-constrained\">\n<figure class=\"wp-block-image alignleft size-full is-resized\"><img loading=\"lazy\" decoding=\"async\" width=\"176\" height=\"239\" src=\"http:\/\/delamarre.net\/wpprecy\/wp-content\/uploads\/2024\/08\/p_Maurice_Barres.jpg\" alt=\"\" class=\"wp-image-633\" style=\"width:201px;height:auto\"\/><figcaption class=\"wp-element-caption\">Maurice Barr\u00e8s<\/figcaption><\/figure>\n\n\n\n<p><em>Philippe me dit que c&rsquo;est Emmanuel qui viendra, mais si c&rsquo;est Jeanne, je l&#8217;embrasserai en l&rsquo;abordant, ce que je ne ferai pas pour Emmanuel, mais en partant je ne dirai rien. Voil\u00e0 ce que je d\u00e9sire : que celui qui viendra, arrive un quart d&rsquo;heure avant le concert et m&rsquo;attende dans l&rsquo;endroit o\u00f9 on montre ses billets (le papier est seul pour deux) et il y a \u00e0 payer 2s50 \u2014 il faut donc que nous soyons ensemble. Ensuite qu&rsquo;on me parle jusqu&rsquo;au moment o\u00f9 commencera le REQUIEM, mais alors qu&rsquo;on m&rsquo;oublie. On m&rsquo;aura laiss\u00e9e prendre la place que je veux : dans le fond devant la porte. Je partirai apr\u00e8s le REQUIEM et je demande :<\/em><br><em>Qu&rsquo;on ne me parle pas,<\/em><br><em>Qu&rsquo;on ne me regarde pas,<\/em><br><em>Qu&rsquo;on ne m&rsquo;aide pas,<\/em><br><em>Qu&rsquo;on ne m&rsquo;ouvre pas la porte.<\/em><br><em>Je VEUX emporter ce REQUIEM dans le silence et la solitude de ma pens\u00e9e. Je garderai ma voiture pour y monter <strong>sans parler<\/strong> et revenir ici <strong>sans parler<\/strong>.<\/em><br><em>Pour mon excuse de cette sauvagerie, qui ne touche en rien \u00e0 mon affection maternelle, j&rsquo;ai \u00e0 citer une phrase de Barr\u00e8s : La solitude embellit tout&#8230; pour go\u00fbter une \u00e9motion profonde il faut \u00eatre seul. Je ne suis donc pas seule \u00e0 avoir besoin de faire taire Tante Anna.<\/em><br><em>A demain l&rsquo;un ou l&rsquo;autre mes ch\u00e9ris et merci pour la carte d&rsquo;hier, elle m&rsquo;a bien amus\u00e9e. Je vous embrasse tendrement.<\/em><br><em>Maman<\/em> \u00bb<br><br><\/p>\n\n\n\n<div class=\"wp-block-group has-global-padding is-layout-constrained wp-block-group-is-layout-constrained\">\n<figure class=\"wp-block-image alignright size-full is-resized\"><img loading=\"lazy\" decoding=\"async\" width=\"156\" height=\"188\" src=\"http:\/\/delamarre.net\/wpprecy\/wp-content\/uploads\/2024\/08\/42c_Emmanuel_Fremiet.jpg\" alt=\"\" class=\"wp-image-635\" style=\"width:199px;height:auto\"\/><figcaption class=\"wp-element-caption\">Emmanuel Fr\u00e9miet<\/figcaption><\/figure>\n\n\n\n<p>Le 2 ao\u00fbt 1924, peu de temps avant sa mort, Gabriel FAUR\u00c9 se soucie du voyage et de l&rsquo;installation \u00e0 un nouveau domicile de ses enfants. Il \u00e9crit :<br>\u00ab ..<em>.Il me tarde d&rsquo;avoir des nouvelles du voyage et de l&rsquo;installation. Comment vous portez-vous tous ? Madame HENNEGUY n&rsquo;est-elle pas trop fatigu\u00e9e pour tout ce que comportent les d\u00e9parts et les arriv\u00e9es ? Ici, tout va assez bien \u00e9tant donn\u00e9 la crise int\u00e9rieure dont on nous \u00e9vite le plus possible les contrecoups. Je travaille un peu et ma sant\u00e9 ne laisse pas \u00e0 d\u00e9sirer : tr\u00e8s grand app\u00e9tit \u00e0 midi, quasi di\u00e8te le soir, d&rsquo;o\u00f9 assez bon sommeil.<\/em><br><em>Je vous embrasse tous de tout c\u0153ur et r\u00e9clame des nouvelles.<\/em><br><em>Gabriel FAUR\u00c9<\/em><br><em>Le Monsieur des \u00a0\u00bb Essais sur la musique \u00a0\u00bb il faut le tuer ! ..<\/em>. \u00bb<br><br><\/p>\n\n\n\n<p>Ces extraits glan\u00e9s dans les lettres de Gabriel FAUR\u00c9 t\u00e9moignent de son attachement pour ses amis de Pr\u00e9cy.<\/p>\n\n\n\n<figure class=\"wp-block-image alignleft size-full is-resized\"><img loading=\"lazy\" decoding=\"async\" width=\"510\" height=\"650\" src=\"http:\/\/delamarre.net\/wpprecy\/wp-content\/uploads\/2024\/08\/proudhon.jpg\" alt=\"\" class=\"wp-image-636\" style=\"width:248px;height:auto\" srcset=\"https:\/\/histoiredeprecy.com\/wp-content\/uploads\/2024\/08\/proudhon.jpg 510w, https:\/\/histoiredeprecy.com\/wp-content\/uploads\/2024\/08\/proudhon-235x300.jpg 235w\" sizes=\"auto, (max-width: 510px) 100vw, 510px\" \/><figcaption class=\"wp-element-caption\">Pierre-Joseph Proudhon<\/figcaption><\/figure>\n<\/div>\n<\/div>\n<\/div>\n\n\n\n<p>En souvenir d&rsquo;une merveilleuse apr\u00e8s-midi chez Monsieur et Madame Jean GUILLOT-HENNEGUY \u00e0 Pr\u00e9cy o\u00f9 nous avons longuement \u00e9voqu\u00e9 des souvenirs en pr\u00e9sence du moulage en pl\u00e2tre que fit FR\u00c9MIET de son gendre, Gabriel FAUR\u00c9.<br>Ils m&rsquo;ont aimablement confi\u00e9 les lettres de Gabriel FAUR\u00c9 pour que je les \u00e9tudie.<br>Je les remercie vivement pour cette contribution \u00e0 l&rsquo;Histoire de Pr\u00e9cy. Qu&rsquo;ils veuillent par cet article trouver toute ma gratitude.<br><br><em><strong>Gabriel FAUR\u00c9<\/strong> (1845-1924), musicien, \u00e9tait mari\u00e9 (1883) avec <strong>Marie FR\u00c9MIET<\/strong>, une des filles du sculpteur <strong>Emmanuel FR\u00c9MIET<\/strong> (1824-1910), auteur de la c\u00e9l\u00e8bre statue \u00e9questre de Jeanne d&rsquo;Arc \u00e0 Paris.<\/em><br><em>Emmanuel FR\u00c9MIET \u00e9tait l&rsquo;\u00e9l\u00e8ve et le neveu de <strong>Fran\u00e7ois RUDE<\/strong>, sculpteur (1784-1855) connu pour la Marseillaise de l&rsquo;Arc de Triomphe \u00e0 Paris<\/em><br><em>Le fils de Gabriel FAUR\u00c9, du nom d&rsquo;<strong>Emmanuel FAUR\u00c9-FR\u00c9MIET<\/strong>, \u00e9tait pr\u00e9parateur au Coll\u00e8ge de France. Il \u00e9tait mari\u00e9 \u00e0 <strong>Jeanne HENNEGUY<\/strong> de Pr\u00e9cy. Il avait des talents de peintre et habitait 9, rue Thenard Paris V\u00b0.<\/em><br><em>Jeanne HENNEGUY \u00e9tait la fille de <strong>F\u00e9lix HENNEGUY<\/strong> de Pr\u00e9cy, qui \u00e9tait mari\u00e9 avec <strong>Catherine PROUDHON<\/strong>, fille du c\u00e9l\u00e8bre anarchiste, <strong>Pierre-Joseph PROUDHON<\/strong> (1809 \u2013 1865), auteur de \u00ab La Philosophie de la mis\u00e8re \u00bb (1846) et de \u00ab Id\u00e9e g\u00e9n\u00e9rale de la R\u00e9volution du XIX\u00e8me si\u00e8cle \u00bb (1851), adversaire de Karl MARX et promoteur du F\u00e9d\u00e9ralisme politique et \u00e9conomique.<\/em><br><em>Le deuxi\u00e8me fils de Gabriel FAUR\u00c9 s&rsquo;appelle <strong>Philippe<\/strong>. Il \u00e9tait \u00e0 l&rsquo;arm\u00e9e.<\/em><\/p>\n<\/div>\n","protected":false},"excerpt":{"rendered":"<p>Fils d&rsquo;un instituteur devenu directeur d&rsquo;\u00e9cole normale, Gabriel Faur\u00e9 suit d\u00e8s l&rsquo;\u00e2ge de 9 ans les cours de l&rsquo;\u00e9cole de musique fond\u00e9e en 1853 par Louis Niedermeyer. El\u00e8ve et ami de Saint-Sa\u00ebns qui lui fait d\u00e9couvrir Schumann, Liszt, Wagner, c&rsquo;est comme organiste que Faur\u00e9 fait ses d\u00e9buts \u00e0 Rennes (1866). Apr\u00e8s la guerre de 1870, [&hellip;]<\/p>\n","protected":false},"author":1,"featured_media":0,"comment_status":"closed","ping_status":"open","sticky":false,"template":"","format":"standard","meta":{"footnotes":""},"categories":[1],"tags":[],"class_list":["post-611","post","type-post","status-publish","format-standard","hentry","category-non-classe"],"_links":{"self":[{"href":"https:\/\/histoiredeprecy.com\/index.php\/wp-json\/wp\/v2\/posts\/611","targetHints":{"allow":["GET"]}}],"collection":[{"href":"https:\/\/histoiredeprecy.com\/index.php\/wp-json\/wp\/v2\/posts"}],"about":[{"href":"https:\/\/histoiredeprecy.com\/index.php\/wp-json\/wp\/v2\/types\/post"}],"author":[{"embeddable":true,"href":"https:\/\/histoiredeprecy.com\/index.php\/wp-json\/wp\/v2\/users\/1"}],"replies":[{"embeddable":true,"href":"https:\/\/histoiredeprecy.com\/index.php\/wp-json\/wp\/v2\/comments?post=611"}],"version-history":[{"count":13,"href":"https:\/\/histoiredeprecy.com\/index.php\/wp-json\/wp\/v2\/posts\/611\/revisions"}],"predecessor-version":[{"id":1866,"href":"https:\/\/histoiredeprecy.com\/index.php\/wp-json\/wp\/v2\/posts\/611\/revisions\/1866"}],"wp:attachment":[{"href":"https:\/\/histoiredeprecy.com\/index.php\/wp-json\/wp\/v2\/media?parent=611"}],"wp:term":[{"taxonomy":"category","embeddable":true,"href":"https:\/\/histoiredeprecy.com\/index.php\/wp-json\/wp\/v2\/categories?post=611"},{"taxonomy":"post_tag","embeddable":true,"href":"https:\/\/histoiredeprecy.com\/index.php\/wp-json\/wp\/v2\/tags?post=611"}],"curies":[{"name":"wp","href":"https:\/\/api.w.org\/{rel}","templated":true}]}}