{"id":655,"date":"2024-08-06T13:48:17","date_gmt":"2024-08-06T11:48:17","guid":{"rendered":"http:\/\/delamarre.net\/wpprecy\/?p=655"},"modified":"2024-08-17T13:49:55","modified_gmt":"2024-08-17T11:49:55","slug":"le-saviez-vous","status":"publish","type":"post","link":"https:\/\/histoiredeprecy.com\/index.php\/2024\/08\/06\/le-saviez-vous\/","title":{"rendered":"LE SAVIEZ-VOUS ?"},"content":{"rendered":"\n<p><\/p>\n\n\n\n<div class=\"wp-block-group has-global-padding is-layout-constrained wp-block-group-is-layout-constrained\">\n<figure class=\"wp-block-image alignleft size-full is-resized\"><img loading=\"lazy\" decoding=\"async\" width=\"324\" height=\"599\" src=\"http:\/\/delamarre.net\/wpprecy\/wp-content\/uploads\/2024\/08\/a_Mantegna_st_sebastien.jpg\" alt=\"\" class=\"wp-image-658\" style=\"width:198px;height:auto\" srcset=\"https:\/\/histoiredeprecy.com\/wp-content\/uploads\/2024\/08\/a_Mantegna_st_sebastien.jpg 324w, https:\/\/histoiredeprecy.com\/wp-content\/uploads\/2024\/08\/a_Mantegna_st_sebastien-162x300.jpg 162w\" sizes=\"auto, (max-width: 324px) 100vw, 324px\" \/><figcaption class=\"wp-element-caption\">Martyre de St Sebastien<\/figcaption><\/figure>\n\n\n\n<p><br>Un fait r\u00e9el devenu l\u00e9gendaire tant il a \u00e9t\u00e9 racont\u00e9, relate qu&rsquo;un \u00e9l\u00e8ve du lyc\u00e9e Buffon de Paris, a comment\u00e9 le c\u00e9l\u00e8bre tableau d&rsquo;Andr\u00e9a Mantegna, grand ma\u00eetre italien de la Renaissance, sur le martyre de Saint S\u00e9bastien, patron des Archers, comme s&rsquo;il s&rsquo;agissait d&rsquo;une sc\u00e8ne du Western Am\u00e9ricain de Samuel Fuller \u00ab\u00a0<em><strong> Le jugement des fl\u00e8ches<\/strong><\/em> \u00ab\u00a0.<br><br>Saint S\u00e9bastien \u00e9tait originaire de Milan d&rsquo;o\u00f9 il partit vers Rome pour s&rsquo;enr\u00f4ler dans l&rsquo;arm\u00e9e afin de pouvoir \u00eatre utile aux chr\u00e9tiens pers\u00e9cut\u00e9s par l&#8217;empereur Diocl\u00e9tien. Ce dernier le nomma capitaine de la garde pr\u00e9torienne. Lors d&rsquo;une recrudescence de la pers\u00e9cution des chr\u00e9tiens en 286, son r\u00f4le fut d\u00e9couvert. L&#8217;empereur lui reprocha son ingratitude. S\u00e9bastien fit observer qu&rsquo;il avait toujours exactement rempli ses devoirs militaires.<br><\/p>\n\n\n\n<div class=\"wp-block-group has-global-padding is-layout-constrained wp-block-group-is-layout-constrained\">\n<figure class=\"wp-block-image alignright size-full is-resized\"><img loading=\"lazy\" decoding=\"async\" width=\"226\" height=\"300\" src=\"http:\/\/delamarre.net\/wpprecy\/wp-content\/uploads\/2024\/08\/p162_Diocletien_empereur_romain_285_305.jpg\" alt=\"\" class=\"wp-image-659\" style=\"width:200px;height:auto\"\/><figcaption class=\"wp-element-caption\">L&#8217;empereur Diocl\u00e9tien<\/figcaption><\/figure>\n\n\n\n<p>L&#8217;empereur le livra aux archers qui l&rsquo;ayant perc\u00e9 de leurs fl\u00e8ches le laiss\u00e8rent pour mort. Il se remit de ses blessures et s&rsquo;en alla se mettre sur le passage de l&#8217;empereur et lui dit : \u00a0\u00bb <strong>Sache que tu n&rsquo;auras la paix que lorsque tu cesseras de r\u00e9pandre le sang innocent !<\/strong> \u00ab\u00a0.<br>Au comble de la surprise et de la fureur, l&#8217;empereur ordonna qu&rsquo;il f\u00fbt assomm\u00e9 de coups de b\u00e2ton et son corps jet\u00e9 \u00e0 la voirie. Les chr\u00e9tiens r\u00e9cup\u00e9r\u00e8rent son corps.<br>Il fut enseveli en la catacombe de la via Appia o\u00f9, chaque 20 janvier, on c\u00e9l\u00e8bre le souvenir de son martyre. Partout dans le monde, les archers c\u00e9l\u00e8brent en janvier la Saint S\u00e9bastien en assistant \u00e0 une messe c\u00e9l\u00e9br\u00e9e pour les d\u00e9funts de leur Compagnie d&rsquo;Arc. Ils y emm\u00e8nent leur drapeau et fleurissent la statue de leur saint Patron. La statue repr\u00e9sentant Saint S\u00e9bastien de l&rsquo;Archerie de Pr\u00e9cy date de 1754. Elle est en bois polychrome et a \u00e9chapp\u00e9 au vandalisme r\u00e9volutionnaire lors de la Terreur \u00e0 Pr\u00e9cy.<br>La b\u00e9n\u00e9diction du Bouquet Provincial qui est au centre de cette f\u00eate populaire prouve bien qu&rsquo;il s&rsquo;agit au d\u00e9part d&rsquo;une f\u00eate religieuse. H\u00e9riti\u00e8re des tournois m\u00e9di\u00e9vaux, elle glorifie les valeurs de patriotisme, de courage, de noblesse de coeur et de puret\u00e9 de m\u0153urs. Le dernier Bouquet Provincial de Pr\u00e9cy eut bien lieu le 11 mai 1958. J&rsquo;\u00e9tais pr\u00e9sent aux c\u00f4t\u00e9s de l&rsquo;\u00e9v\u00eaque de Beauvais, monseigneur Pierre-Marie Lacointe et du cur\u00e9 de Pr\u00e9cy, monseigneur Ren\u00e9 Bellanger. Qui aurait pens\u00e9, il y a 45 ans qu&rsquo;un jour je serais cur\u00e9 de Pr\u00e9cy et que l&rsquo;ann\u00e9e de mes 25 ans de pastorat \u00e0 Pr\u00e9cy, je f\u00eaterais le Bouquet Provincial et les 250 ans de la \u00a0\u00bb <strong>Confr\u00e9rie de Saint S\u00e9bastien<\/strong> \u00a0\u00bb et du \u00a0\u00bb <strong>noble jeu d&rsquo;arc<\/strong> \u00a0\u00bb ?<\/p>\n<\/div>\n<\/div>\n\n\n\n<p><\/p>\n","protected":false},"excerpt":{"rendered":"<p>Un fait r\u00e9el devenu l\u00e9gendaire tant il a \u00e9t\u00e9 racont\u00e9, relate qu&rsquo;un \u00e9l\u00e8ve du lyc\u00e9e Buffon de Paris, a comment\u00e9 le c\u00e9l\u00e8bre tableau d&rsquo;Andr\u00e9a Mantegna, grand ma\u00eetre italien de la Renaissance, sur le martyre de Saint S\u00e9bastien, patron des Archers, comme s&rsquo;il s&rsquo;agissait d&rsquo;une sc\u00e8ne du Western Am\u00e9ricain de Samuel Fuller \u00ab\u00a0 Le jugement des [&hellip;]<\/p>\n","protected":false},"author":1,"featured_media":0,"comment_status":"closed","ping_status":"open","sticky":false,"template":"","format":"standard","meta":{"footnotes":""},"categories":[1],"tags":[],"class_list":["post-655","post","type-post","status-publish","format-standard","hentry","category-non-classe"],"_links":{"self":[{"href":"https:\/\/histoiredeprecy.com\/index.php\/wp-json\/wp\/v2\/posts\/655","targetHints":{"allow":["GET"]}}],"collection":[{"href":"https:\/\/histoiredeprecy.com\/index.php\/wp-json\/wp\/v2\/posts"}],"about":[{"href":"https:\/\/histoiredeprecy.com\/index.php\/wp-json\/wp\/v2\/types\/post"}],"author":[{"embeddable":true,"href":"https:\/\/histoiredeprecy.com\/index.php\/wp-json\/wp\/v2\/users\/1"}],"replies":[{"embeddable":true,"href":"https:\/\/histoiredeprecy.com\/index.php\/wp-json\/wp\/v2\/comments?post=655"}],"version-history":[{"count":3,"href":"https:\/\/histoiredeprecy.com\/index.php\/wp-json\/wp\/v2\/posts\/655\/revisions"}],"predecessor-version":[{"id":1869,"href":"https:\/\/histoiredeprecy.com\/index.php\/wp-json\/wp\/v2\/posts\/655\/revisions\/1869"}],"wp:attachment":[{"href":"https:\/\/histoiredeprecy.com\/index.php\/wp-json\/wp\/v2\/media?parent=655"}],"wp:term":[{"taxonomy":"category","embeddable":true,"href":"https:\/\/histoiredeprecy.com\/index.php\/wp-json\/wp\/v2\/categories?post=655"},{"taxonomy":"post_tag","embeddable":true,"href":"https:\/\/histoiredeprecy.com\/index.php\/wp-json\/wp\/v2\/tags?post=655"}],"curies":[{"name":"wp","href":"https:\/\/api.w.org\/{rel}","templated":true}]}}