{"id":661,"date":"2024-08-06T13:55:33","date_gmt":"2024-08-06T11:55:33","guid":{"rendered":"http:\/\/delamarre.net\/wpprecy\/?p=661"},"modified":"2024-08-17T13:53:21","modified_gmt":"2024-08-17T11:53:21","slug":"rencontre-franco-belge","status":"publish","type":"post","link":"https:\/\/histoiredeprecy.com\/index.php\/2024\/08\/06\/rencontre-franco-belge\/","title":{"rendered":"RENCONTRE FRANCO-BELGE"},"content":{"rendered":"\n<p><\/p>\n\n\n\n<div class=\"wp-block-group has-global-padding is-layout-constrained wp-block-group-is-layout-constrained\">\n<figure class=\"wp-block-image alignleft size-full is-resized\"><img loading=\"lazy\" decoding=\"async\" width=\"430\" height=\"422\" src=\"http:\/\/delamarre.net\/wpprecy\/wp-content\/uploads\/2024\/08\/p163_carte_des_peuples_de_gaule.jpg\" alt=\"\" class=\"wp-image-663\" style=\"width:270px;height:auto\" srcset=\"https:\/\/histoiredeprecy.com\/wp-content\/uploads\/2024\/08\/p163_carte_des_peuples_de_gaule.jpg 430w, https:\/\/histoiredeprecy.com\/wp-content\/uploads\/2024\/08\/p163_carte_des_peuples_de_gaule-300x294.jpg 300w\" sizes=\"auto, (max-width: 430px) 100vw, 430px\" \/><figcaption class=\"wp-element-caption\">Carte des peuples de Gaule<\/figcaption><\/figure>\n\n\n\n<p><br>En accueillant nos amis Belges, nous voulons nous rappeler que la plaine des Flandres, peupl\u00e9e d\u00e8s le N\u00e9olithique, et situ\u00e9e entre l&rsquo;Artois, les Ardennes et l&#8217;embouchure de l&rsquo;Escaut, fut en 51 de notre \u00e8re, conquise par Jules C\u00e9sar qui l&rsquo;int\u00e9gra \u00e0 la Province de Gaule-Belgique avec au nord Tournai et plus au sud Reims, respectivement comme cit\u00e9s de la premi\u00e8re et seconde Belgique. Des peuples tr\u00e8s divers comme les Bataves et M\u00e9napiens au nord ou les Morins et les Nerviens plus au sud habitaient cette province. Amiens, Noyon, Metz et Tr\u00e8ves se situent alors en Belgique.<br><\/p>\n\n\n\n<div class=\"wp-block-group has-global-padding is-layout-constrained wp-block-group-is-layout-constrained\">\n<figure class=\"wp-block-image alignright size-full is-resized\"><img loading=\"lazy\" decoding=\"async\" width=\"400\" height=\"290\" src=\"http:\/\/delamarre.net\/wpprecy\/wp-content\/uploads\/2024\/08\/p163_bellovaques.jpg\" alt=\"\" class=\"wp-image-665\" style=\"width:301px;height:auto\" srcset=\"https:\/\/histoiredeprecy.com\/wp-content\/uploads\/2024\/08\/p163_bellovaques.jpg 400w, https:\/\/histoiredeprecy.com\/wp-content\/uploads\/2024\/08\/p163_bellovaques-300x218.jpg 300w\" sizes=\"auto, (max-width: 400px) 100vw, 400px\" \/><figcaption class=\"wp-element-caption\">La campagne contre les bellovaques<\/figcaption><\/figure>\n\n\n\n<p>En parlant des Belges, Jules C\u00e9sar relate dans \u00a0\u00bb <em>La guerre des Gaules<\/em> \u00a0\u00bb qu&rsquo;ils comptent parmi les peuples les plus courageux qu&rsquo;il a rencontr\u00e9s. Les Flamands, les Ami\u00e9nois, les R\u00e9mois comme les Bellovaques ont toujours consid\u00e9r\u00e9 que cela les concernait en premier. Les Bellovaques revendiquent haut et fort cet \u00e9loge en invoquant quatre lieux strat\u00e9giques, d\u00e9couverts par les arch\u00e9ologues et historiens, o\u00f9 Jules C\u00e9sar r\u00e9partit ses quatre l\u00e9gions lorsqu&rsquo;il combattit victorieusement les Bellovaques au Mont C\u00e9sar de Bailleul sur Th\u00e9rain pr\u00e8s de Beauvais. Parmi ces lieux citons le Mont C\u00e9sar de Nampcel, camp de Beaulieu, le camp de C\u00e9sar \u00e0 Catenoy pr\u00e8s de Clermont et le Mont C\u00e9sar \u00e0 Gouvieux face \u00e0 l&rsquo;\u00eele de Toutevoie d&rsquo;o\u00f9 le g\u00e9n\u00e9ral envoya des d\u00e9tachements de Cavalerie pour reconna\u00eetre la situation des ennemis (Louis Graves).<br><\/p>\n\n\n\n<div class=\"wp-block-group has-global-padding is-layout-constrained wp-block-group-is-layout-constrained\">\n<figure class=\"wp-block-image alignleft size-full is-resized\"><img loading=\"lazy\" decoding=\"async\" width=\"800\" height=\"600\" src=\"http:\/\/delamarre.net\/wpprecy\/wp-content\/uploads\/2024\/08\/p163_st_remi_baptise_clovis-Vitrail-eglise-lyon.jpg\" alt=\"\" class=\"wp-image-667\" style=\"width:304px;height:auto\" srcset=\"https:\/\/histoiredeprecy.com\/wp-content\/uploads\/2024\/08\/p163_st_remi_baptise_clovis-Vitrail-eglise-lyon.jpg 800w, https:\/\/histoiredeprecy.com\/wp-content\/uploads\/2024\/08\/p163_st_remi_baptise_clovis-Vitrail-eglise-lyon-300x225.jpg 300w, https:\/\/histoiredeprecy.com\/wp-content\/uploads\/2024\/08\/p163_st_remi_baptise_clovis-Vitrail-eglise-lyon-768x576.jpg 768w\" sizes=\"auto, (max-width: 800px) 100vw, 800px\" \/><figcaption class=\"wp-element-caption\">Bapt\u00eame de Clovis par St R\u00e9mi<\/figcaption><\/figure>\n\n\n\n<p>Les r\u00e9centes fouilles arch\u00e9ologiques \u00e0 Pr\u00e9cy ont mis \u00e0 jour au <strong>MARTRAY<\/strong>, face \u00e0 l&rsquo;\u00eele de Toutevoie et au Mont C\u00e9sar, un tertre avec s\u00e9pulture Gallo-Romaine qui peut \u00e9galement \u00eatre interpr\u00e9t\u00e9 comme d\u00e9di\u00e9 \u00e0 MARS, dieu romain de la guerre.<br>Au IIIe si\u00e8cle, des peuples germaniques envahissent la Gaule et se m\u00ealent aux Francs. Parmi eux, il y a les Sicambres dont le plus c\u00e9l\u00e8bre est Clovis, roi des Francs-Saliens \u00e0 Tournai, qui conquiert les Soissons, les Alamans, les Burgondes et les Wisigoths pour devenir le fondateur de la Monarchie Franque et le roi de toute la Gaule.<br>Lorsqu&rsquo;en 498 \u00e0 Reims, Saint R\u00e9mi baptisait Clovis en disant : \u00a0\u00bb <em>Courbe doucement la t\u00eate (fier) Sicambre, adore ce que tu as br\u00fbl\u00e9, br\u00fble ce que tu as ador\u00e9<\/em> \u00ab\u00a0, il ne se doutait certainement pas qu&rsquo;\u00e0 partir de cette date la destin\u00e9e religieuse, politique et sociale de l&rsquo;Occident se d\u00e9velopperait sans cesse jusqu&rsquo;\u00e0 engendrer une conscience Europ\u00e9enne.<br><\/p>\n\n\n\n<div class=\"wp-block-group has-global-padding is-layout-constrained wp-block-group-is-layout-constrained\">\n<figure class=\"wp-block-image alignright size-full is-resized\"><img loading=\"lazy\" decoding=\"async\" width=\"200\" height=\"233\" src=\"http:\/\/delamarre.net\/wpprecy\/wp-content\/uploads\/2024\/08\/44b_blason_haverskerque.jpg\" alt=\"\" class=\"wp-image-669\" style=\"width:132px;height:auto\"\/><figcaption class=\"wp-element-caption\">Blason des Haverskerke<\/figcaption><\/figure>\n\n\n\n<figure class=\"wp-block-image alignright size-full is-resized\"><img loading=\"lazy\" decoding=\"async\" width=\"636\" height=\"650\" src=\"http:\/\/delamarre.net\/wpprecy\/wp-content\/uploads\/2024\/08\/p164_sceau_guy_dampierre_comte_de_flandre.jpg\" alt=\"\" class=\"wp-image-670\" style=\"width:158px;height:auto\" srcset=\"https:\/\/histoiredeprecy.com\/wp-content\/uploads\/2024\/08\/p164_sceau_guy_dampierre_comte_de_flandre.jpg 636w, https:\/\/histoiredeprecy.com\/wp-content\/uploads\/2024\/08\/p164_sceau_guy_dampierre_comte_de_flandre-294x300.jpg 294w\" sizes=\"auto, (max-width: 636px) 100vw, 636px\" \/><figcaption class=\"wp-element-caption\">Sceau de Guy de Dampierre<\/figcaption><\/figure>\n\n\n\n<p>D&rsquo;autres \u00e9v\u00e9nements ont marqu\u00e9 notre histoire commune. En 1096, Jean de <strong>HAVERSKERKE<\/strong>, chevalier de la Ch\u00e2tellerie de Cassel en Flandre devient par mariage, Seigneur de Pr\u00e9cy. Cette antique et illustre Maison de Flandre a donn\u00e9 plusieurs Seigneurs \u00e0 Pr\u00e9cy et fourni des grands baillis \u00e0 Gand, Bruges, Courtrai, Cassel et Ypres. On trouve les armoiries de <strong>HAVERSKERKE<\/strong> sur le socle de la Vierge en l&rsquo;\u00c9glise de Pr\u00e9cy. Elles sont combin\u00e9es avec celles de la Maison Rouvroy de Saint-Simon.<br>Un autre \u00e9v\u00e9nement nous rappelle que Guy de Dampierre, Comte de Flandre, dernier des grands feudataires, avait choisi le camp Anglais avec qui les drapiers flamands faisaient un commerce florissant. Le mouvement communal se renfor\u00e7a. Les grandes cit\u00e9s comme Bruges, Gand, Arras, Douai et Lille obtiennent des Chartes d&rsquo;affranchissement.<br><\/p>\n\n\n\n<div class=\"wp-block-group has-global-padding is-layout-constrained wp-block-group-is-layout-constrained\">\n<figure class=\"wp-block-image alignleft size-full is-resized\"><img loading=\"lazy\" decoding=\"async\" width=\"150\" height=\"204\" src=\"http:\/\/delamarre.net\/wpprecy\/wp-content\/uploads\/2024\/08\/44c_tombeau_Philippe_le_Bel.jpg\" alt=\"\" class=\"wp-image-672\" style=\"width:194px;height:auto\"\/><figcaption class=\"wp-element-caption\">Tombeau de Philippe le Bel<\/figcaption><\/figure>\n\n\n\n<p>En 1297, Philippe le Bel, roi de France, le prit fort mal et finit par capturer le Comte de Flandre et le garder prisonnier. C&rsquo;\u00e9tait compter sans la fiert\u00e9 des Flamands, dont les droits l\u00e9gitimes se trouvaient bafou\u00e9s par l&rsquo;occupation Fran\u00e7aise.<br>En effet par les accords du \u00a0\u00bb <em>dit de P\u00e9ronne<\/em> \u00a0\u00bb le roi Louis XI avait en 1256 accord\u00e9 la Flandre au Comte de Dampierre.<br>La guerre avec l&rsquo;Angleterre, la tentative de blocus maritime et l&rsquo;abc\u00e8s de fixation en Flandre o\u00f9 les services Fran\u00e7ais d&rsquo;occupation exasp\u00e9raient la population, aboutirent \u00e0 une r\u00e9volte qui se traduisit par un c\u00e9l\u00e8bre massacre qui dura trois jours appel\u00e9 \u00ab\u00a0<em> Matines de Bruges<\/em> \u00a0\u00bb \u00e0 cause des sonneries (de la cloche) de matines qui furent le signal d&rsquo;attaque.<br><\/p>\n\n\n\n<div class=\"wp-block-group has-global-padding is-layout-constrained wp-block-group-is-layout-constrained\">\n<figure class=\"wp-block-image alignright size-full is-resized\"><img loading=\"lazy\" decoding=\"async\" width=\"800\" height=\"275\" src=\"http:\/\/delamarre.net\/wpprecy\/wp-content\/uploads\/2024\/08\/p164_soldats_flamands_bataille_courtrai.jpg\" alt=\"\" class=\"wp-image-673\" style=\"width:379px;height:auto\" srcset=\"https:\/\/histoiredeprecy.com\/wp-content\/uploads\/2024\/08\/p164_soldats_flamands_bataille_courtrai.jpg 800w, https:\/\/histoiredeprecy.com\/wp-content\/uploads\/2024\/08\/p164_soldats_flamands_bataille_courtrai-300x103.jpg 300w, https:\/\/histoiredeprecy.com\/wp-content\/uploads\/2024\/08\/p164_soldats_flamands_bataille_courtrai-768x264.jpg 768w\" sizes=\"auto, (max-width: 800px) 100vw, 800px\" \/><figcaption class=\"wp-element-caption\">La bataille de Courtrai<\/figcaption><\/figure>\n\n\n\n<p>Fou de rage, Philippe le Bel d\u00e9cida de s\u00e9vir contre les rebelles. Il leva une arm\u00e9e de cinquante mille hommes confi\u00e9s \u00e0 Robert d&rsquo;Artois. Le 11 Juillet 1302, les Fran\u00e7ais se heurt\u00e8rent aux Flamands dans la plaine de Courtrai. Ce fut une d\u00e9faite \u00e9crasante et humiliante pour le roi de France et ses vaillants cavaliers qui n&rsquo;avaient pas compt\u00e9 avec les marais o\u00f9 les chevaux s&#8217;embourbaient. Le Seigneur de Pr\u00e9cy y trouva la mort. Il fut tu\u00e9 d&rsquo;un coup d&rsquo;\u00e9p\u00e9e pendant que son cheval s&rsquo;enfon\u00e7ait dans le marais. A lui comme aux autres Chevaliers, on enleva ses \u00e9perons d&rsquo;or. On les voit encore suspendus comme troph\u00e9es \u00e0 la vo\u00fbte de l&rsquo;\u00c9glise Notre-Dame de Courtrai. Son fils, Philippe de Pr\u00e9cy, lui succ\u00e9da. S\u00e9n\u00e9chal de Lille et gouverneur des fronti\u00e8res de Flandre, il \u00e9tait parmi les cinquante vaillants chevaliers qui accompagnaient Guillaume de Juliers, petit-fils du Comte de Flandre, lorsque ce dernier allait implorer la gr\u00e2ce du roi de France apr\u00e8s le massacre de Bruges et la d\u00e9faite \u00e0 Courtrai. (<em>La bataille des \u00e9perons d\u2019or 1302<\/em>)<br><\/p>\n\n\n\n<div class=\"wp-block-group has-global-padding is-layout-constrained wp-block-group-is-layout-constrained\">\n<figure class=\"wp-block-image alignleft size-full is-resized\"><img loading=\"lazy\" decoding=\"async\" width=\"833\" height=\"541\" src=\"http:\/\/delamarre.net\/wpprecy\/wp-content\/uploads\/2024\/08\/p165_tapisserie_beauvais.jpg\" alt=\"\" class=\"wp-image-675\" style=\"width:349px;height:auto\" srcset=\"https:\/\/histoiredeprecy.com\/wp-content\/uploads\/2024\/08\/p165_tapisserie_beauvais.jpg 833w, https:\/\/histoiredeprecy.com\/wp-content\/uploads\/2024\/08\/p165_tapisserie_beauvais-300x195.jpg 300w, https:\/\/histoiredeprecy.com\/wp-content\/uploads\/2024\/08\/p165_tapisserie_beauvais-768x499.jpg 768w\" sizes=\"auto, (max-width: 833px) 100vw, 833px\" \/><figcaption class=\"wp-element-caption\">Tapisserie de Beauvais<\/figcaption><\/figure>\n\n\n\n<p>Le Seigneur de Pr\u00e9cy \u00e9tait \u00e9galement pr\u00e9sent \u00e0 la victoire de Cassel le 23 Ao\u00fbt 1328 ainsi qu&rsquo;\u00e0 la d\u00e9faite du roi de France le 26 Ao\u00fbt 1346 \u00e0 Cr\u00e9cy en Ponthieu.<br>On ne saurait \u00e9galement oublier qu&rsquo;en 1664, Colbert, ministre de Louis XIIII, fit venir nombre de tapissiers Flamands d&rsquo;Oudenaerde pour cr\u00e9er la Manufacture Royale de la Tapisserie \u00e0 Beauvais. De nos jours, bien des verdures Flamandes d\u00e9corent les demeures de bourgeois privil\u00e9gi\u00e9s de la Picardie et d&rsquo;Ile de France.<br>Un autre \u00e9pisode qui marque \u00e9galement notre lien avec les Flamands est la Campagne des Flandres lanc\u00e9e par Louis XIV pendant la guerre de D\u00e9volution contre l&rsquo;Espagne (1668), \u00e0 l&rsquo;issue de laquelle la France acquiert une partie notable de la Flandre.<br><\/p>\n\n\n\n<div class=\"wp-block-group has-global-padding is-layout-constrained wp-block-group-is-layout-constrained\">\n<figure class=\"wp-block-image alignright size-full is-resized\"><img loading=\"lazy\" decoding=\"async\" width=\"486\" height=\"313\" src=\"http:\/\/delamarre.net\/wpprecy\/wp-content\/uploads\/2024\/08\/44d_deinze_p.jpg\" alt=\"\" class=\"wp-image-676\" style=\"width:294px;height:auto\" srcset=\"https:\/\/histoiredeprecy.com\/wp-content\/uploads\/2024\/08\/44d_deinze_p.jpg 486w, https:\/\/histoiredeprecy.com\/wp-content\/uploads\/2024\/08\/44d_deinze_p-300x193.jpg 300w\" sizes=\"auto, (max-width: 486px) 100vw, 486px\" \/><figcaption class=\"wp-element-caption\">La ville de Deynze<\/figcaption><\/figure>\n\n\n\n<p>C&rsquo;est le Seigneur de Pr\u00e9cy, le Mar\u00e9chal duc de Montmorency Luxembourg, qui est nomm\u00e9 \u00e0 la t\u00eate de l&rsquo;arm\u00e9e des Flandres. Pendant la Campagne dans les Flandres, le Mar\u00e9chal s&rsquo;installa \u00e0 Deynze sur la Lys \u00e0 quelques kilom\u00e8tres de Gand o\u00f9 se trouvaient les Espagnols. Les soldats du Mar\u00e9chal ont laiss\u00e9 un triste souvenir \u00e0 Deynze. Les vols, le pillage et les incendies se sont multipli\u00e9s au cours de la Campagne. Les d\u00e9pr\u00e9dations op\u00e9r\u00e9es dans les \u00e9glises et les monast\u00e8res ainsi que les violences exerc\u00e9es sur les habitants provoqu\u00e8rent l&rsquo;indignation du Mar\u00e9chal qui exigea r\u00e9paration et restitution des biens vol\u00e9s. De Deynze il se dirigea avec ses troupes sur Gand et campa au Ch\u00e2teau de Zw\u00ffnaerde aux portes de Gand. Il avait r\u00e9quisitionn\u00e9 cette r\u00e9sidence d&rsquo;\u00e9t\u00e9 des \u00e9v\u00eaques de Gand pour s&rsquo;y installer avec son \u00e9tat major et y pr\u00e9parer l&rsquo;attaque de l&rsquo;ennemi. Sa victoire sur les Espagnols aboutit \u00e0 la division de la Flandre.<br><\/p>\n\n\n\n<p>Que reste-t-il aujourd&rsquo;hui de la Flandre d&rsquo;autrefois ? Celle du n\u00e9olithique, celle de la Gaule-Belgique, de la Francie jusqu&rsquo;\u00e0 la domination Autrichienne en passant successivement sous l&rsquo;autorit\u00e9 Romaine, Franque, Espagnole, Fran\u00e7aise et celle des Pays-Bas de Guillaume d&rsquo;Orange ? En 1830, ces \u00a0\u00bb \u00c9tats Belgiques Unis \u00a0\u00bb proclament leur ind\u00e9pendance. <\/p>\n\n\n\n<figure class=\"wp-block-image alignleft size-full is-resized\"><img loading=\"lazy\" decoding=\"async\" width=\"376\" height=\"650\" src=\"http:\/\/delamarre.net\/wpprecy\/wp-content\/uploads\/2024\/08\/leopold_ier.jpg\" alt=\"\" class=\"wp-image-678\" style=\"width:215px;height:auto\" srcset=\"https:\/\/histoiredeprecy.com\/wp-content\/uploads\/2024\/08\/leopold_ier.jpg 376w, https:\/\/histoiredeprecy.com\/wp-content\/uploads\/2024\/08\/leopold_ier-174x300.jpg 174w\" sizes=\"auto, (max-width: 376px) 100vw, 376px\" \/><figcaption class=\"wp-element-caption\">L\u00e9opold Ier<\/figcaption><\/figure>\n\n\n\n<div class=\"wp-block-group has-global-padding is-layout-constrained wp-block-group-is-layout-constrained\">\n<p>En 1831, la Belgique actuelle fut cr\u00e9\u00e9e de toutes pi\u00e8ces et plac\u00e9e sous l&rsquo;autorit\u00e9 du Roi L\u00e9opold Ier de Saxe Cobourg, mari\u00e9 en 1832 \u00e0 Marie-Louise d&rsquo;Orl\u00e9ans, fille du roi de France, au Ch\u00e2teau de Compi\u00e8gne.<br>De la Flandre d\u00e9sormais coup\u00e9e en trois, il reste : la Flandre Fran\u00e7aise (Lille), les Flandres Belges (Bruges et Gand) et la Flandre des Pays-Bas.<br>Quel m\u00e9lange de peuples marqu\u00e9s par tant de man\u0153uvres politiques, guerri\u00e8res, religieuses ou \u00e9conomiques dont la vitalit\u00e9, le courage et la fiert\u00e9 ne se sont jamais d\u00e9mentis au cours des si\u00e8cles !<\/p>\n<\/div>\n<\/div>\n<\/div>\n<\/div>\n<\/div>\n<\/div>\n<\/div>\n<\/div>\n<\/div>\n","protected":false},"excerpt":{"rendered":"<p>En accueillant nos amis Belges, nous voulons nous rappeler que la plaine des Flandres, peupl\u00e9e d\u00e8s le N\u00e9olithique, et situ\u00e9e entre l&rsquo;Artois, les Ardennes et l&#8217;embouchure de l&rsquo;Escaut, fut en 51 de notre \u00e8re, conquise par Jules C\u00e9sar qui l&rsquo;int\u00e9gra \u00e0 la Province de Gaule-Belgique avec au nord Tournai et plus au sud Reims, respectivement [&hellip;]<\/p>\n","protected":false},"author":1,"featured_media":0,"comment_status":"closed","ping_status":"open","sticky":false,"template":"","format":"standard","meta":{"footnotes":""},"categories":[1],"tags":[],"class_list":["post-661","post","type-post","status-publish","format-standard","hentry","category-non-classe"],"_links":{"self":[{"href":"https:\/\/histoiredeprecy.com\/index.php\/wp-json\/wp\/v2\/posts\/661","targetHints":{"allow":["GET"]}}],"collection":[{"href":"https:\/\/histoiredeprecy.com\/index.php\/wp-json\/wp\/v2\/posts"}],"about":[{"href":"https:\/\/histoiredeprecy.com\/index.php\/wp-json\/wp\/v2\/types\/post"}],"author":[{"embeddable":true,"href":"https:\/\/histoiredeprecy.com\/index.php\/wp-json\/wp\/v2\/users\/1"}],"replies":[{"embeddable":true,"href":"https:\/\/histoiredeprecy.com\/index.php\/wp-json\/wp\/v2\/comments?post=661"}],"version-history":[{"count":9,"href":"https:\/\/histoiredeprecy.com\/index.php\/wp-json\/wp\/v2\/posts\/661\/revisions"}],"predecessor-version":[{"id":1871,"href":"https:\/\/histoiredeprecy.com\/index.php\/wp-json\/wp\/v2\/posts\/661\/revisions\/1871"}],"wp:attachment":[{"href":"https:\/\/histoiredeprecy.com\/index.php\/wp-json\/wp\/v2\/media?parent=661"}],"wp:term":[{"taxonomy":"category","embeddable":true,"href":"https:\/\/histoiredeprecy.com\/index.php\/wp-json\/wp\/v2\/categories?post=661"},{"taxonomy":"post_tag","embeddable":true,"href":"https:\/\/histoiredeprecy.com\/index.php\/wp-json\/wp\/v2\/tags?post=661"}],"curies":[{"name":"wp","href":"https:\/\/api.w.org\/{rel}","templated":true}]}}