{"id":710,"date":"2024-08-06T14:50:23","date_gmt":"2024-08-06T12:50:23","guid":{"rendered":"http:\/\/delamarre.net\/wpprecy\/?p=710"},"modified":"2024-08-17T14:10:49","modified_gmt":"2024-08-17T12:10:49","slug":"les-grandes-familles-de-precy","status":"publish","type":"post","link":"https:\/\/histoiredeprecy.com\/index.php\/2024\/08\/06\/les-grandes-familles-de-precy\/","title":{"rendered":"LES GRANDES FAMILLES DE PR\u00c9CY"},"content":{"rendered":"\n<p>L&rsquo;actuelle place de Verdun s&rsquo;appelait autrefois \u00ab Place du Duc de Montmorency \u00bb, parce que c&rsquo;est l\u00e0, en lieu et place de la Pr\u00e9v\u00f4t\u00e9 (Palais de justice) que le Duc pronon\u00e7ait les sentences de justice. C&rsquo;est l\u00e0 \u00e9galement qu&rsquo;il y avait la halle aux grains.<\/p>\n\n\n\n<figure class=\"wp-block-image alignright size-full is-resized\"><img loading=\"lazy\" decoding=\"async\" width=\"243\" height=\"330\" src=\"http:\/\/delamarre.net\/wpprecy\/wp-content\/uploads\/2024\/08\/p173_Prosper_Merimee.jpg\" alt=\"\" class=\"wp-image-713\" style=\"width:168px;height:auto\" srcset=\"https:\/\/histoiredeprecy.com\/wp-content\/uploads\/2024\/08\/p173_Prosper_Merimee.jpg 243w, https:\/\/histoiredeprecy.com\/wp-content\/uploads\/2024\/08\/p173_Prosper_Merimee-221x300.jpg 221w\" sizes=\"auto, (max-width: 243px) 100vw, 243px\" \/><figcaption class=\"wp-element-caption\">Prosper M\u00e9rim\u00e9e<\/figcaption><\/figure>\n\n\n\n<p>Le nom de Louis de Lansac, fils naturel du roi Fran\u00e7ois Ier et seigneur de Pr\u00e9cy, m\u00e9riterait lui aussi de sortir de l&rsquo;oubli car c&rsquo;est lui qui fit construire le ch\u00e2teau, manoir du 16\u00e8me si\u00e8cle, sur les ruines du Castel m\u00e9di\u00e9val d\u00e9mantel\u00e9. L&rsquo;\u00c9glise incendi\u00e9e par les anglais durant la guerre de Cent ans lui doit la reconstruction de sa nef centrale et de ses bas c\u00f4t\u00e9s.<\/p>\n\n\n\n<figure class=\"wp-block-image alignleft size-full is-resized\"><img loading=\"lazy\" decoding=\"async\" width=\"370\" height=\"599\" src=\"http:\/\/delamarre.net\/wpprecy\/wp-content\/uploads\/2024\/08\/p173_Robert_louis_stevenson.jpg\" alt=\"\" class=\"wp-image-714\" style=\"width:211px;height:auto\" srcset=\"https:\/\/histoiredeprecy.com\/wp-content\/uploads\/2024\/08\/p173_Robert_louis_stevenson.jpg 370w, https:\/\/histoiredeprecy.com\/wp-content\/uploads\/2024\/08\/p173_Robert_louis_stevenson-185x300.jpg 185w\" sizes=\"auto, (max-width: 370px) 100vw, 370px\" \/><figcaption class=\"wp-element-caption\">Robert Louis Stevenson<\/figcaption><\/figure>\n\n\n\n<p>Comment ne pas \u00e9voquer le po\u00e8te Alfred de Musset qui rencontra George Sand chez madame P\u00e8legrin o\u00f9 le critique litt\u00e9raire Sainte Beuve a \u00e9crit les trois quarts de son \u00ab <em>Port Royal<\/em> \u00bb et ses \u00ab <em>Contes du Lundi<\/em> \u00bb. Prosper M\u00e9rim\u00e9e, \u00e9crivain et inspecteur g\u00e9n\u00e9ral des monuments historiques y est venu avec le c\u00e9l\u00e8bre architecte Viollet le Duc (1865) \u00e0 qui nous devons la restauration de l&rsquo;\u00e9glise d\u00e9vast\u00e9e \u00e0 la R\u00e9volution, ainsi que l\u2019actuel Ch\u00e2teau V\u00e9n\u00e8que (clinique des Lierres). Le duc et la duchesse de Montmorency-Luxembourg \u00e9taient parrain et marraine du fr\u00e8re de Viollet le Duc. Tout ce petit monde de c\u00e9l\u00e9brit\u00e9s a s\u00e9journ\u00e9, v\u00e9cu et marqu\u00e9 la vie de notre cit\u00e9. La tradition locale veut que le po\u00e8te Alfred de Musset a vu la \u00ab<em> lune comme un point sur un i<\/em> \u00bb sur le clocher de Pr\u00e9cy. Sa \u00ab <em>ballade \u00e0 la lune<\/em> \u00bb l&rsquo;\u00e9voque po\u00e9tiquement<\/p>\n\n\n\n<p>L&rsquo;\u00e9t\u00e9 1876, Stevenson, l&rsquo;\u00e9crivain voyageur vagabond et romanesque, s&rsquo;arr\u00eata quelques jours \u00e0 Pr\u00e9cy. Il nous a laiss\u00e9 ses souvenirs pittoresques dans son livre intitul\u00e9 \u00ab<em> Canaux et rivi\u00e8res<\/em> \u00bb.<\/p>\n\n\n\n<figure class=\"wp-block-image alignright size-full is-resized\"><img loading=\"lazy\" decoding=\"async\" width=\"483\" height=\"650\" src=\"http:\/\/delamarre.net\/wpprecy\/wp-content\/uploads\/2024\/08\/p173_viollet_le_duc_en_1865.jpg\" alt=\"\" class=\"wp-image-715\" style=\"width:220px;height:auto\" srcset=\"https:\/\/histoiredeprecy.com\/wp-content\/uploads\/2024\/08\/p173_viollet_le_duc_en_1865.jpg 483w, https:\/\/histoiredeprecy.com\/wp-content\/uploads\/2024\/08\/p173_viollet_le_duc_en_1865-223x300.jpg 223w\" sizes=\"auto, (max-width: 483px) 100vw, 483px\" \/><figcaption class=\"wp-element-caption\">Viollet le Duc en 1865<\/figcaption><\/figure>\n\n\n\n<p>Les historiens estiment aujourd&rsquo;hui que l&rsquo;entr\u00e9e monumentale de la ferme de Montmorency, qui se trouvait \u00e0 l&rsquo;endroit de l&rsquo;\u00e9cole actuelle et que l\u2019on voit sur les anciennes cartes postales du si\u00e8cle dernier, n&rsquo;aurait jamais du \u00eatre ras\u00e9e.<\/p>\n\n\n\n<p>Aujourd&rsquo;hui, le vent a tourn\u00e9 en faveur du respect, de la restauration et de la conservation du patrimoine local. Le colombier du ch\u00e2teau, transform\u00e9 en agr\u00e9able habitation qui se trouve en face de l&rsquo;\u00e9cole, t\u00e9moigne lui aussi de cette vie d\u2019autrefois. Souhaitons que les jeunes g\u00e9n\u00e9rations sachent reprendre le relais pour conserver, restaurer et embellir le patrimoine de Pr\u00e9cy.<\/p>\n\n\n\n<p><a href=\"http:\/\/web.archive.org\/web\/20231126162247\/http:\/\/www.histoiredeprecy.com\/precy-au-fil-de-l-eau\/miscellanees\/les-grandes-familles-de-precy\/97-menu-haut\/le-passe-des-lieux\/le-chateau-de-la-tour-du-moulin.html\"><\/a><\/p>\n\n\n\n<div class=\"wp-block-group has-global-padding is-layout-constrained wp-block-group-is-layout-constrained\">\n<figure class=\"wp-block-image alignleft size-full is-resized\"><img loading=\"lazy\" decoding=\"async\" width=\"900\" height=\"580\" src=\"http:\/\/delamarre.net\/wpprecy\/wp-content\/uploads\/2024\/08\/tour_du_moulin_900.jpg\" alt=\"\" class=\"wp-image-716\" style=\"width:307px;height:auto\" srcset=\"https:\/\/histoiredeprecy.com\/wp-content\/uploads\/2024\/08\/tour_du_moulin_900.jpg 900w, https:\/\/histoiredeprecy.com\/wp-content\/uploads\/2024\/08\/tour_du_moulin_900-300x193.jpg 300w, https:\/\/histoiredeprecy.com\/wp-content\/uploads\/2024\/08\/tour_du_moulin_900-768x495.jpg 768w\" sizes=\"auto, (max-width: 900px) 100vw, 900px\" \/><figcaption class=\"wp-element-caption\">Le Moulin de la Tour<\/figcaption><\/figure>\n\n\n\n<p>PS : Jean Nicolas Viollet le Duc \u00e9pouse en 1768 Ad\u00e9laide Boyaval. Huit membres de la famille des Montmorency-Luxembourg signent l&rsquo;acte de mariage. Au bapt\u00eame de leur premier fils Sigismond (1769), les parrain et marraine sont : le Duc et la Duchesse Anne Paul Emmanuel Sigismond de Montmorency-Luxembourg.<br>En 1810, Emmanuel Viollet le Duc, second fils de Jean-Nicolas, \u00e9pouse Eug\u00e9nie Del\u00e9cluze. Elle apporte en dot un immeuble situ\u00e9 1 rue Chabanais \u00e0 Paris o\u00f9 elle tint salon. C&rsquo;est l\u00e0 que le jeune Eug\u00e8ne Viollet le Duc rencontrera Sainte Beuve, Stendhal, Amp\u00e8re&#8230; Il n&rsquo;est peut \u00eatre pas \u00e9tranger, semble t-il, aux plans ou \u00e0 la construction du ch\u00e2teau du Moulin de la Tour.<\/p>\n<\/div>\n","protected":false},"excerpt":{"rendered":"<p>L&rsquo;actuelle place de Verdun s&rsquo;appelait autrefois \u00ab Place du Duc de Montmorency \u00bb, parce que c&rsquo;est l\u00e0, en lieu et place de la Pr\u00e9v\u00f4t\u00e9 (Palais de justice) que le Duc pronon\u00e7ait les sentences de justice. C&rsquo;est l\u00e0 \u00e9galement qu&rsquo;il y avait la halle aux grains. Le nom de Louis de Lansac, fils naturel du roi [&hellip;]<\/p>\n","protected":false},"author":1,"featured_media":0,"comment_status":"closed","ping_status":"open","sticky":false,"template":"","format":"standard","meta":{"footnotes":""},"categories":[1],"tags":[],"class_list":["post-710","post","type-post","status-publish","format-standard","hentry","category-non-classe"],"_links":{"self":[{"href":"https:\/\/histoiredeprecy.com\/index.php\/wp-json\/wp\/v2\/posts\/710","targetHints":{"allow":["GET"]}}],"collection":[{"href":"https:\/\/histoiredeprecy.com\/index.php\/wp-json\/wp\/v2\/posts"}],"about":[{"href":"https:\/\/histoiredeprecy.com\/index.php\/wp-json\/wp\/v2\/types\/post"}],"author":[{"embeddable":true,"href":"https:\/\/histoiredeprecy.com\/index.php\/wp-json\/wp\/v2\/users\/1"}],"replies":[{"embeddable":true,"href":"https:\/\/histoiredeprecy.com\/index.php\/wp-json\/wp\/v2\/comments?post=710"}],"version-history":[{"count":4,"href":"https:\/\/histoiredeprecy.com\/index.php\/wp-json\/wp\/v2\/posts\/710\/revisions"}],"predecessor-version":[{"id":1878,"href":"https:\/\/histoiredeprecy.com\/index.php\/wp-json\/wp\/v2\/posts\/710\/revisions\/1878"}],"wp:attachment":[{"href":"https:\/\/histoiredeprecy.com\/index.php\/wp-json\/wp\/v2\/media?parent=710"}],"wp:term":[{"taxonomy":"category","embeddable":true,"href":"https:\/\/histoiredeprecy.com\/index.php\/wp-json\/wp\/v2\/categories?post=710"},{"taxonomy":"post_tag","embeddable":true,"href":"https:\/\/histoiredeprecy.com\/index.php\/wp-json\/wp\/v2\/tags?post=710"}],"curies":[{"name":"wp","href":"https:\/\/api.w.org\/{rel}","templated":true}]}}