{"id":718,"date":"2024-08-06T14:57:54","date_gmt":"2024-08-06T12:57:54","guid":{"rendered":"http:\/\/delamarre.net\/wpprecy\/?p=718"},"modified":"2024-08-17T14:11:31","modified_gmt":"2024-08-17T12:11:31","slug":"la-belle-endormie","status":"publish","type":"post","link":"https:\/\/histoiredeprecy.com\/index.php\/2024\/08\/06\/la-belle-endormie\/","title":{"rendered":"La Belle Endormie"},"content":{"rendered":"\n<p><\/p>\n\n\n\n<p><a href=\"http:\/\/web.archive.org\/web\/20231126162249\/http:\/\/www.histoiredeprecy.com\/precy-au-fil-de-l-eau\/miscellanees\/la-belle-endormie\/85-menu-haut\/histoire-en-images\/aquarelles.html\"><\/a>As-tu vu, toi aussi,<br>La lune arrondie<br>Comme un point sur un i<br>Sur le clocher de Pr\u00e9cy ?<\/p>\n\n\n\n<div class=\"wp-block-group has-global-padding is-layout-constrained wp-block-group-is-layout-constrained\">\n<figure class=\"wp-block-image alignright size-full is-resized\"><img loading=\"lazy\" decoding=\"async\" width=\"479\" height=\"600\" src=\"http:\/\/delamarre.net\/wpprecy\/wp-content\/uploads\/2024\/08\/aquarelle_lune_p.jpg\" alt=\"\" class=\"wp-image-720\" style=\"width:406px;height:auto\" srcset=\"https:\/\/histoiredeprecy.com\/wp-content\/uploads\/2024\/08\/aquarelle_lune_p.jpg 479w, https:\/\/histoiredeprecy.com\/wp-content\/uploads\/2024\/08\/aquarelle_lune_p-240x300.jpg 240w\" sizes=\"auto, (max-width: 479px) 100vw, 479px\" \/><figcaption class=\"wp-element-caption\">La lune, point sur un i sur le clocher<br>Aquarelle de C. Speybroeck<\/figcaption><\/figure>\n\n\n\n<p>As-tu vu, toi aussi,<br>L&rsquo;effraie quittant son nid<br>Pour s&rsquo;envoler dans la nuit,<br>Piquer jusqu&rsquo;au sol<br>Et repartir vers ses petits ?<\/p>\n\n\n\n<p>As-tu vu le soleil levant<br>Caressant d&rsquo;or et d&rsquo;argent<br>L&rsquo;\u00e9glise et le ch\u00e2teau par devant,<br>Inondant de ses feux<br>Ce site silencieux ?<\/p>\n<\/div>\n\n\n\n<p>As-tu vu l&rsquo;envol des pigeons<br>Coll\u00e9s sur le clocher,<br>Partant comme des fus\u00e9es<br>Dans le ciel d&rsquo;azur illumin\u00e9 ?<\/p>\n\n\n\n<p>Et puis, ces chats, les as-tu vus<br>R\u00f4dant \u00e0 tous les coins de rues<br>Inspectant les poubelles<br>Avant d&rsquo;\u00eatre priv\u00e9s d&rsquo;elles ?<\/p>\n\n\n\n<p>L&rsquo;as-tu vu ce coin magique<br>O\u00f9 le c\u0153ur de Pr\u00e9cy illumin\u00e9<br>Fait surgir d&rsquo;un ton m\u00e9lancolique<br>Son pass\u00e9 si riche et romantique<br>Pendant que la cloche sonne minuit ?<\/p>\n","protected":false},"excerpt":{"rendered":"<p>As-tu vu, toi aussi,La lune arrondieComme un point sur un iSur le clocher de Pr\u00e9cy ? As-tu vu, toi aussi,L&rsquo;effraie quittant son nidPour s&rsquo;envoler dans la nuit,Piquer jusqu&rsquo;au solEt repartir vers ses petits ? As-tu vu le soleil levantCaressant d&rsquo;or et d&rsquo;argentL&rsquo;\u00e9glise et le ch\u00e2teau par devant,Inondant de ses feuxCe site silencieux ? As-tu vu [&hellip;]<\/p>\n","protected":false},"author":1,"featured_media":0,"comment_status":"closed","ping_status":"open","sticky":false,"template":"","format":"standard","meta":{"footnotes":""},"categories":[1],"tags":[],"class_list":["post-718","post","type-post","status-publish","format-standard","hentry","category-non-classe"],"_links":{"self":[{"href":"https:\/\/histoiredeprecy.com\/index.php\/wp-json\/wp\/v2\/posts\/718","targetHints":{"allow":["GET"]}}],"collection":[{"href":"https:\/\/histoiredeprecy.com\/index.php\/wp-json\/wp\/v2\/posts"}],"about":[{"href":"https:\/\/histoiredeprecy.com\/index.php\/wp-json\/wp\/v2\/types\/post"}],"author":[{"embeddable":true,"href":"https:\/\/histoiredeprecy.com\/index.php\/wp-json\/wp\/v2\/users\/1"}],"replies":[{"embeddable":true,"href":"https:\/\/histoiredeprecy.com\/index.php\/wp-json\/wp\/v2\/comments?post=718"}],"version-history":[{"count":3,"href":"https:\/\/histoiredeprecy.com\/index.php\/wp-json\/wp\/v2\/posts\/718\/revisions"}],"predecessor-version":[{"id":1879,"href":"https:\/\/histoiredeprecy.com\/index.php\/wp-json\/wp\/v2\/posts\/718\/revisions\/1879"}],"wp:attachment":[{"href":"https:\/\/histoiredeprecy.com\/index.php\/wp-json\/wp\/v2\/media?parent=718"}],"wp:term":[{"taxonomy":"category","embeddable":true,"href":"https:\/\/histoiredeprecy.com\/index.php\/wp-json\/wp\/v2\/categories?post=718"},{"taxonomy":"post_tag","embeddable":true,"href":"https:\/\/histoiredeprecy.com\/index.php\/wp-json\/wp\/v2\/tags?post=718"}],"curies":[{"name":"wp","href":"https:\/\/api.w.org\/{rel}","templated":true}]}}