{"id":728,"date":"2024-08-06T15:13:42","date_gmt":"2024-08-06T13:13:42","guid":{"rendered":"http:\/\/delamarre.net\/wpprecy\/?p=728"},"modified":"2024-08-14T19:00:34","modified_gmt":"2024-08-14T17:00:34","slug":"1-de-precy-et-avant","status":"publish","type":"post","link":"https:\/\/histoiredeprecy.com\/index.php\/2024\/08\/06\/1-de-precy-et-avant\/","title":{"rendered":"1 &#8211; De PRECY et avant"},"content":{"rendered":"\n<p><strong>Pr\u00e9cy, il y a bien longtemps<\/strong><\/p>\n\n\n\n<p><strong>Avant l&rsquo;\u00e9poque des seigneurs<\/strong> :<br><\/p>\n\n\n\n<div class=\"wp-block-group has-global-padding is-layout-constrained wp-block-group-is-layout-constrained\">\n<div class=\"wp-block-group has-global-padding is-layout-constrained wp-block-group-is-layout-constrained\">\n<figure class=\"wp-block-image alignleft size-full is-resized\"><img loading=\"lazy\" decoding=\"async\" width=\"430\" height=\"422\" src=\"http:\/\/delamarre.net\/wpprecy\/wp-content\/uploads\/2024\/08\/p163_carte_des_peuples_de_gaule-1.jpg\" alt=\"\" class=\"wp-image-729\" style=\"width:209px;height:auto\" srcset=\"https:\/\/histoiredeprecy.com\/wp-content\/uploads\/2024\/08\/p163_carte_des_peuples_de_gaule-1.jpg 430w, https:\/\/histoiredeprecy.com\/wp-content\/uploads\/2024\/08\/p163_carte_des_peuples_de_gaule-1-300x294.jpg 300w\" sizes=\"auto, (max-width: 430px) 100vw, 430px\" \/><figcaption class=\"wp-element-caption\">Carte des peuples de Gaule<\/figcaption><\/figure>\n\n\n\n<p>Prisciacum est un lieu d\u00e9sign\u00e9 \u00e0 l&rsquo;\u00e9poque gallo-romaine, \u00e0 l&rsquo;endroit o\u00f9 une famille romaine, les Priscius, s&rsquo;est fix\u00e9e dans une villa ou une exploitation agricole comme il y en eut tant \u00e0 cette \u00e9poque, qui s&rsquo;appropriaient les terres pour les d\u00e9boiser et les rendre cultivables.<br>Le suffixe gaulois \u00ab ACOS \u00bb latinis\u00e9 en \u00ab ACUM \u00bb a donn\u00e9 \u00ab PRISCIACUM \u00bb ou villa de PRESSY ou PR\u00c9CY.<br>\u00c0 l&rsquo;\u00e9poque m\u00e9rovingienne, Pr\u00e9cy faisait partie d&rsquo;un des quatre Pagi des Bellovaques : le Pagus Cambliacensis (Chambliois) qui avait Chambly comme chef-lieu.<br>Des fouilles arch\u00e9ologiques entreprises au lieu-dit \u00ab LE MARTRAY \u00bb ont mis \u00e0 jour diff\u00e9rents niveaux datant du VII\u00e8me au 20\u00e8me si\u00e8cle. On y a d\u00e9couvert beaucoup de tessons m\u00e9rovingiens, des cabanes m\u00e9rovingiennes, des murs aux caract\u00e9ristiques de la taille m\u00e9di\u00e9vale ainsi que des fours et des multiples caves du XI\u00e8me et XII\u00e8me si\u00e8cle, des lieux de stockage de bl\u00e9 ou de graines, des murs, des caves et des celliers de l&rsquo;\u00e9poque moderne &#8230;<br><\/p>\n\n\n\n<figure class=\"wp-block-image alignright size-full is-resized\"><img loading=\"lazy\" decoding=\"async\" width=\"142\" height=\"156\" src=\"http:\/\/delamarre.net\/wpprecy\/wp-content\/uploads\/2024\/08\/cambremer_logo.jpg\" alt=\"\" class=\"wp-image-730\" style=\"width:127px;height:auto\"\/><figcaption class=\"wp-element-caption\">Blason de Cambremer<\/figcaption><\/figure>\n\n\n\n<p>Tout cela atteste d&rsquo;une habitation continue \u00e0 cet endroit depuis l&rsquo;\u00e9poque m\u00e9rovingienne.<\/p>\n<\/div>\n\n\n\n<p>C&rsquo;est vers la fin du VII\u00e8me si\u00e8cle que l\u2019on trouve r\u00e9f\u00e9rence \u00e0 une abbaye, l&rsquo;abbaye Saint-Martin de Pr\u00e9cy, dont Farulfus \u00e9tait Abb\u00e9 en 690.<br>Elle est cit\u00e9e dans un testament du comte Vandemir et de son \u00e9pouse Ercamberte, originaires de Cambremer en Normandie.<\/p>\n<\/div>\n\n\n\n<p>Ceux-ci expriment la volont\u00e9 d&rsquo;\u00eatre enterr\u00e9s dans \u00a0\u00bb l&rsquo;abbaye b\u00e9n\u00e9dictine de Pressy sur Oise, pr\u00e8s de Chambly \u00ab\u00a0.<br>Dans leur testament, ils font don du territoire de Cambremer \u00e0 cette abbaye de Pr\u00e9cy.<\/p>\n\n\n\n<p><\/p>\n\n\n\n<div class=\"wp-block-group has-global-padding is-layout-constrained wp-block-group-is-layout-constrained\">\n<figure class=\"wp-block-image alignleft size-full is-resized\"><img loading=\"lazy\" decoding=\"async\" width=\"500\" height=\"569\" src=\"http:\/\/delamarre.net\/wpprecy\/wp-content\/uploads\/2024\/08\/Map_France_1180_p.jpg\" alt=\"\" class=\"wp-image-731\" style=\"width:214px;height:auto\" srcset=\"https:\/\/histoiredeprecy.com\/wp-content\/uploads\/2024\/08\/Map_France_1180_p.jpg 500w, https:\/\/histoiredeprecy.com\/wp-content\/uploads\/2024\/08\/Map_France_1180_p-264x300.jpg 264w\" sizes=\"auto, (max-width: 500px) 100vw, 500px\" \/><figcaption class=\"wp-element-caption\">Carte de France en 1180<\/figcaption><\/figure>\n\n\n\n<p>A cette \u00e9poque, Pr\u00e9cy fait partie du \u00a0\u00bb Pagus Cambliacensis \u00a0\u00bb ou pays de Chambly. Plus tard, en 844, les documents de l&rsquo;\u00e9poque font r\u00e9f\u00e9rence au \u00a0\u00bb comitatus Cambliacensis \u00a0\u00bb : il ne s&rsquo;agit donc plus d&rsquo;un pays, mais d&rsquo;un Comt\u00e9, avec un Comte \u00e0 sa t\u00eate, a priori d\u00e9nomm\u00e9 Leuto, son successeur \u00e9tant Ratboudus.<br>Celui-ci est nomm\u00e9 dans une Charte de Charles le Chauve, portant la date de 861, qui parle \u00e9galement du monast\u00e8re St Martin de Pr\u00e9cy. Il a donc surv\u00e9cu aux premi\u00e8res invasions normandes. Dans cette charte, il est question d&rsquo;un \u00e9change de biens, Ratboudus r\u00e9cup\u00e9rant des secteurs comprenant Pr\u00e9cy d&rsquo;un Theodolbus. Ce pays de Chambly constituait une partie significative d&rsquo;un territoire plus vaste, le Comt\u00e9 de Beaumont, qui ne faisait pas partie du royaume de France. Il faut rappeler que celui-ci \u00e9tait fort r\u00e9duit au Moyen-Age, d&rsquo;abord limit\u00e9 \u00e0 l&rsquo;Ile de France et l&rsquo;Orl\u00e9anais, et que le royaume cohabitait avec des provinces autonomes, duch\u00e9s, comt\u00e9s, parfois plus vastes que le territoire du Roi.&nbsp;<\/p>\n<\/div>\n\n\n\n<p>Les seigneurs locaux apparaissent ainsi vers les Xe ou XIe si\u00e8cle, pour lutter contre les pillages ou les milices arm\u00e9es.<\/p>\n\n\n\n<p>La carte de France vers 1180 pr\u00e9sent\u00e9e ci-dessus donne une id\u00e9e de la r\u00e9partition des terres que nous connaissons aujourd&rsquo;hui. Ce n&rsquo;est qu&rsquo;en 1223 que le Comt\u00e9 de Beaumont a rejoint le royaume de France. Cette ann\u00e9e-l\u00e0, le Comte Jean de Beaumont d\u00e9c\u00e8de, sans post\u00e9rit\u00e9. La l\u00e9gitimit\u00e9 incombe \u00e0 un de ses parents, \u00a0\u00bb Thibault d&rsquo;Ully \u00ab\u00a0, mais celui-ci se heurte \u00e0 la constestation d&rsquo;autres parents, cousins, oncles ou tantes. En avril 1223, intervient \u00e0 leur demande Philippe-Auguste, qui va r\u00e9cup\u00e9rer le Comt\u00e9, en \u00e9change de rentes assur\u00e9es \u00e0 D&rsquo;Ully.<\/p>\n\n\n\n<pre class=\"wp-block-preformatted\">&nbsp; <\/pre>\n\n\n\n<p><strong>Les seigneurs \u00a0\u00bb DE PRECY \u00ab\u00a0<\/strong> <strong>:&nbsp; du XIe si\u00e8cle \u00e0 1451<\/strong><\/p>\n\n\n\n<div class=\"wp-block-group has-global-padding is-layout-constrained wp-block-group-is-layout-constrained\">\n<figure class=\"wp-block-image alignright size-full is-resized\"><img loading=\"lazy\" decoding=\"async\" width=\"500\" height=\"550\" src=\"http:\/\/delamarre.net\/wpprecy\/wp-content\/uploads\/2024\/08\/Ecu_precy_sur_oise_argent.png\" alt=\"\" class=\"wp-image-734\" style=\"width:133px;height:auto\" srcset=\"https:\/\/histoiredeprecy.com\/wp-content\/uploads\/2024\/08\/Ecu_precy_sur_oise_argent.png 500w, https:\/\/histoiredeprecy.com\/wp-content\/uploads\/2024\/08\/Ecu_precy_sur_oise_argent-273x300.png 273w\" sizes=\"auto, (max-width: 500px) 100vw, 500px\" \/><figcaption class=\"wp-element-caption\">Ecu du seigneur de Pr\u00e9cy<\/figcaption><\/figure>\n\n\n\n<p>En 1095, un seigneur de Pr\u00e9cy participe \u00e0 la 1<sup>e<\/sup> croisade avec son \u00e9cu. Les \u00e9crits sur cette p\u00e9riode mentionnent, parmi les chevaliers crois\u00e9s :<\/p>\n<\/div>\n\n\n\n<p>\u00ab&nbsp;<em>Le Sire <strong>de Pressy<\/strong>, lozang\u00e9 d\u2019argent et de gueules \u00e0 un chef d\u2019or<\/em><\/p>\n\n\n\n<p><em>Monsieur du Pressy, semblable \u00e0 un quartier noir<\/em><\/p>\n\n\n\n<p><em>Monsieur Philippe de Pressy, semblable \u00e0 trois coquilles noires en chef&nbsp;<\/em>\u00bb.<\/p>\n\n\n\n<div class=\"wp-block-group has-global-padding is-layout-constrained wp-block-group-is-layout-constrained\">\n<figure class=\"wp-block-image alignleft\"><img decoding=\"async\" src=\"http:\/\/web.archive.org\/web\/20231126162303im_\/http:\/\/www.histoiredeprecy.com\/images\/CLAIRAMBAULT_89_fol_7007-sceau2.jpg\" alt=\"Sceau de Precy\" title=\"Sceau de Philippe de Pr\u00e9cy\"\/><figcaption class=\"wp-element-caption\">Sceau de Philippe de Pr\u00e9cy<\/figcaption><\/figure>\n\n\n\n<p>Plus tard, on trouve en 1219, la r\u00e9f\u00e9rence \u00e0 <strong>Guillaume<\/strong> de Pr\u00e9cy qui participe \u00e0 la 6e croisade, aux frais de Mathieu de Montmorency.<\/p>\n<\/div>\n\n\n\n<p>En 1317, <strong>Philippe<\/strong> de Pr\u00e9cy, gouverneur des fronti\u00e8res de Flande, appose son sceau sur un document de versement de gages.<br><br>En 1334, <strong>Guillaume<\/strong> de Pr\u00e9cy se marie avec B\u00e9atrix de St Simon. En 1342, Guillaume de Pr\u00e9cy signe un accord par le prieur de St Leu.<\/p>\n\n\n\n<p>En ao\u00fbt 1372, le d\u00e9nombrement du village est assur\u00e9 par <strong>Philippe<\/strong> de Pr\u00e9cy, fils de Guillaume.<\/p>\n\n\n\n<p>Au d\u00e9nombrement de 1385, les Archives Nationales mentionnent \u00e9tat du fief \u00ab&nbsp;<em>tenu du Roy notre Sire par Messire Philippe de Pr\u00e9cy<\/em>&nbsp;\u00bb. On y signale l\u2019existence du \u00ab&nbsp;grand hostel&nbsp;\u00bb, un colombier, un moustier [\u00e9glise au moyen age, cela vient de monast\u00e8re], des vignes, le tout \u00ab&nbsp;<em>enclos de murs<\/em>&nbsp;\u00bb.<\/p>\n\n\n\n<p>En 1388. par son mariage avec Jeanne de Chatillon (fille de Jean et Isabeau de Trie), Philippe de Pr\u00e9cy h\u00e9rite du fief de Quicampoix.<\/p>\n\n\n\n<p>En 1407, Philippe de Pr\u00e9cy est pr\u00e9sent au partage des biens de Jean de Chatillon [son beau-p\u00e8re].<\/p>\n\n\n\n<div class=\"wp-block-group has-global-padding is-layout-constrained wp-block-group-is-layout-constrained\">\n<figure class=\"wp-block-image alignright is-resized\"><img decoding=\"async\" src=\"http:\/\/web.archive.org\/web\/20231126162303im_\/http:\/\/www.histoiredeprecy.com\/images\/bataille_de_Cr\u00e9cy.jpg\" alt=\"bataille de Cr\u00e9cy\" style=\"width:294px;height:auto\" title=\"La bataille de Cr\u00e9cy\"\/><figcaption class=\"wp-element-caption\">La bataille de Cr\u00e9cy<\/figcaption><\/figure>\n\n\n\n<p>Vers 1430, <strong>Louis<\/strong> de Pr\u00e9cy, fils de Philippe, \u00e9pouse Catherine de Nantouillet.<\/p>\n\n\n\n<p>A cette m\u00eame p\u00e9riode, la Guerre de 100 ans, les anglais chassent Louis de Pr\u00e9cy de son ch\u00e2teau.<\/p>\n<\/div>\n\n\n\n<p>En 1430, le roi Charles VII envoie Jean De la Brosse, mar\u00e9chal de Boussac, d\u00e9loger les anglais.<\/p>\n\n\n\n<p>\u00ab<em>&nbsp;Ils all\u00e8rent assi\u00e9ger la ville de Pressy \u2026. Et aussi la forteresse d\u00e9molie<\/em>&nbsp;\u00bb (Enguerrand de Monstralet)<\/p>\n\n\n\n<p>Mais Louis qui r\u00e9cup\u00e8re le ch\u00e2teau en ruines n\u2019a pas d\u2019enfant.<\/p>\n\n\n\n<p>Le 7 juillet 1451, il fit don de la seigneurie de Pr\u00e9cy \u00e0 son cousin <strong>Gilles de St Simon<\/strong> seigneur de Rasse, de la famille des St Simon de Rouvroy.<\/p>\n","protected":false},"excerpt":{"rendered":"<p>Pr\u00e9cy, il y a bien longtemps Avant l&rsquo;\u00e9poque des seigneurs : Prisciacum est un lieu d\u00e9sign\u00e9 \u00e0 l&rsquo;\u00e9poque gallo-romaine, \u00e0 l&rsquo;endroit o\u00f9 une famille romaine, les Priscius, s&rsquo;est fix\u00e9e dans une villa ou une exploitation agricole comme il y en eut tant \u00e0 cette \u00e9poque, qui s&rsquo;appropriaient les terres pour les d\u00e9boiser et les rendre [&hellip;]<\/p>\n","protected":false},"author":1,"featured_media":0,"comment_status":"closed","ping_status":"open","sticky":false,"template":"","format":"standard","meta":{"footnotes":""},"categories":[1],"tags":[],"class_list":["post-728","post","type-post","status-publish","format-standard","hentry","category-non-classe"],"_links":{"self":[{"href":"https:\/\/histoiredeprecy.com\/index.php\/wp-json\/wp\/v2\/posts\/728","targetHints":{"allow":["GET"]}}],"collection":[{"href":"https:\/\/histoiredeprecy.com\/index.php\/wp-json\/wp\/v2\/posts"}],"about":[{"href":"https:\/\/histoiredeprecy.com\/index.php\/wp-json\/wp\/v2\/types\/post"}],"author":[{"embeddable":true,"href":"https:\/\/histoiredeprecy.com\/index.php\/wp-json\/wp\/v2\/users\/1"}],"replies":[{"embeddable":true,"href":"https:\/\/histoiredeprecy.com\/index.php\/wp-json\/wp\/v2\/comments?post=728"}],"version-history":[{"count":5,"href":"https:\/\/histoiredeprecy.com\/index.php\/wp-json\/wp\/v2\/posts\/728\/revisions"}],"predecessor-version":[{"id":1778,"href":"https:\/\/histoiredeprecy.com\/index.php\/wp-json\/wp\/v2\/posts\/728\/revisions\/1778"}],"wp:attachment":[{"href":"https:\/\/histoiredeprecy.com\/index.php\/wp-json\/wp\/v2\/media?parent=728"}],"wp:term":[{"taxonomy":"category","embeddable":true,"href":"https:\/\/histoiredeprecy.com\/index.php\/wp-json\/wp\/v2\/categories?post=728"},{"taxonomy":"post_tag","embeddable":true,"href":"https:\/\/histoiredeprecy.com\/index.php\/wp-json\/wp\/v2\/tags?post=728"}],"curies":[{"name":"wp","href":"https:\/\/api.w.org\/{rel}","templated":true}]}}