{"id":737,"date":"2024-08-06T15:19:14","date_gmt":"2024-08-06T13:19:14","guid":{"rendered":"http:\/\/delamarre.net\/wpprecy\/?p=737"},"modified":"2024-08-14T19:02:09","modified_gmt":"2024-08-14T17:02:09","slug":"2-les-rouvroy-de-saint-simon-1451-1570","status":"publish","type":"post","link":"https:\/\/histoiredeprecy.com\/index.php\/2024\/08\/06\/2-les-rouvroy-de-saint-simon-1451-1570\/","title":{"rendered":"2 &#8211; Les ROUVROY de SAINT SIMON\u00a0: 1451 \u2013 1570"},"content":{"rendered":"\n<p><br><\/p>\n\n\n\n<p>Louis de Pr\u00e9cy avait fait don le 7 juillet 1451 de Pr\u00e9cy \u00e0 son cousin <strong>Gilles de St Simon<\/strong>, seigneur de Rasse.<\/p>\n\n\n\n<p><strong>&#8211; Gilles (n\u00e9 vers 1400, d\u00e9c\u00e8s fin 1477, inhum\u00e9 dans la cath\u00e9drale de Senlis) :<\/strong><\/p>\n\n\n\n<p>Celui-ci est le 2e fils de Mathieu II de Rouvroy, seigneur de St Simon (dit le Borgne) et de Jeanne de HAVERSKERKE, (dite De Wicque), d\u2019o\u00f9 le blason que l&rsquo;on peut observer sur le socle de la Vierge polychrome, dans l&rsquo;\u00e9glise qui associe les armes des De Rouvroy et celles de la famille Haverskerke.<\/p>\n\n\n\n<div class=\"wp-block-group has-global-padding is-layout-constrained wp-block-group-is-layout-constrained\">\n<figure class=\"wp-block-image alignleft size-full is-resized\"><img loading=\"lazy\" decoding=\"async\" width=\"552\" height=\"701\" src=\"http:\/\/delamarre.net\/wpprecy\/wp-content\/uploads\/2024\/08\/Charles-Rouvroy_armes.jpg\" alt=\"\" class=\"wp-image-739\" style=\"width:183px;height:auto\" srcset=\"https:\/\/histoiredeprecy.com\/wp-content\/uploads\/2024\/08\/Charles-Rouvroy_armes.jpg 552w, https:\/\/histoiredeprecy.com\/wp-content\/uploads\/2024\/08\/Charles-Rouvroy_armes-236x300.jpg 236w\" sizes=\"auto, (max-width: 552px) 100vw, 552px\" \/><figcaption class=\"wp-element-caption\">Les armes de Rouvroy \u00e0 Senlis<\/figcaption><\/figure>\n\n\n\n<p>Comme Saint-Simon le rappelle dans ses M\u00e9moires, Gilles a, en revanche, l\u2019obligation, impos\u00e9e par Louis de Pr\u00e9cy lors de la donation, d\u2019associer l\u2019\u00e9cu de Pr\u00e9cy au blason de ses descendants. Cela explique la pr\u00e9sence du blason de Pr\u00e9cy au coeur des armes des diff\u00e9rents baillis de Senlis, comme les reproduisent les documents des archives de cette commune.<\/p>\n<\/div>\n\n\n\n<p>Gilles de St Simon (la r\u00e9f\u00e9rence \u00e0 la branche De Rouvroy dispara\u00eet souvent dans les \u00e9crits) fut l&rsquo;un des seigneurs qui alla secourir la forteresse de St Martin-le-Gaillard, assi\u00e9g\u00e9e par les Anglais en 1419.<\/p>\n\n\n\n<p>Il fut ensuite chambellan du Roi <strong>Charles VII<\/strong> (1423\/1424), puis chambellan et ma\u00eetre d&rsquo;h\u00f4tel du conn\u00e9table de <strong>Richemont<\/strong>.<\/p>\n\n\n\n<p>En 1429, il est fait chevalier, et accompagne <strong>Jeanne d&rsquo;Arc<\/strong> apr\u00e8s le si\u00e8ge d&rsquo;Orl\u00e9ans et est pr\u00e9sent \u00e0 Reims au sacre de Charles VII : \u00a0\u00bb <em>Un grand nombre de vaillants guerriers, entre autres &#8230; Gilles de Saint-Simon &#8230; furent arm\u00e9s chevaliers sur le champ de bataille<\/em> \u00ab\u00a0.<\/p>\n\n\n\n<p>Il \u00e9tait bailli de <strong>Senlis<\/strong> (il repr\u00e9sente le roi, pour la justice et les imp\u00f4ts) en 1430.<\/p>\n\n\n\n<p><\/p>\n\n\n\n<div class=\"wp-block-group has-global-padding is-layout-constrained wp-block-group-is-layout-constrained\">\n<figure class=\"wp-block-image alignright size-full\"><img loading=\"lazy\" decoding=\"async\" width=\"200\" height=\"238\" src=\"http:\/\/delamarre.net\/wpprecy\/wp-content\/uploads\/2024\/08\/p11_charles_VII_par_Jean_Fouquet-1.jpg\" alt=\"\" class=\"wp-image-741\"\/><figcaption class=\"wp-element-caption\">Charles VII<\/figcaption><\/figure>\n\n\n\n<p>En 1435. il accompagne Charles VII sur les champs de bataille en Normandie et participe \u00e0 la signature du trait\u00e9 de paix \u00e0 <strong>Arras<\/strong>.<\/p>\n<\/div>\n\n\n\n<p>Il participe aux si\u00e8ges de Meaux en 1439, de Creil et Pontoise en 1441, et transigea avec Gaucher de Rouvroy, son fr\u00e8re a\u00een\u00e9, le 11 juin 1443.<\/p>\n\n\n\n<p>Il est pr\u00e9sent au ch\u00e2teau de Chinon en 1445 lorsque le duc de Bretagne rend hommage au Roy.<\/p>\n\n\n\n<p>Il fut un des juges du proc\u00e8s du duc d&rsquo;Alen\u00e7on en 1458 et il assiste au sacre du <strong>Roi Louis XI<\/strong> en 1461.<\/p>\n\n\n\n<p>Celui-ci le nomme parmi les seigneurs pour la garde et la s\u00fbret\u00e9 de Paris en 1465.<\/p>\n\n\n\n<p>Il \u00e9pouse Jeanne De Floques, dame de St Lux, fille de Robert, seigneur de Grusmenil, et de Jacqueline Cr\u00e9pin, dont il a au moins cinq enfants.<\/p>\n\n\n\n<p>Il fit son testament ke 20 septembre 1477 et son codicille le 17 d\u00e9cembre qui suit.<\/p>\n\n\n\n<p>En 1477, un inventaire cite \u00a0\u00bb Jeanne De Floques, veuve de Gilles de Rouvroy \u00ab\u00a0.<\/p>\n\n\n\n<p>Il est enterr\u00e9 dans la chapelle qu&rsquo;il avait fait b\u00e2tir et fond\u00e9e en 1471, dans la cath\u00e9drale de <strong>Senlis<\/strong>, appel\u00e9e \u00a0\u00bb <em>la chapelle du grand Bailly<\/em> \u00ab\u00a0.<\/p>\n\n\n\n<p>Son \u00e9pouse se remarie en 1480 \u00e0 Louis de Villiers.<\/p>\n\n\n\n<p><\/p>\n\n\n\n<p>&#8211; <strong>Guillaume, fils du pr\u00e9c\u00e9dent<\/strong> :<\/p>\n\n\n\n<div class=\"wp-block-group has-global-padding is-layout-constrained wp-block-group-is-layout-constrained\">\n<figure class=\"wp-block-image alignleft size-full is-resized\"><img loading=\"lazy\" decoding=\"async\" width=\"354\" height=\"468\" src=\"http:\/\/delamarre.net\/wpprecy\/wp-content\/uploads\/2024\/08\/Louis_de_Rouvroy_duc_de_Saint-Simon.jpg\" alt=\"\" class=\"wp-image-743\" style=\"width:189px;height:auto\" srcset=\"https:\/\/histoiredeprecy.com\/wp-content\/uploads\/2024\/08\/Louis_de_Rouvroy_duc_de_Saint-Simon.jpg 354w, https:\/\/histoiredeprecy.com\/wp-content\/uploads\/2024\/08\/Louis_de_Rouvroy_duc_de_Saint-Simon-227x300.jpg 227w\" sizes=\"auto, (max-width: 354px) 100vw, 354px\" \/><figcaption class=\"wp-element-caption\">Le duc de Saint-Simon<\/figcaption><\/figure>\n\n\n\n<p>Son fils Guillaume lui succ\u00e8de&nbsp;: il est <strong>Chambellan<\/strong> de Fran\u00e7ois Ier, qu&rsquo;il suit pendant son voyage en Italie en 1514 et accompagne \u00e0 Marignan en 1515.<\/p>\n<\/div>\n\n\n\n<p>Il \u00e9pouse vers 1482 Marie De La Vacquerie, fille unique de Jean de <strong>La Vacquerie<\/strong>, seigneur de Verguigneul et de Marie de Fremault..<\/p>\n\n\n\n<p>Il d\u00e9c\u00e8de vers 1525, apr\u00e8s avoir eu au moins 10 enfants.<\/p>\n\n\n\n<p>Parmi ceux-ci figure Louis Ier de St Simon (1494-ca 1578) qui \u00e9pousera Antoinette De Mailly-Maricourt, dont les descendants seront baillis de Senlis de g\u00e9n\u00e9ration en g\u00e9n\u00e9ration. Parmi ces descendants, on peut relever Charles de St Simon (dit \u00ab\u00a0Marquis de St Simon\u00a0\u00bb), qui sera ch\u00e2telain de Pont Ste Maxence et acquerra la seigneurie de la Versine, entre Chantilly et Creil, et sera notamment capitaine du ch\u00e2teau de <strong>Chantilly<\/strong>. Sur ses armes, comme sur celles de ses anc\u00eatres, on retrouve toujours les armes de <strong>Pr\u00e9cy<\/strong> au coeur du blason. Un autre descendant de Guillaume est aussi le c\u00e9l\u00e8bre m\u00e9morialiste Louis de Rouvroy, 2e duc de St Simon, souvent d\u00e9nomm\u00e9 simplemen \u00a0\u00bb <strong>Saint-Simon<\/strong> \u00ab\u00a0.<\/p>\n\n\n\n<p>&#8211; <strong>M\u00e9ry, fils du pr\u00e9c\u00e9dent<\/strong> :<\/p>\n\n\n\n<p>Mery, seigneur de Pr\u00e9cy et de Balagny sur Terrain, succ\u00e8de \u00e0 Guillaume.<\/p>\n\n\n\n<p>Il \u00e9pouse G\u00e9raude du Prat (fille d&rsquo;Antoine, seigneur de Nantouillet de de Fran\u00e7oise V\u00e9ny d&rsquo;Arbouze).<\/p>\n\n\n\n<p>Il a un fils M\u00e9ry qui meurt jeune et une fille, Antoinette.<\/p>\n\n\n\n<p>Il d\u00e9c\u00e8de en 1529. Son \u00e9pouse se remarie ensuite avec Ren\u00e9 seigneur d&rsquo;Arpajon et de Severac.<\/p>\n\n\n\n<p><\/p>\n\n\n\n<p>&#8211; <strong>Antoinette, fille du pr\u00e9c\u00e9dent<\/strong> :<\/p>\n\n\n\n<div class=\"wp-block-group has-global-padding is-layout-constrained wp-block-group-is-layout-constrained\">\n<figure class=\"wp-block-image alignright size-full is-resized\"><img loading=\"lazy\" decoding=\"async\" width=\"396\" height=\"599\" src=\"http:\/\/delamarre.net\/wpprecy\/wp-content\/uploads\/2024\/08\/Jeanne_d_arc.jpg\" alt=\"\" class=\"wp-image-744\" style=\"width:193px;height:auto\" srcset=\"https:\/\/histoiredeprecy.com\/wp-content\/uploads\/2024\/08\/Jeanne_d_arc.jpg 396w, https:\/\/histoiredeprecy.com\/wp-content\/uploads\/2024\/08\/Jeanne_d_arc-198x300.jpg 198w\" sizes=\"auto, (max-width: 396px) 100vw, 396px\" \/><figcaption class=\"wp-element-caption\">Jeanne d&rsquo;Arc<\/figcaption><\/figure>\n\n\n\n<p>Sa fille, Antoinette De St Simon, vient apr\u00e8s M\u00e9ry.&nbsp; Elle est dite \u00a0\u00bb <em>Dame de Pr\u00e9cy, de Balagny et des autres terres de sa maison<\/em> \u00ab\u00a0, dans les baillages de Senlis et de Beaumont.<\/p>\n<\/div>\n\n\n\n<p>Elle \u00e9pouse le 9 f\u00e9vrier 1536 \u00e0 Bolbec (76) Jean III De Canouville, seigneur de Raffetot.<\/p>\n\n\n\n<p>Elle se remarie avant 1551 avec Louis De Montafi\u00e9, comte de Varizelles (dans le Pi\u00e9mont).<\/p>\n\n\n\n<p>Elle est cit\u00e9e en 1567 dans un inventaire du ch\u00e2teau de Chantilly.<\/p>\n\n\n\n<p>Sans descendance, elle c\u00e8dera par la suite les droits de Pr\u00e9cy en avril 1570 \u00e0 Louis de <strong>St Gelais<\/strong>.<\/p>\n","protected":false},"excerpt":{"rendered":"<p>Louis de Pr\u00e9cy avait fait don le 7 juillet 1451 de Pr\u00e9cy \u00e0 son cousin Gilles de St Simon, seigneur de Rasse. &#8211; Gilles (n\u00e9 vers 1400, d\u00e9c\u00e8s fin 1477, inhum\u00e9 dans la cath\u00e9drale de Senlis) : Celui-ci est le 2e fils de Mathieu II de Rouvroy, seigneur de St Simon (dit le Borgne) et [&hellip;]<\/p>\n","protected":false},"author":1,"featured_media":0,"comment_status":"closed","ping_status":"open","sticky":false,"template":"","format":"standard","meta":{"footnotes":""},"categories":[1],"tags":[],"class_list":["post-737","post","type-post","status-publish","format-standard","hentry","category-non-classe"],"_links":{"self":[{"href":"https:\/\/histoiredeprecy.com\/index.php\/wp-json\/wp\/v2\/posts\/737","targetHints":{"allow":["GET"]}}],"collection":[{"href":"https:\/\/histoiredeprecy.com\/index.php\/wp-json\/wp\/v2\/posts"}],"about":[{"href":"https:\/\/histoiredeprecy.com\/index.php\/wp-json\/wp\/v2\/types\/post"}],"author":[{"embeddable":true,"href":"https:\/\/histoiredeprecy.com\/index.php\/wp-json\/wp\/v2\/users\/1"}],"replies":[{"embeddable":true,"href":"https:\/\/histoiredeprecy.com\/index.php\/wp-json\/wp\/v2\/comments?post=737"}],"version-history":[{"count":5,"href":"https:\/\/histoiredeprecy.com\/index.php\/wp-json\/wp\/v2\/posts\/737\/revisions"}],"predecessor-version":[{"id":1780,"href":"https:\/\/histoiredeprecy.com\/index.php\/wp-json\/wp\/v2\/posts\/737\/revisions\/1780"}],"wp:attachment":[{"href":"https:\/\/histoiredeprecy.com\/index.php\/wp-json\/wp\/v2\/media?parent=737"}],"wp:term":[{"taxonomy":"category","embeddable":true,"href":"https:\/\/histoiredeprecy.com\/index.php\/wp-json\/wp\/v2\/categories?post=737"},{"taxonomy":"post_tag","embeddable":true,"href":"https:\/\/histoiredeprecy.com\/index.php\/wp-json\/wp\/v2\/tags?post=737"}],"curies":[{"name":"wp","href":"https:\/\/api.w.org\/{rel}","templated":true}]}}