{"id":764,"date":"2024-08-06T16:38:53","date_gmt":"2024-08-06T14:38:53","guid":{"rendered":"http:\/\/delamarre.net\/wpprecy\/?p=764"},"modified":"2024-08-14T19:12:41","modified_gmt":"2024-08-14T17:12:41","slug":"6-lapres-revolution-francaise","status":"publish","type":"post","link":"https:\/\/histoiredeprecy.com\/index.php\/2024\/08\/06\/6-lapres-revolution-francaise\/","title":{"rendered":"6 &#8211; L&rsquo;apr\u00e8s R\u00e9volution Fran\u00e7aise"},"content":{"rendered":"\n<p><\/p>\n\n\n\n<div class=\"wp-block-group has-global-padding is-layout-constrained wp-block-group-is-layout-constrained\">\n<figure class=\"wp-block-image alignleft size-full is-resized\"><img loading=\"lazy\" decoding=\"async\" width=\"426\" height=\"600\" src=\"http:\/\/delamarre.net\/wpprecy\/wp-content\/uploads\/2024\/08\/dessin_centre_1789_p-1.jpg\" alt=\"\" class=\"wp-image-768\" style=\"width:247px;height:auto\" srcset=\"https:\/\/histoiredeprecy.com\/wp-content\/uploads\/2024\/08\/dessin_centre_1789_p-1.jpg 426w, https:\/\/histoiredeprecy.com\/wp-content\/uploads\/2024\/08\/dessin_centre_1789_p-1-213x300.jpg 213w\" sizes=\"auto, (max-width: 426px) 100vw, 426px\" \/><figcaption class=\"wp-element-caption\">Pr\u00e9cy en 1789<\/figcaption><\/figure>\n\n\n\n<p><br>Le 11 f\u00e9vrier 1792, a lieu la vente des terres du ch\u00e2teau et de ses d\u00e9pendances au g\u00e9n\u00e9ral <strong>Fran\u00e7ois d\u2019Avrange d\u2019Haugeranville<\/strong>. C&rsquo;\u00e9tait un g\u00e9n\u00e9ral de la R\u00e9volution et du Premier Empire.<\/p>\n<\/div>\n\n\n\n<p>Avrange avait \u00e9pous\u00e9 le 22 juin 1779 \u00e0 Versailles, paroisse Saint-Louis, Th\u00e9r\u00e8se, fille de Jean-Baptiste Berthier (1721-1804), ing\u00e9nieur-g\u00e9ographe, et s\u0153ur des Prince de Neuch\u00e2tel et Comte de Berluy. Ensemble, ils eurent Fran\u00e7ois Charles Jean Pierre Marie, baron d&rsquo;Avrange d&rsquo;Haug\u00e9ranville et de l&rsquo;Empire.<\/p>\n\n\n\n<p><a href=\"http:\/\/web.archive.org\/web\/20231126162246\/http:\/\/fr.wikipedia.org\/wiki\/Louis-Alexandre_Berthier\" target=\"_blank\" rel=\"noreferrer noopener\"><\/a><\/p>\n\n\n\n<div class=\"wp-block-group has-global-padding is-layout-constrained wp-block-group-is-layout-constrained\">\n<figure class=\"wp-block-image alignright size-full is-resized\"><img loading=\"lazy\" decoding=\"async\" width=\"474\" height=\"599\" src=\"http:\/\/delamarre.net\/wpprecy\/wp-content\/uploads\/2024\/08\/Marechal_Louis-Alexandre_Berthier.jpg\" alt=\"\" class=\"wp-image-769\" style=\"width:172px;height:auto\" srcset=\"https:\/\/histoiredeprecy.com\/wp-content\/uploads\/2024\/08\/Marechal_Louis-Alexandre_Berthier.jpg 474w, https:\/\/histoiredeprecy.com\/wp-content\/uploads\/2024\/08\/Marechal_Louis-Alexandre_Berthier-237x300.jpg 237w\" sizes=\"auto, (max-width: 474px) 100vw, 474px\" \/><figcaption class=\"wp-element-caption\">Le g\u00e9n\u00e9ral Berthier<\/figcaption><\/figure>\n\n\n\n<p>Pendant la Terreur (1794), il accueille son beau-fr\u00e8re, le <strong>g\u00e9n\u00e9ral Berthier<\/strong> (Louis-Alexandre) qui vient se r\u00e9fugier \u00e0 Pr\u00e9cy. Celui-ci sera ministre de la Guerre, Mar\u00e9chal d&rsquo;Empire, prince de Neuch\u00e2tel et de Valangin, 1er prince de Wagram, Pair de France, Grand veneur de l&rsquo;Empire, auteur de la branche des Berthier de Wagram. Il sera le chef d&rsquo;\u00e9tat major des arm\u00e9es sous Napol\u00e9on Ier, puis capitaine de la Garde Royale sous Louis XVIII.<\/p>\n<\/div>\n\n\n\n<p>En <strong>1811<\/strong>&nbsp;: Fran\u00e7ois d&rsquo;Avrange d&rsquo;Haugeranville est encore propri\u00e9taire : un arr\u00eat de la Cour imp\u00e9riale d&rsquo;Amiens est rendu le 12 janvier 1811, entre lui \u00a0\u00bb et les habitans des communes du Lys, Asni\u00e8res, Boran et la Morlaye \u00ab\u00a0. C\u2019est un appel du jugement du tribunal d\u2019instance de <strong>1807<\/strong>, relatif aux rentes apport\u00e9es par certaines terres des environs de Pr\u00e9cy.<br>[M\u00e9moire ampliatif en cassation de Fran\u00e7ois d&rsquo;Avrange d&rsquo;Haugeranville, et de la dame son \u00e9pouse n\u00e9e Berthier, en leur qualit\u00e9 de propri\u00e9taires des terres et domaines de Pr\u00e9cy et d\u00e9pendances, par eux acquis des sieur et dame de Montmorency le 11 f\u00e9vrier 1792]&nbsp;<\/p>\n\n\n\n<p>Il vend ensuite ses propri\u00e9t\u00e9s de Pr\u00e9cy par <strong>lots<\/strong>.<\/p>\n\n\n\n<p>A cette \u00e9poque, Pr\u00e9cy comptait environ <strong>900<\/strong> habitants.<\/p>\n\n\n\n<p>Le roi Louis-Philippe venait d\u2019acc\u00e9der au tr\u00f4ne (1830). A ce moment-l\u00e0, le Maire n&rsquo;est pas \u00e9lu mais nomm\u00e9 par le Pr\u00e9fet.<br>L&rsquo;\u00e9glise \u00e9tait alors entour\u00e9e de son cimeti\u00e8re qui sera transf\u00e9r\u00e9 en <strong>1851<\/strong> sur la route de Neuilly.<\/p>\n\n\n\n<p>Le clocher \u00e9tait rest\u00e9 d\u00e9capit\u00e9 depuis que les r\u00e9volutionnaires l&rsquo;avaient \u00e9ventr\u00e9 pour s&#8217;emparer des cloches et les pr\u00e9cipiter dans la pelouse du cimeti\u00e8re.<\/p>\n\n\n\n<p><\/p>\n\n\n\n<div class=\"wp-block-group has-global-padding is-layout-constrained wp-block-group-is-layout-constrained\">\n<figure class=\"wp-block-image alignleft size-full is-resized\"><img loading=\"lazy\" decoding=\"async\" width=\"224\" height=\"400\" src=\"http:\/\/delamarre.net\/wpprecy\/wp-content\/uploads\/2024\/08\/Le_clos_3p.jpg\" alt=\"\" class=\"wp-image-771\" style=\"width:179px;height:auto\" srcset=\"https:\/\/histoiredeprecy.com\/wp-content\/uploads\/2024\/08\/Le_clos_3p.jpg 224w, https:\/\/histoiredeprecy.com\/wp-content\/uploads\/2024\/08\/Le_clos_3p-168x300.jpg 168w\" sizes=\"auto, (max-width: 224px) 100vw, 224px\" \/><figcaption class=\"wp-element-caption\">3 visages de &lsquo;Le Clos&rsquo;<\/figcaption><\/figure>\n\n\n\n<p>Le train ne traversait pas encore le d\u00e9partement (cela arrivera en <strong>1846<\/strong>). La gare \u00e9tait donc inexistante.<br>L&rsquo;endroit s&rsquo;appelait le \u00ab D\u00c9BARCADERE \u00bb. On y prenait le <strong>bac<\/strong> pour la travers\u00e9e de l&rsquo;Oise ou pour prendre un bateau.<br>Au D\u00e9barcad\u00e8re et \u00e0 l&rsquo;H\u00f4tel Saint Eloy (rue du Ch\u00e2teau) on peut louer un fiacre.<br>La plupart des gens se d\u00e9pla\u00e7aient en carriole ou en charrette. Quelques familles ont une cal\u00e8che et une quinzaine poss\u00e8dent un landau.<\/p>\n<\/div>\n\n\n\n<p><a href=\"http:\/\/web.archive.org\/web\/20231126162246\/http:\/\/www.histoiredeprecy.com\/le-passe-des-lieux\/le-clos.html\" target=\"_blank\" rel=\"noreferrer noopener\"><\/a>La nuit les rues ne sont pas \u00e9clair\u00e9es. La plupart sont pav\u00e9es. Les maisons ont un puits avec pompe.<\/p>\n\n\n\n<p>La vie rurale est pr\u00e9dominante. Les vignerons sont tr\u00e8s nombreux. Les coteaux de Pr\u00e9cy \u00e0 Boran sont drap\u00e9s de vignes. Presque chaque maison a sa vigne.<br>Les cultivateurs labourent leurs champs avec des b\u0153ufs. Quelques-uns ont des chevaux.<br>Les troupeaux de moutons sont nombreux et importants ; quatre d&rsquo;entre eux comptent environ 200 brebis.<br>L&rsquo;image champ\u00eatre des troupeaux b\u00ealants, partant chaque matin et rentrant au coucher du soleil donnait une note po\u00e9tique au village.<\/p>\n\n\n\n<p>Le soir la dizaine de caf\u00e9s \u00e9taient bond\u00e9s d&rsquo;ouvriers agricoles qui jouaient aux cartes en fumant la pipe et d\u00e9gustant le petit vin blanc du pays.<br>Il y a le march\u00e9 couvert, la <strong>Halle<\/strong>, tous les mardis, le plus important de la r\u00e9gion.<\/p>\n\n\n\n<p>En 1830, Mme P\u00e8legrin est propri\u00e9taire du Clos. Sa fille, Alexandrine, est la m\u00e8re de Jules Gaillard, baptis\u00e9 \u00e0 Pr\u00e9cy en 1839. Celui-ci va travailler au Minist\u00e8re des Affaires Etrang\u00e8res, secr\u00e9taire du Ministre sous Thiers, \u00e0 partir de 1868. Il revient par la suite sur Pr\u00e9cy, sera conseiller g\u00e9n\u00e9ral, puis d\u00e9put\u00e9 pendant 20 ans.<\/p>\n\n\n\n<p>Charles-Augustin <strong>Sainte-Beuve<\/strong> (1804-1869), \u00e9crivain et fameux critique litt\u00e9raire du XIX\u00e8me si\u00e8cle fran\u00e7ais, vint r\u00e9guli\u00e8rement \u00e0 Pr\u00e9cy retrouver son ami Viguier, ancien inspecteur g\u00e9n\u00e9ral de l&rsquo;Universit\u00e9, qui mourut \u00e0 Pr\u00e9cy en 1867.<br>On sait que Madame Pellegrin &#8211; de son nom de jeune fille, Marie-Alexandrine Laureau &#8211; l&rsquo;accueillait en 1832 en sa propri\u00e9t\u00e9 \u00ab Le Clos \u00bb. Sainte-Beuve, \u00e9tait rest\u00e9 tr\u00e8s li\u00e9 au p\u00e8re de Jules Gaillard, Alexandre, son ancien professeur au Coll\u00e8ge Bourbon (aujourd\u2019hui le lyc\u00e9e Condorcet), qui trouva ainsi une raison de plus de venir \u00e0 Pr\u00e9cy. C&rsquo;est encore chez Madame P\u00e8legrin, qui aimait organiser des salons litt\u00e9raires, que Sainte-Beuve rencontra <strong>Alfred de Vigny et Alfred de Musset. <\/strong>Ce dernier revint \u00e0 Pr\u00e9cy en compagnie de<strong> <strong>George Sand<\/strong>.<\/strong><\/p>\n\n\n\n<div class=\"wp-block-group has-global-padding is-layout-constrained wp-block-group-is-layout-constrained\">\n<figure class=\"wp-block-image alignright size-full is-resized\"><img loading=\"lazy\" decoding=\"async\" width=\"900\" height=\"583\" src=\"http:\/\/delamarre.net\/wpprecy\/wp-content\/uploads\/2024\/08\/crue_oise_1910_900-1.jpg\" alt=\"\" class=\"wp-image-772\" style=\"width:375px;height:auto\" srcset=\"https:\/\/histoiredeprecy.com\/wp-content\/uploads\/2024\/08\/crue_oise_1910_900-1.jpg 900w, https:\/\/histoiredeprecy.com\/wp-content\/uploads\/2024\/08\/crue_oise_1910_900-1-300x194.jpg 300w, https:\/\/histoiredeprecy.com\/wp-content\/uploads\/2024\/08\/crue_oise_1910_900-1-768x497.jpg 768w\" sizes=\"auto, (max-width: 900px) 100vw, 900px\" \/><figcaption class=\"wp-element-caption\">La crue en 1910<\/figcaption><\/figure>\n\n\n\n<p><br>Par la suite, <strong>au XXe si\u00e8cle<\/strong>, on peu \u00e9num\u00e9rer les \u00e9v\u00e8nements suivants :<\/p>\n<\/div>\n\n\n\n<p><strong>1901<\/strong><br>&#8211; Le 22 avril, Pr\u00e9cy compte 1051 habitants. Le ch\u00e2telain roule carrosse tir\u00e9 par quatre chevaux blancs.<br>&#8211; Cinq familles ont une cal\u00e8che, seize poss\u00e8dent un landau et la plupart ont une carriole ou une charrette. A la gare et \u00e0 l&rsquo;h\u00f4tel Saint-Eloy, dans la rue du ch\u00e2teau on peut louer un fiacre.<br>&#8211; Il y a treize caf\u00e9s dans la commune&#8230;<br>&#8211; La nuit les rues sont \u00e9clair\u00e9es par des r\u00e9verb\u00e8res \u00e0 gaz. Les rues principales sont pav\u00e9es.<br><strong>1905<\/strong><br>&#8211; Les lois de la s\u00e9paration de l&rsquo;\u00c9glise et de l&rsquo;\u00c9tat signifient l&rsquo;exil des religieuses de la Compassion et la suppression de leurs \u00e9coles \u00e0 Pr\u00e9cy.<br><strong>1909<\/strong><br>&#8211; Retour des religieuses \u00e0 Pr\u00e9cy.&nbsp;&nbsp; &nbsp;<br>-L&rsquo;Ancienne \u00e9cole des gar\u00e7ons, \u00ab\u00a0\u00c9cole Saint Joseph\u00a0\u00bb autrefois tenue par l&rsquo;\u00e9col\u00e2tre de la paroisse, devient ouvroir &#8211; patronage et plus tard, en 1970, salle paroissiale.<br>&#8211; Les religieuses se d\u00e9vouent d\u00e9sormais aupr\u00e8s des malades \u00e0 domicile.<br><strong>1910<\/strong><br>&#8211; Le maire Gaston Wateau obtient un emprunt et fait construire les \u00e9coles publiques ; une pour les gar\u00e7ons et une pour les filles.<br><\/p>\n\n\n\n<div class=\"wp-block-group has-global-padding is-layout-constrained wp-block-group-is-layout-constrained\">\n<figure class=\"wp-block-image alignleft size-full is-resized\"><img loading=\"lazy\" decoding=\"async\" width=\"576\" height=\"900\" src=\"http:\/\/delamarre.net\/wpprecy\/wp-content\/uploads\/2024\/08\/ballon_1921_900-1.jpg\" alt=\"\" class=\"wp-image-773\" style=\"width:202px;height:auto\" srcset=\"https:\/\/histoiredeprecy.com\/wp-content\/uploads\/2024\/08\/ballon_1921_900-1.jpg 576w, https:\/\/histoiredeprecy.com\/wp-content\/uploads\/2024\/08\/ballon_1921_900-1-192x300.jpg 192w\" sizes=\"auto, (max-width: 576px) 100vw, 576px\" \/><figcaption class=\"wp-element-caption\">F\u00eate patronale de Pr\u00e9cy en 1921<\/figcaption><\/figure>\n\n\n\n<p><strong>1914-1918<\/strong><br>&#8211; La grande guerre emporte 45 jeunes Pr\u00e9c\u00e9ens morts au champ d&rsquo;honneur. En 1914, le g\u00e9nie Fran\u00e7ais d\u00e9truit le pont de Pr\u00e9cy. Il y a divers bombardements sur Pr\u00e9cy.<br><strong>1920<\/strong><br>&#8211; Le pont de Pr\u00e9cy est reconstruit. M. Riche vend sur la place du march\u00e9, les derni\u00e8res bouteilles de vin r\u00e9colt\u00e9s \u00e0 Pr\u00e9cy.<br><strong>1923<\/strong><br>&#8211; Cr\u00e9ation de la Coop\u00e9rative Agricole \u00e0 Pr\u00e9cy. Elle groupe 400 cultivateurs.<br>&#8211; L&rsquo;ensemble du personnel compte 60 personnes.<br><strong>1940<\/strong><br>&#8211; Craignant l&rsquo;arriv\u00e9e des Allemands, les troupes Fran\u00e7aises d\u00e9truisent le pont de Pr\u00e9cy. Le lendemain 13 juin, les Allemands occupent Pr\u00e9cy jusqu&rsquo;en fin ao\u00fbt 1944.<br>Les trois troupeaux de moutons comptant chacun environ 200 brebis ne peuvent plus aller pa\u00eetre de l&rsquo;autre c\u00f4t\u00e9 de l&rsquo;Oise. Ils vont d\u00e9sormais brouter sur le plateau de Crouy ; seul le troupeau d&rsquo;Outreleau garde ses habitudes.<br>L&rsquo;image champ\u00eatre des troupeaux b\u00ealants, rentrant le soir au coucher du soleil \u00e0 Pr\u00e9cy durera jusqu&rsquo;en 1959. Pierre Coeurderoy \u00e9tait le dernier berger (1959).<br>&nbsp;&#8211; Les Allemands r\u00e9clament vingt cinq chevaux \u00e0 la commune.<br>&#8211; Quelques cultivateurs labourent \u00e0 nouveau leurs champs avec des b\u0153ufs.<br>&#8211; Lors d&rsquo;un bombardement sur Pr\u00e9cy, un habitant est tu\u00e9. Une \u00ab\u00a0kommandantur\u00a0\u00bb est install\u00e9e au Ch\u00e2teau V\u00e9n\u00e8que et les plus importantes maisons autour de l&rsquo;\u00e9glise sont r\u00e9quisitionn\u00e9es pour loger les officiers Allemands. Un r\u00e9giment du train, puis un autre de pontonniers, occupe la propri\u00e9t\u00e9 Bertrand pour y fonder une \u00e9cole qui y restera jusqu&rsquo;\u00e0 la lib\u00e9ration.<br><strong>1942<\/strong><br>&#8211; Le Pont de Pr\u00e9cy est remis en service.<br><strong>1943<\/strong><br>&#8211; Les hommes sont requis \u00e0 tour de r\u00f4le de monter la garde jour et nuit sur les voies du chemin de fer contre les pr\u00e9tendus \u00ab\u00a0terroristes\u00a0\u00bb.<br><strong>1944<\/strong><br>&#8211; L&rsquo;aviation des alli\u00e9s, voulant d\u00e9truire les usines de \u00ab\u00a0V1\u00a0\u00bb install\u00e9s dans les carri\u00e8res de Saint Leu, ratent leur cible et l\u00e2chent plus de mille deux cent bombes le 05 Ao\u00fbt 1944, douze personnes mortes furent retir\u00e9es des d\u00e9combres. Le presbyt\u00e8re compte parmi les maisons bombard\u00e9es. Durant cette guerre huit jeunes soldats de Pr\u00e9cy tomb\u00e8rent au champ d&rsquo;honneur.<br>&#8211; Le 27 ao\u00fbt 1944, les Allemands font sauter le pont de Pr\u00e9cy.<br>&#8211; Le 30 ao\u00fbt, les cloches de Pr\u00e9cy sonnent la LIB\u00c9RATION.<br>&#8211; Le Maire fait construire un bac sur l&rsquo;Oise pour r\u00e9tablir les relations entre les deux rives.<br><strong>1946<\/strong><br>&#8211; Le 1er Mars, le nouveau pont est ouvert \u00e0 la circulation. C&rsquo;est le premier pont reconstruit sur tout le cours de l&rsquo;Oise. On apporte du sable neuf sur la plage d&rsquo;Outreleau.<br><strong>1949<\/strong><br>&#8211; Pr\u00e9cy re\u00e7oit la Croix de Guerre qui figure d\u00e9sormais sur ses armoiries au bas du blason.<br><strong>1950-1951<\/strong><br>&#8211; Cr\u00e9ation d&rsquo;un terrain de sport dans l&rsquo;ancienne propri\u00e9t\u00e9 Boulet achet\u00e9e par la municipalit\u00e9.<br><\/p>\n\n\n\n<div class=\"wp-block-group has-global-padding is-layout-constrained wp-block-group-is-layout-constrained\">\n<figure class=\"wp-block-image alignright size-full\"><img loading=\"lazy\" decoding=\"async\" width=\"375\" height=\"267\" src=\"http:\/\/delamarre.net\/wpprecy\/wp-content\/uploads\/2024\/08\/vitraux_centraux_p-1.jpg\" alt=\"\" class=\"wp-image-775\" srcset=\"https:\/\/histoiredeprecy.com\/wp-content\/uploads\/2024\/08\/vitraux_centraux_p-1.jpg 375w, https:\/\/histoiredeprecy.com\/wp-content\/uploads\/2024\/08\/vitraux_centraux_p-1-300x214.jpg 300w\" sizes=\"auto, (max-width: 375px) 100vw, 375px\" \/><figcaption class=\"wp-element-caption\">Les vitraux de l&rsquo;\u00e9glise<\/figcaption><\/figure>\n\n\n\n<p><strong>1957<\/strong><br>&#8211; D\u00e9couverte d&rsquo;une puissante nappe d&rsquo;eau souterraine entre Pr\u00e9cy et Boran par la Soci\u00e9t\u00e9 Lyonnaise des Eaux et aussit\u00f4t mise en oeuvre pour desservir la r\u00e9gion.<br>&#8211; L&rsquo;eau est min\u00e9ralis\u00e9e sans exc\u00e8s ; l\u00e9g\u00e8rement ferrugineuse et riche en carbonate de calcium.<br><strong>1958-1959<\/strong><br>&#8211; Installation des nouveaux vitraux \u00e0 l&rsquo;\u00e9glise par Bernard Gilbert selon les cartons de Georges Rouault.<br><strong>1960<\/strong><br>&#8211; Cr\u00e9ation du nouveau lotissement \u00ab\u00a0Le Clos Pannezelle\u00a0\u00bb par le Maire Charles Minost. Am\u00e9nagement du hameau de Sorel.<br><strong>1965<\/strong><br>&#8211; Le Corps des Sapeurs Pompiers de Pr\u00e9cy cr\u00e9\u00e9 en 1884 se transforme en \u00ab\u00a0Centre de Secours de Pr\u00e9cy \u00ab\u00a0.<br>&#8211; Cr\u00e9ation de la rue du 8 mai 1945.<br>&#8211; La rue de Blaincourt est d\u00e9baptis\u00e9e et se nomme d\u00e9sormais rue Louis Coeurderoy. (Maire de 1928 \u00e0 1959).<br><strong>1969<\/strong><br>&#8211; Parution du premier Bulletin Municipal.<br>&#8211; Ouverture de l&rsquo;\u00c9cole Maternelle Georges Sand. Ouverture du Coll\u00e8ge d&rsquo;Enseignement secondaire \u00e0 Gouvieux, que 97 de nos enfants fr\u00e9quentent. La mixit\u00e9 s&rsquo;impose dans tout l&rsquo;Enseignement.<br><\/p>\n\n\n\n<div class=\"wp-block-group has-global-padding is-layout-constrained wp-block-group-is-layout-constrained\">\n<figure class=\"wp-block-image alignleft size-full is-resized\"><img loading=\"lazy\" decoding=\"async\" width=\"900\" height=\"571\" src=\"http:\/\/delamarre.net\/wpprecy\/wp-content\/uploads\/2024\/08\/Colo-Petits-Quinquins_900-1.jpg\" alt=\"\" class=\"wp-image-777\" style=\"width:330px;height:auto\" srcset=\"https:\/\/histoiredeprecy.com\/wp-content\/uploads\/2024\/08\/Colo-Petits-Quinquins_900-1.jpg 900w, https:\/\/histoiredeprecy.com\/wp-content\/uploads\/2024\/08\/Colo-Petits-Quinquins_900-1-300x190.jpg 300w, https:\/\/histoiredeprecy.com\/wp-content\/uploads\/2024\/08\/Colo-Petits-Quinquins_900-1-768x487.jpg 768w\" sizes=\"auto, (max-width: 900px) 100vw, 900px\" \/><figcaption class=\"wp-element-caption\">Le colonie des ptits quinquins<\/figcaption><\/figure>\n\n\n\n<p><strong>1971<\/strong><br>&#8211; Un nouveau Conseil Municipal arrive pour six ans avec Pierre Bessey comme maire.<br>&#8211; Il y a deux femmes au Conseil.<br>&#8211; Mise \u00e0 la disposition du P\u00e9tanque Club d&rsquo;une parcelle du terrain des sports.<br>&#8211; Installation d&rsquo;une cabine t\u00e9l\u00e9phonique rue Charles Andrieu.<br><strong>1972<\/strong><br>&#8211; Achat de la propri\u00e9t\u00e9 \u00a0\u00bb Les Petits quinquins \u00a0\u00bb baptis\u00e9e d\u00e9sormais \u00a0\u00bb Les Erables \u00ab\u00a0.<br><strong>1973<\/strong><br>&#8211; Cr\u00e9ation d&rsquo;une Biblioth\u00e8que scolaire aux Erables.<br>&#8211; Extension de nouvelles lignes t\u00e9l\u00e9phoniques.<br><strong>1975<\/strong><br>&#8211; Construction de 32 logements H.L.M.<br>&#8211; Construction d&rsquo;un nouveau bureau de Poste.<br>&#8211; D\u00e9viation et cr\u00e9ation de la route de, Creil-Pontoise &#8211; CD92.<br>&#8211; Modernisation et \u00e9clairage public sur la route de Beauvais &#8211; CD44.<br><\/p>\n\n\n\n<div class=\"wp-block-group has-global-padding is-layout-constrained wp-block-group-is-layout-constrained\">\n<figure class=\"wp-block-image alignright size-full is-resized\"><img loading=\"lazy\" decoding=\"async\" width=\"900\" height=\"575\" src=\"http:\/\/delamarre.net\/wpprecy\/wp-content\/uploads\/2024\/08\/extraction_craie_900-1.jpg\" alt=\"\" class=\"wp-image-778\" style=\"width:288px;height:auto\" srcset=\"https:\/\/histoiredeprecy.com\/wp-content\/uploads\/2024\/08\/extraction_craie_900-1.jpg 900w, https:\/\/histoiredeprecy.com\/wp-content\/uploads\/2024\/08\/extraction_craie_900-1-300x192.jpg 300w, https:\/\/histoiredeprecy.com\/wp-content\/uploads\/2024\/08\/extraction_craie_900-1-768x491.jpg 768w\" sizes=\"auto, (max-width: 900px) 100vw, 900px\" \/><figcaption class=\"wp-element-caption\">Les carri\u00e8res de craie \u00e0 Pr\u00e9cy<\/figcaption><\/figure>\n\n\n\n<p><strong>1976<\/strong><br>&#8211; Cr\u00e9ation d&rsquo;une cantine scolaire aux Erables.<br>&#8211; Autorisation d&rsquo;extension et exploitation de la carri\u00e8re \u00a0\u00bb St\u00e9 Chaux de Boran \u00a0\u00bb situ\u00e9e en bordure du CD 603.<br>&#8211; Cr\u00e9ation et projets, puis r\u00e9alisations des lotissements \u00a0\u00bb Pr\u00e9s des murs \u00a0\u00bb &#8211; \u00a0\u00bb Sorel \u00a0\u00bb &#8211; \u00a0\u00bb La tour du moulin \u00ab\u00a0.<br><strong>1977-1980<\/strong><br>&#8211; Elections municipales. Les communistes triomphent. Marcel Charansonnet est \u00e9lu maire de Pr\u00e9cy.<br>&#8211; P\u00e9riode d&rsquo;impasse politique et de gestion impossible.<br><strong>1980<\/strong><br>&#8211; Pierre Bessey redevient maire jusqu&rsquo;en 1989.<br><strong>1981<\/strong><br>&#8211; Il y a deux femmes au Conseil.<br>&#8211; Ouverture d&rsquo;une biblioth\u00e8que municipale \u00e0 la Mairie.<br>&#8211; Le Minist\u00e8re de la culture classe les orgues de Narcisse Martin en l&rsquo;\u00e9glise de Pr\u00e9cy \u00a0\u00bb orgue historique \u00ab\u00a0. La restauration sera entreprise dans les ann\u00e9es qui suivent.<br><strong>1984<\/strong><br>&#8211; Cr\u00e9ation d&rsquo;un Club de tennis sur les terrains municipaux. (deux courts de tennis).<br><\/p>\n\n\n\n<div class=\"wp-block-group has-global-padding is-layout-constrained wp-block-group-is-layout-constrained\">\n<figure class=\"wp-block-image alignright size-full\"><img loading=\"lazy\" decoding=\"async\" width=\"141\" height=\"400\" src=\"http:\/\/delamarre.net\/wpprecy\/wp-content\/uploads\/2024\/08\/liste_maires_p-2.jpg\" alt=\"\" class=\"wp-image-779\" srcset=\"https:\/\/histoiredeprecy.com\/wp-content\/uploads\/2024\/08\/liste_maires_p-2.jpg 141w, https:\/\/histoiredeprecy.com\/wp-content\/uploads\/2024\/08\/liste_maires_p-2-106x300.jpg 106w\" sizes=\"auto, (max-width: 141px) 100vw, 141px\" \/><figcaption class=\"wp-element-caption\">Les maires de Pr\u00e9cy au XXe si\u00e8cle<\/figcaption><\/figure>\n\n\n\n<p><strong>1988<\/strong><br>&#8211; Vente de l&rsquo;ancienne mairie, rue Wateau agrandissement et modernisation de la nouvelle Mairie, rue Charles de Gaulle<br>&#8211; Cr\u00e9ation d&rsquo;une \u00e9cole de musique.<br><strong>1989<\/strong><br>&#8211; Ren\u00e9 Riva devient Maire. Il y a six femmes au Conseil Municipal.<br>&#8211; Pr\u00e9cy a 3.137 habitants.<br><strong>1992<\/strong><br>&#8211; R\u00e9am\u00e9nag\u00e8rent du Centre-Bourg avec une fontaine.<br>&#8211; Prise de conscience de l&rsquo;importance du patrimoine et de l&rsquo;environnement.<br>&#8211; Plantation d&rsquo;arbres et arbustes.<br><strong>1993<\/strong><br>&#8211; Exceptionnelle crue de l&rsquo;Oise.<br>&#8211; Pr\u00e9cy village fleuri.<br><strong>1995<\/strong><br>&#8211; Jumelage de Pr\u00e9cy avec H\u00fctschenhausen (Allemagne).<br><strong>1996<\/strong><br>&#8211; Fermeture, destruction et puis mise en place d&rsquo;un nouveau pont de Pr\u00e9cy.<br><strong>1998<\/strong><br>&#8211; L&rsquo;Ancien Centre de Secours est ras\u00e9, transf\u00e9r\u00e9 rue du Havre et le terrain lib\u00e9r\u00e9 re\u00e7oit la construction d&rsquo;un nouveau restaurant scolaire reli\u00e9 aux \u00e9coles.<br>&#8211; R\u00e9am\u00e9nagement des berges de l&rsquo;Oise.<br><strong>1999<\/strong><br>&#8211; Cr\u00e9ation d&rsquo;un march\u00e9 hebdomadaire et parking.<\/p>\n<\/div>\n<\/div>\n<\/div>\n<\/div>\n<\/div>\n\n\n\n<ul class=\"wp-block-list\">\n<li><a href=\"http:\/\/web.archive.org\/web\/20231126162246\/http:\/\/www.histoiredeprecy.com\/precy-a-travers-le-temps\/la-revolution-francaise.html\">Pr\u00e9c\u00e9dent<\/a><\/li>\n<\/ul>\n\n\n\n<p><\/p>\n","protected":false},"excerpt":{"rendered":"<p>Le 11 f\u00e9vrier 1792, a lieu la vente des terres du ch\u00e2teau et de ses d\u00e9pendances au g\u00e9n\u00e9ral Fran\u00e7ois d\u2019Avrange d\u2019Haugeranville. C&rsquo;\u00e9tait un g\u00e9n\u00e9ral de la R\u00e9volution et du Premier Empire. Avrange avait \u00e9pous\u00e9 le 22 juin 1779 \u00e0 Versailles, paroisse Saint-Louis, Th\u00e9r\u00e8se, fille de Jean-Baptiste Berthier (1721-1804), ing\u00e9nieur-g\u00e9ographe, et s\u0153ur des Prince de Neuch\u00e2tel [&hellip;]<\/p>\n","protected":false},"author":1,"featured_media":0,"comment_status":"closed","ping_status":"open","sticky":false,"template":"","format":"standard","meta":{"footnotes":""},"categories":[1],"tags":[],"class_list":["post-764","post","type-post","status-publish","format-standard","hentry","category-non-classe"],"_links":{"self":[{"href":"https:\/\/histoiredeprecy.com\/index.php\/wp-json\/wp\/v2\/posts\/764","targetHints":{"allow":["GET"]}}],"collection":[{"href":"https:\/\/histoiredeprecy.com\/index.php\/wp-json\/wp\/v2\/posts"}],"about":[{"href":"https:\/\/histoiredeprecy.com\/index.php\/wp-json\/wp\/v2\/types\/post"}],"author":[{"embeddable":true,"href":"https:\/\/histoiredeprecy.com\/index.php\/wp-json\/wp\/v2\/users\/1"}],"replies":[{"embeddable":true,"href":"https:\/\/histoiredeprecy.com\/index.php\/wp-json\/wp\/v2\/comments?post=764"}],"version-history":[{"count":8,"href":"https:\/\/histoiredeprecy.com\/index.php\/wp-json\/wp\/v2\/posts\/764\/revisions"}],"predecessor-version":[{"id":1787,"href":"https:\/\/histoiredeprecy.com\/index.php\/wp-json\/wp\/v2\/posts\/764\/revisions\/1787"}],"wp:attachment":[{"href":"https:\/\/histoiredeprecy.com\/index.php\/wp-json\/wp\/v2\/media?parent=764"}],"wp:term":[{"taxonomy":"category","embeddable":true,"href":"https:\/\/histoiredeprecy.com\/index.php\/wp-json\/wp\/v2\/categories?post=764"},{"taxonomy":"post_tag","embeddable":true,"href":"https:\/\/histoiredeprecy.com\/index.php\/wp-json\/wp\/v2\/tags?post=764"}],"curies":[{"name":"wp","href":"https:\/\/api.w.org\/{rel}","templated":true}]}}