{"id":78,"date":"2024-08-03T17:05:34","date_gmt":"2024-08-03T15:05:34","guid":{"rendered":"http:\/\/delamarre.net\/wpprecy\/?p=78"},"modified":"2024-08-03T17:21:50","modified_gmt":"2024-08-03T15:21:50","slug":"survol","status":"publish","type":"post","link":"https:\/\/histoiredeprecy.com\/index.php\/2024\/08\/03\/survol\/","title":{"rendered":"Survol"},"content":{"rendered":"\n<p>A l&rsquo;\u00e9poque gallo-romaine les places fortes gauloises sont r\u00e9cup\u00e9r\u00e9es par les Romains. Les oppida deviennent des vicus, villa, villages.<\/p>\n\n\n\n<p>Sous l&rsquo;occupation romaine, Pr\u00e9cy et sa r\u00e9gion conna\u00eet comme partout, le d\u00e9boisement des for\u00eats, la mise en culture et l&rsquo;exploitation des terres cultivables.<\/p>\n\n\n\n<p>Quand au IVe si\u00e8cle les Barbares envahissent la r\u00e9gion, la culture des champs et le progr\u00e8s social apport\u00e9s par les Romains disparaissent. La for\u00eat se reforme petit \u00e0 petit, les marais sont envahis par les buissons et les herbes sauvages et tout redevient progressivement comme \u00e0 l&rsquo;\u00e9poque gauloise.<\/p>\n\n\n\n<p>C&rsquo;est vers la fin du VII<sup>i\u00e8me<\/sup> si\u00e8cle que fut alors fond\u00e9e l&rsquo;abbaye Saint-Martin de Pr\u00e9cy dont Farulfus \u00e9tait Abb\u00e9 en 690. Le terrain fut donn\u00e9 par un seigneur Franc de Chambly, nomm\u00e9 Vand\u00e9mire. Lui et son \u00e9pouse Ercamberte avaient \u00e9lu cette abbaye comme lieu de leur s\u00e9pulture.<\/p>\n\n\n\n<div class=\"wp-block-group has-global-padding is-layout-constrained wp-block-group-is-layout-constrained\">\n<figure class=\"wp-block-image alignleft size-full is-resized\"><img loading=\"lazy\" decoding=\"async\" width=\"800\" height=\"549\" src=\"http:\/\/delamarre.net\/wpprecy\/wp-content\/uploads\/2024\/08\/04_lierres_p.jpg\" alt=\"\" class=\"wp-image-81\" style=\"width:355px;height:auto\" srcset=\"https:\/\/histoiredeprecy.com\/wp-content\/uploads\/2024\/08\/04_lierres_p.jpg 800w, https:\/\/histoiredeprecy.com\/wp-content\/uploads\/2024\/08\/04_lierres_p-300x206.jpg 300w, https:\/\/histoiredeprecy.com\/wp-content\/uploads\/2024\/08\/04_lierres_p-768x527.jpg 768w\" sizes=\"auto, (max-width: 800px) 100vw, 800px\" \/><figcaption class=\"wp-element-caption\">Les Lierres (ancien ch\u00e2teau V\u00e9n\u00e8que)<\/figcaption><\/figure>\n\n\n\n<p>Au Vl\u00e8 si\u00e8cle les rois Francs essayent de redresser le pays. Ces rois M\u00e9rovingiens et leurs dignitaires s&rsquo;installent sur les hauteurs qui dominent l&rsquo;Oise. Ils habitent les villas romaines, devenues fermes militaires fortifi\u00e9es appel\u00e9es \u00ab <strong>mairies royales <\/strong>\u00bb. Elles \u00e9tait construites en bois et en terre et faisaient souvent office de lieux de surveillance du fleuve ou de la rivi\u00e8re, de poste d&rsquo;administration ou d&rsquo;exploitation agricole sous l&rsquo;autorit\u00e9 d&rsquo;un intendant appel\u00e9 \u00ab <strong>major <\/strong>\u00bb ou \u00ab <strong>ma\u00efeur\u00bb <\/strong>d&rsquo;o\u00f9 le mot \u00ab <strong>maire <\/strong>\u00bb.<\/p>\n<\/div>\n\n\n\n<div class=\"wp-block-group has-global-padding is-layout-constrained wp-block-group-is-layout-constrained\">\n<figure class=\"wp-block-image alignright size-full\"><img loading=\"lazy\" decoding=\"async\" width=\"200\" height=\"270\" src=\"http:\/\/delamarre.net\/wpprecy\/wp-content\/uploads\/2024\/08\/p10_ClotaireIer_selon_Jean_de_Tillet_roi_des_francs_497-561.jpg\" alt=\"\" class=\"wp-image-82\"\/><figcaption class=\"wp-element-caption\">Clotaire Ier, roi des Francs<\/figcaption><\/figure>\n\n\n\n<p>Une Charte de Charles le Chauve, portant la date 861, parle \u00e9galement de ce monast\u00e8re. Il a donc surv\u00e9cu \u00e0 l&rsquo;invasion normande. Ces Vikings venant du Nord, remontaient la Seine et puis l&rsquo;Oise d\u00e8s 838. Ils terrorisaient et d\u00e9vastaient la r\u00e9gion par des viols, tueries, pillages et incendies. Au cours du X<sup>i\u00e8me <\/sup>si\u00e8cle il n&rsquo;est plus fait mention de l&rsquo;Abbaye de Saint-Martin de Pr\u00e9cy. Ce X <sup>i\u00e8me <\/sup>si\u00e8cle reste un des plus affreux de notre histoire nationale. L&rsquo;autorit\u00e9 publique est bafou\u00e9e et dispara\u00eet. Des \u00e9pid\u00e9mies et d&rsquo;effroyables famines frappent le pays. Les pillards et les bandits de grand chemin foisonnent. En face de cette carence du pouvoir carolingien, on voit alors se dresser des seigneurs locaux qui prennent la d\u00e9fense de leurs territoires et de leur population. C&rsquo;est de cette \u00e9poque que date le castel f\u00e9odal, \u00ab <strong>grand hostel<\/strong> \u00bb de Pr\u00e9cy. Il en reste. aujourd&rsquo;hui en sous-sol les fondations et la salle des gardes qui remontent au moyen-\u00e2ge. Les foss\u00e9s creus\u00e9s au X<sup>i\u00e8me <\/sup>si\u00e8cle, consolid\u00e9s, remani\u00e9s au cours des si\u00e8cles, encadrent toujours le ch\u00e2teau actuel qui est une construction du XIXi<sup>\u00e8me<\/sup> si\u00e8cle ( Viollet le Duc ), \u00e0 l&#8217;emplacement o\u00f9 Louis de Lausac avait b\u00e2ti son manoir (16e si\u00e8cle ), d\u00e9moli \u00e0 la R\u00e9volution. <\/p>\n\n\n\n<div class=\"wp-block-group has-global-padding is-layout-constrained wp-block-group-is-layout-constrained\">\n<p>Une ordonnance du r\u00e9gent, le futur roi Charles V, du 14 mai 1358 ordonne de r\u00e9parer les ch\u00e2teaux forts et d&rsquo;y mettre des garnisons. C&rsquo;est que la r\u00e9volte des paysans gronde. Leurs ma\u00eetres et seigneurs \u00e9taient suppos\u00e9s prot\u00e9ger les populations contre les brigands et les ennemis. Ce n&rsquo;\u00e9tait pas toujours le cas. Le 18 mai 1358 La Jacquerie \u00e9clata \u00e0 Saint-Leu d&rsquo;Esserent et se propagea aux alentours, principalement en direction de Senlis et Pont-Sainte-\u00adMaxence. Les ch\u00e2teaux sur les rives de l&rsquo;Oise furent incendi\u00e9s. La r\u00e9ponse des seigneurs fut d&rsquo;une cruaut\u00e9 extr\u00eame. Environ 20.000 hommes furent tu\u00e9s. \u00ab Leur pendaison par milliers aux arbres de l&rsquo;endroit ne peut \u00eatre tenue sous silence. \u00bb (Pierre Durvin).<\/p>\n\n\n\n<figure class=\"wp-block-image alignleft size-full\"><img loading=\"lazy\" decoding=\"async\" width=\"250\" height=\"211\" src=\"http:\/\/delamarre.net\/wpprecy\/wp-content\/uploads\/2024\/08\/04b_Battle_poitiers.jpg\" alt=\"\" class=\"wp-image-84\"\/><figcaption class=\"wp-element-caption\">La bataille de Poitiers<\/figcaption><\/figure>\n<\/div>\n<\/div>\n\n\n\n<p>Les archives ne disent rien \u00e0 propos de la Jacquerie \u00e0 Pr\u00e9cy. C&rsquo;est peut-\u00eatre le signe qu&rsquo;il y avait une bonne entente entre les seigneurs et la population de Pr\u00e9cy.<\/p>\n\n\n\n<p>Lors du d\u00e9nombrement de 1385 les Archives Nationales N p.146 font \u00e9tat du fief \u00ab <em>tenu du <\/em><em>Roy notre Sire par Messire Philippe de Pr\u00e9cy -. <\/em>On y signale l&rsquo;existence du \u00ab <strong>grand hostel <\/strong>\u00bb, un colombier, un moustier, des vignes, le tout \u00ab enclot de murs \u00bb.<\/p>\n\n\n\n<p>Pendant la guerre de Cent ans de 1381 jusque vers 1449, les Anglais occupent Creil et <em>\u00ab mettent \u00e0 pauvret\u00e9 tous les pais d&rsquo;environ&nbsp;\u00bb<\/em><\/p>\n\n\n\n<div class=\"wp-block-group has-global-padding is-layout-constrained wp-block-group-is-layout-constrained\">\n<p>\u00ab La seconde moiti\u00e9 du XIV<sup>i\u00e8me <\/sup>si\u00e8cle et tout le XV<sup>\u00e8me<\/sup> si\u00e8cle repr\u00e9sentent une \u00e9poque de d\u00e9peuplement apr\u00e8s laquelle on va devoir reconstruire les villages en ruines et d\u00e9fricher les champs incultes depuis plusieurs dizaines d&rsquo;ann\u00e9es. \u00bb (E. Lambert).<\/p>\n\n\n\n<figure class=\"wp-block-image alignright size-full\"><img loading=\"lazy\" decoding=\"async\" width=\"200\" height=\"238\" src=\"http:\/\/delamarre.net\/wpprecy\/wp-content\/uploads\/2024\/08\/p11_charles_VII_par_Jean_Fouquet.jpg\" alt=\"\" class=\"wp-image-85\"\/><figcaption class=\"wp-element-caption\">Charles VII de Fouquet<\/figcaption><\/figure>\n\n\n\n<p>A cette \u00e9poque les Anglais investissent le ch\u00e2teau de Pr\u00e9cy et mettent le feu \u00e0 l&rsquo;\u00e9glise. En 1430, le roi Charles VII envoie Jean de la Brosse, Mar\u00e9chal de Boussac pour d\u00e9loger les<\/p>\n<\/div>\n\n\n\n<p>Anglais. \u00ab <em>Ils all\u00e8rent assi\u00e9ger la ville de Pressy dans laquelle estait le bastard de Chevreuse, \u00e0 tout quarante combattants ou environ, qui assez brief furent contraints d&rsquo;eulx rendre \u00e0 voulont\u00e9. Et en y eut la plus grande partie mise \u00e0 mort par les guisarmiers dudit Mar\u00e9chal et depuis qu&rsquo;ilz se furent ainsi rendus. Et aussi fut la forteresse d\u00e9molie. \u00ab\u00a0<\/em><\/p>\n\n\n\n<p>Au XVI<sup>\u00e8me<\/sup> si\u00e8cle, apr\u00e8s la guerre de Cent Ans, appara\u00eet une fi\u00e8vre de b\u00e2tir.<\/p>\n\n\n\n<div class=\"wp-block-group has-global-padding is-layout-constrained wp-block-group-is-layout-constrained\">\n<figure class=\"wp-block-image alignleft size-large is-resized\"><img loading=\"lazy\" decoding=\"async\" width=\"724\" height=\"1024\" src=\"http:\/\/delamarre.net\/wpprecy\/wp-content\/uploads\/2024\/08\/lettre_deluxe_1601-724x1024.jpg\" alt=\"\" class=\"wp-image-86\" style=\"width:245px;height:auto\" srcset=\"https:\/\/histoiredeprecy.com\/wp-content\/uploads\/2024\/08\/lettre_deluxe_1601-724x1024.jpg 724w, https:\/\/histoiredeprecy.com\/wp-content\/uploads\/2024\/08\/lettre_deluxe_1601-212x300.jpg 212w, https:\/\/histoiredeprecy.com\/wp-content\/uploads\/2024\/08\/lettre_deluxe_1601-768x1086.jpg 768w, https:\/\/histoiredeprecy.com\/wp-content\/uploads\/2024\/08\/lettre_deluxe_1601.jpg 1000w\" sizes=\"auto, (max-width: 724px) 100vw, 724px\" \/><figcaption class=\"wp-element-caption\">Lettre de Charlotte de Luxe (1601)<\/figcaption><\/figure>\n\n\n\n<p>Louis de Saint Gelais, fils naturel du roi Fran\u00e7ois Ier devient en 1570 Seigneur de Pr\u00e9cy. Il y fait reb\u00e2tir le ch\u00e2teau mais selon la mode nouvelle. Il fait \u00e9galement reconstruire en partie l&rsquo;\u00e9glise incendi\u00e9e par les Anglais. \u00ab Lui qui ne cessa de chevaucher de cour en cour et de ch\u00e2teau en ch\u00e2teau eut le loisir d&rsquo;admirer l&rsquo;un des plus charmants&#8230; celui d&rsquo;Azay-le\u00adRideau \u00bb.<\/p>\n<\/div>\n\n\n\n<p>En 1571 il marie son fils Guy avec Antoinette Raffin, fille du Seigneur d&rsquo;Azay-le-Rideau. Il n&rsquo;h\u00e9site pas de s&rsquo;inspirer de ce ch\u00e2teau et de recourir \u00e0 la m\u00eame main-d&rsquo;\u0153uvre pour la construction de son manoir de Pr\u00e9cy.<\/p>\n\n\n\n<p>Ce ch\u00e2teau et ce fief bien aim\u00e9 o\u00f9 il a voulu finir ses jours, pass\u00e8rent \u00e0 sa petite-belle-fille Charlotte de Luxe qui se maria avec Louis de Montmorency, Seigneur de Bouteville.<\/p>\n\n\n\n<div class=\"wp-block-group has-global-padding is-layout-constrained wp-block-group-is-layout-constrained\">\n<figure class=\"wp-block-image alignright size-large is-resized\"><img loading=\"lazy\" decoding=\"async\" width=\"724\" height=\"1024\" src=\"http:\/\/delamarre.net\/wpprecy\/wp-content\/uploads\/2024\/08\/lettre_boutteville_1597-724x1024.jpg\" alt=\"\" class=\"wp-image-87\" style=\"width:298px;height:auto\" srcset=\"https:\/\/histoiredeprecy.com\/wp-content\/uploads\/2024\/08\/lettre_boutteville_1597-724x1024.jpg 724w, https:\/\/histoiredeprecy.com\/wp-content\/uploads\/2024\/08\/lettre_boutteville_1597-212x300.jpg 212w, https:\/\/histoiredeprecy.com\/wp-content\/uploads\/2024\/08\/lettre_boutteville_1597-768x1086.jpg 768w, https:\/\/histoiredeprecy.com\/wp-content\/uploads\/2024\/08\/lettre_boutteville_1597.jpg 1000w\" sizes=\"auto, (max-width: 724px) 100vw, 724px\" \/><figcaption class=\"wp-element-caption\">Lettre du seigneur de Bouteville (1597)<\/figcaption><\/figure>\n\n\n\n<p>Les Montmorency-Luxembourg, h\u00e9ritiers de ce dernier, vivaient plus \u00e0 la Cour de Versailles ou ailleurs qu&rsquo;au ch\u00e2teau de Pr\u00e9cy. Faute d&rsquo;entretien le ch\u00e2teau devait se d\u00e9grader jusqu&rsquo;\u00e0 tomber de v\u00e9tust\u00e9.<\/p>\n\n\n\n<p>En 1792, le Seigneur de Pr\u00e9cy, Anne-L\u00e9on de Montmorency-Fosseux mari\u00e9 \u00e0 sa cousine Charlotte de Montmorency-Luxembourg, fuyant les massacres de la R\u00e9volution se r\u00e9fugia en Belgique.<\/p>\n<\/div>\n\n\n\n<p>De l\u00e0 les Montmorency vendirent leurs domaines qui furent divis\u00e9s et vendus en lots. Ainsi disparut la Seigneurie de Pr\u00e9cy qui avait dur\u00e9 pr\u00e8s de huit si\u00e8cles.<\/p>\n","protected":false},"excerpt":{"rendered":"<p>A l&rsquo;\u00e9poque gallo-romaine les places fortes gauloises sont r\u00e9cup\u00e9r\u00e9es par les Romains. Les oppida deviennent des vicus, villa, villages. Sous l&rsquo;occupation romaine, Pr\u00e9cy et sa r\u00e9gion conna\u00eet comme partout, le d\u00e9boisement des for\u00eats, la mise en culture et l&rsquo;exploitation des terres cultivables. Quand au IVe si\u00e8cle les Barbares envahissent la r\u00e9gion, la culture des champs [&hellip;]<\/p>\n","protected":false},"author":1,"featured_media":0,"comment_status":"closed","ping_status":"open","sticky":false,"template":"","format":"standard","meta":{"footnotes":""},"categories":[1],"tags":[],"class_list":["post-78","post","type-post","status-publish","format-standard","hentry","category-non-classe"],"_links":{"self":[{"href":"https:\/\/histoiredeprecy.com\/index.php\/wp-json\/wp\/v2\/posts\/78","targetHints":{"allow":["GET"]}}],"collection":[{"href":"https:\/\/histoiredeprecy.com\/index.php\/wp-json\/wp\/v2\/posts"}],"about":[{"href":"https:\/\/histoiredeprecy.com\/index.php\/wp-json\/wp\/v2\/types\/post"}],"author":[{"embeddable":true,"href":"https:\/\/histoiredeprecy.com\/index.php\/wp-json\/wp\/v2\/users\/1"}],"replies":[{"embeddable":true,"href":"https:\/\/histoiredeprecy.com\/index.php\/wp-json\/wp\/v2\/comments?post=78"}],"version-history":[{"count":3,"href":"https:\/\/histoiredeprecy.com\/index.php\/wp-json\/wp\/v2\/posts\/78\/revisions"}],"predecessor-version":[{"id":88,"href":"https:\/\/histoiredeprecy.com\/index.php\/wp-json\/wp\/v2\/posts\/78\/revisions\/88"}],"wp:attachment":[{"href":"https:\/\/histoiredeprecy.com\/index.php\/wp-json\/wp\/v2\/media?parent=78"}],"wp:term":[{"taxonomy":"category","embeddable":true,"href":"https:\/\/histoiredeprecy.com\/index.php\/wp-json\/wp\/v2\/categories?post=78"},{"taxonomy":"post_tag","embeddable":true,"href":"https:\/\/histoiredeprecy.com\/index.php\/wp-json\/wp\/v2\/tags?post=78"}],"curies":[{"name":"wp","href":"https:\/\/api.w.org\/{rel}","templated":true}]}}