{"id":939,"date":"2024-08-06T18:03:46","date_gmt":"2024-08-06T16:03:46","guid":{"rendered":"http:\/\/delamarre.net\/wpprecy\/?p=939"},"modified":"2024-08-14T20:49:44","modified_gmt":"2024-08-14T18:49:44","slug":"d-les-ecoles","status":"publish","type":"post","link":"https:\/\/histoiredeprecy.com\/index.php\/2024\/08\/06\/d-les-ecoles\/","title":{"rendered":"d &#8211; Les \u00e9coles"},"content":{"rendered":"\n<p><\/p>\n\n\n\n<div class=\"wp-block-group has-global-padding is-layout-constrained wp-block-group-is-layout-constrained\">\n<figure class=\"wp-block-image alignright size-full is-resized\"><img loading=\"lazy\" decoding=\"async\" width=\"586\" height=\"868\" src=\"http:\/\/delamarre.net\/wpprecy\/wp-content\/uploads\/2024\/08\/presbytere-1.jpg\" alt=\"\" class=\"wp-image-942\" style=\"width:209px;height:auto\" srcset=\"https:\/\/histoiredeprecy.com\/wp-content\/uploads\/2024\/08\/presbytere-1.jpg 586w, https:\/\/histoiredeprecy.com\/wp-content\/uploads\/2024\/08\/presbytere-1-203x300.jpg 203w\" sizes=\"auto, (max-width: 586px) 100vw, 586px\" \/><figcaption class=\"wp-element-caption\">L&rsquo;ancien Hotel-Dieu<\/figcaption><\/figure>\n\n\n\n<p><br>Pendant longtemps, les cur\u00e9s ont \u00e9t\u00e9 charg\u00e9s de surveiller et de contr\u00f4ler l&rsquo;enseignement des enfants donn\u00e9s par des \u00e9col\u00e2tres, de s&rsquo;assurer des progr\u00e8s accomplis par les \u00e9l\u00e8ves et de les encourager \u00e0 mieux faire encore.<br>Une dame de Pr\u00e9cy, Ang\u00e9lique <strong>De VAUCOULEURS<\/strong> fonda cependant en 1664 un H\u00f4tel-Dieu pour secourir les malades, recevoir les orphelins mais aussi instruire gratuitement la jeunesse. La duchesse de Luxembourg donna \u00e9galement&nbsp; des b\u00e2timents pour \u00e9tablir un petit hospice en 1699. Vers 1720, Madame de MONTMORENCY-BOUTEVILLE y installa une soeur de Sainte-Genevi\u00e8ve de PARIS pour y tenir l&rsquo;\u00e9cole \u00e0 perp\u00e9tuit\u00e9.<\/p>\n<\/div>\n\n\n\n<p>\u00c0 la R\u00e9volution fran\u00e7aise, l&rsquo;\u00e9cole, l&rsquo;H\u00f4tel-Dieu, Charit\u00e9, le presbyt\u00e8re et les propri\u00e9t\u00e9s et terres de la paroisse sont vendus comme biens nationaux. L&rsquo;\u00e9col\u00e2tre et la ma\u00eetresse d&rsquo;\u00e9cole, la religieuse sont interdits d&rsquo;enseigner.<br><\/p>\n\n\n\n<div class=\"wp-block-group has-global-padding is-layout-constrained wp-block-group-is-layout-constrained\">\n<figure class=\"wp-block-image alignleft size-full is-resized\"><img loading=\"lazy\" decoding=\"async\" width=\"375\" height=\"281\" src=\"http:\/\/delamarre.net\/wpprecy\/wp-content\/uploads\/2024\/08\/Ecole_de_Vaucouleurs_p.jpg\" alt=\"\" class=\"wp-image-943\" style=\"width:260px;height:auto\" srcset=\"https:\/\/histoiredeprecy.com\/wp-content\/uploads\/2024\/08\/Ecole_de_Vaucouleurs_p.jpg 375w, https:\/\/histoiredeprecy.com\/wp-content\/uploads\/2024\/08\/Ecole_de_Vaucouleurs_p-300x225.jpg 300w\" sizes=\"auto, (max-width: 375px) 100vw, 375px\" \/><figcaption class=\"wp-element-caption\">L&rsquo;\u00e9cole primaire Ang\u00e9lique de Vaucouleurs<\/figcaption><\/figure>\n\n\n\n<p>L&rsquo;histoire du ma\u00eetre d&rsquo;\u00e9cole de Pr\u00e9cy \u00e0 cette \u00e9poque est int\u00e9ressante. Louis S\u00e9bastien <strong>LANDRU<\/strong>, l&rsquo;\u00e9col\u00e2tre, chantre depuis 17 ans, devient en 1791 secr\u00e9taire greffier au conseil municipal. Quand, le 16 Pluvi\u00f4se de l&rsquo;an second, les gouvernants lancent un appel aux candidatures de ma\u00eetres d&rsquo;\u00e9cole et \u00e0 l&rsquo;ouverture des \u00e9coles, LANDRU pose sa candidature ainsi que Madame Ginette Le C\u0152UR pour l&rsquo;\u00e9cole des filles. Toute cette r\u00e9organisation de l&rsquo;enseignement primaire ne va pas sans mal.<br>Louis GRAVES relate dans ses statistiques de l&rsquo;Oise qu il y avait \u00e0 PR\u00c9CY en <strong>1825<\/strong> 62 \u00e9l\u00e8ves, et en 1827, 75 \u00e9l\u00e8ves. Le nombre de gens sachant lire et \u00e9crire est de 149 : soit un cinqui\u00e8me de la population. Il \u00e9crit : \u00ab <em>On peut dire qu&rsquo;il y a encore peu d&rsquo;instruction r\u00e9pandue dans la population. On peut ajouter que l&rsquo;intelligence y d\u00e9passe le savoir, ce qui est \u00e0 coup s\u00fbr d&rsquo;un heureux augure pour l&rsquo;avenir.<\/em> \u00bb (L. GRAVES. Pages 243-245).<br>Comme \u00e9coles, il n&rsquo;y a alors que les \u00e9coles primaires. Elles sont g\u00e9n\u00e9ralement ouvertes au mois de novembre et ferment \u00e0 la moisson. PR\u00c9CY a une \u00e9cole pour les filles et une pour les gar\u00e7ons. La classe unique est de r\u00e8gle. Il y a plus de gar\u00e7ons que de filles scolaris\u00e9s.<br>Les m\u00e9thodes d&rsquo;enseignement posent beaucoup de probl\u00e8mes ainsi que la situation pr\u00e9caire des instituteurs, ce qui les oblige \u00e0 cumuler d&rsquo;autres fonctions vu la modicit\u00e9 de leur traitement.<br><br>C&rsquo;est seulement en <strong>1882<\/strong> que la loi pr\u00e9voit la cr\u00e9ation dans chaque village d&rsquo;une \u00e9cole publique, la\u00efque et gratuite. A partir de cette date les \u00e9coles paroissiales et celles plac\u00e9es sous la surveillance ou l&rsquo;autorit\u00e9 du cur\u00e9 sont la\u00efcis\u00e9es ou supprim\u00e9es. C&rsquo;est en <strong>1850<\/strong> qu&rsquo;\u00e0 PR\u00c9CY on avait proc\u00e9d\u00e9 \u00e0 une \u00e9cole pour filles et une pour les gar\u00e7ons. La mairie-\u00e9cole pour les filles sera termin\u00e9e en 1854.<\/p>\n<\/div>\n\n\n\n<p>Le projet de construction des nouvelles \u00e9coles et leur r\u00e9alisation se fera vers 1905. C&rsquo;est alors la fermeture et la suppression des \u00e9coles <strong>Saint-Joseph<\/strong> pour les gar\u00e7ons, tenue par l&rsquo;instituteur paroissial, et celle de <strong>Notre-Dame<\/strong> pour les filles, tenue par les religieuses de la Compassion. Ces derni\u00e8res quittent PR\u00c9CY peu apr\u00e8s la loi interdisant les Congr\u00e9gations Religieuses.<\/p>\n\n\n\n<div class=\"wp-block-group has-global-padding is-layout-constrained wp-block-group-is-layout-constrained\">\n<figure class=\"wp-block-image alignright size-full is-resized\"><img loading=\"lazy\" decoding=\"async\" width=\"320\" height=\"326\" src=\"http:\/\/delamarre.net\/wpprecy\/wp-content\/uploads\/2024\/08\/12b_ecole_henri_youf_p-2.jpg\" alt=\"\" class=\"wp-image-946\" style=\"width:173px;height:auto\" srcset=\"https:\/\/histoiredeprecy.com\/wp-content\/uploads\/2024\/08\/12b_ecole_henri_youf_p-2.jpg 320w, https:\/\/histoiredeprecy.com\/wp-content\/uploads\/2024\/08\/12b_ecole_henri_youf_p-2-294x300.jpg 294w\" sizes=\"auto, (max-width: 320px) 100vw, 320px\" \/><figcaption class=\"wp-element-caption\">Henri Youf<\/figcaption><\/figure>\n\n\n\n<p>Ce n&rsquo;est qu&rsquo;apr\u00e8s le don d&rsquo;un terrain par Henri <strong>YOUF<\/strong> que l&rsquo;on construira les \u00e9coles Jean-Baptiste <strong>MOLI\u00c8RE<\/strong> et Jules <strong>VERNE<\/strong>, et plus tard apr\u00e8s la Seconde Guerre mondiale, l&rsquo;\u00e9cole George <strong>SAND<\/strong>.<\/p>\n<\/div>\n\n\n\n<p>Devenues mixtes, elles sont regroup\u00e9es en d\u00e9cembre <strong>2001<\/strong> en un ensemble qui porte le nom d&rsquo;Ang\u00e9lique de VAUCOULEURS.<\/p>\n\n\n\n<p>Sur ce sujet des \u00e9coles, voir aussi l&rsquo;article de \u00a0\u00bb Pr\u00e9cy au fil de l&rsquo;eau \u00a0\u00bb qui d\u00e9taille le sujet.<\/p>\n\n\n\n<p>Ci-dessous quelques cartes postales anciennes repr\u00e9sentant les \u00e9coles au d\u00e9but du XXe si\u00e8cle.<\/p>\n\n\n\n<div class=\"wp-block-envira-envira-gallery\"><div id=\"envira-gallery-wrap-948\" class=\"envira-gallery-wrap envira-gallery-theme-base envira-lightbox-theme-base\" itemscope itemtype=\"https:\/\/schema.org\/ImageGallery\"><div data-row-height=\"150\" data-gallery-theme=\"normal\" id=\"envira-gallery-948\" class=\"envira-gallery-public envira-gallery-justified-public envira-gallery-0-columns envira-clear enviratope envira-gallery-css-animations\" data-envira-columns=\"0\"><div id=\"envira-gallery-item-949\" class=\"envira-gallery-item enviratope-item envira-gallery-item-1 envira-lazy-load\" style=\"padding-left: 1px; padding-bottom: 1px; padding-right: 1px;\"  itemscope itemtype=\"https:\/\/schema.org\/ImageObject\"><div class=\"envira-gallery-item-inner\"><div class=\"envira-gallery-position-overlay  envira-gallery-top-left\"><\/div><div class=\"envira-gallery-position-overlay  envira-gallery-top-right\"><\/div><div class=\"envira-gallery-position-overlay  envira-gallery-bottom-left\"><\/div><div class=\"envira-gallery-position-overlay  envira-gallery-bottom-right\"><\/div><a href=\"http:\/\/delamarre.net\/wpprecy\/wp-content\/uploads\/2024\/08\/adm_ecoles1_resultat.jpg\" class=\"envira-gallery-link\" rel=\"enviragallery948\" title=\"Les nouvelles &eacute;coles de Pr&eacute;cy sur Oise\" data-envira-caption=\"Les nouvelles &eacute;coles de Pr&eacute;cy sur Oise\" data-envira-retina=\"\" data-thumbnail=\"\" target=\"_blank\"  itemprop=\"contentUrl\"><img decoding=\"async\" id=\"envira-gallery-image-949\" class=\"envira-gallery-image envira-gallery-image-1 envira-normal envira-lazy\" data-envira-index=\"1\" src=\"https:\/\/histoiredeprecy.com\/wp-content\/uploads\/2024\/08\/adm_ecoles1_resultat-1024x658-640x480.jpg\" data-envira-src=\"https:\/\/histoiredeprecy.com\/wp-content\/uploads\/2024\/08\/adm_ecoles1_resultat-1024x658-640x480.jpg\" data-envira-gallery-id=\"948\" data-envira-item-id=\"949\" data-envira-caption=\"Les nouvelles &eacute;coles de Pr&eacute;cy sur Oise\" alt=\"Les nouvelles \u00e9coles de Pr\u00e9cy sur Oise\" title=\"Les nouvelles \u00e9coles de Pr\u00e9cy sur Oise\"  itemprop=\"thumbnailUrl\" data-envira-srcset=\"https:\/\/histoiredeprecy.com\/wp-content\/uploads\/2024\/08\/adm_ecoles1_resultat-1024x658-640x480.jpg 400w,https:\/\/histoiredeprecy.com\/wp-content\/uploads\/2024\/08\/adm_ecoles1_resultat-1024x658-640x480.jpg 2x\" data-envira-width=\"300\" data-envira-height=\"193\" srcset=\"data:image\/gif;base64,R0lGODlhAQABAIAAAP\/\/\/\/\/\/\/yH5BAEKAAEALAAAAAABAAEAAAICTAEAOw==\" data-safe-src=\"data:image\/gif;base64,R0lGODlhAQABAIAAAP\/\/\/\/\/\/\/yH5BAEKAAEALAAAAAABAAEAAAICTAEAOw==\" \/><\/a><\/div><\/div><div id=\"envira-gallery-item-950\" class=\"envira-gallery-item enviratope-item envira-gallery-item-2 envira-lazy-load\" style=\"padding-left: 1px; padding-bottom: 1px; padding-right: 1px;\"  itemscope itemtype=\"https:\/\/schema.org\/ImageObject\"><div class=\"envira-gallery-item-inner\"><div class=\"envira-gallery-position-overlay  envira-gallery-top-left\"><\/div><div class=\"envira-gallery-position-overlay  envira-gallery-top-right\"><\/div><div class=\"envira-gallery-position-overlay  envira-gallery-bottom-left\"><\/div><div class=\"envira-gallery-position-overlay  envira-gallery-bottom-right\"><\/div><a href=\"http:\/\/delamarre.net\/wpprecy\/wp-content\/uploads\/2024\/08\/adm_ecoles2_resultat.jpg\" class=\"envira-gallery-link\" rel=\"enviragallery948\" title=\"Les nouvelles &eacute;coles de Pr&eacute;cy sur Oise\" data-envira-caption=\"Les nouvelles &eacute;coles de Pr&eacute;cy sur Oise\" data-envira-retina=\"\" data-thumbnail=\"\" target=\"_blank\"  itemprop=\"contentUrl\"><img decoding=\"async\" id=\"envira-gallery-image-950\" class=\"envira-gallery-image envira-gallery-image-2 envira-normal envira-lazy\" data-envira-index=\"2\" src=\"https:\/\/histoiredeprecy.com\/wp-content\/uploads\/2024\/08\/adm_ecoles2_resultat-1024x675-640x480.jpg\" data-envira-src=\"https:\/\/histoiredeprecy.com\/wp-content\/uploads\/2024\/08\/adm_ecoles2_resultat-1024x675-640x480.jpg\" data-envira-gallery-id=\"948\" data-envira-item-id=\"950\" data-envira-caption=\"Les nouvelles &eacute;coles de Pr&eacute;cy sur Oise\" alt=\"Les nouvelles \u00e9coles de Pr\u00e9cy sur Oise\" title=\"Les nouvelles \u00e9coles de Pr\u00e9cy sur Oise\"  itemprop=\"thumbnailUrl\" data-envira-srcset=\"https:\/\/histoiredeprecy.com\/wp-content\/uploads\/2024\/08\/adm_ecoles2_resultat-1024x675-640x480.jpg 400w,https:\/\/histoiredeprecy.com\/wp-content\/uploads\/2024\/08\/adm_ecoles2_resultat-1024x675-640x480.jpg 2x\" data-envira-width=\"300\" data-envira-height=\"198\" srcset=\"data:image\/gif;base64,R0lGODlhAQABAIAAAP\/\/\/\/\/\/\/yH5BAEKAAEALAAAAAABAAEAAAICTAEAOw==\" data-safe-src=\"data:image\/gif;base64,R0lGODlhAQABAIAAAP\/\/\/\/\/\/\/yH5BAEKAAEALAAAAAABAAEAAAICTAEAOw==\" \/><\/a><\/div><\/div><div id=\"envira-gallery-item-951\" class=\"envira-gallery-item enviratope-item envira-gallery-item-3 envira-lazy-load\" style=\"padding-left: 1px; padding-bottom: 1px; padding-right: 1px;\"  itemscope itemtype=\"https:\/\/schema.org\/ImageObject\"><div class=\"envira-gallery-item-inner\"><div class=\"envira-gallery-position-overlay  envira-gallery-top-left\"><\/div><div class=\"envira-gallery-position-overlay  envira-gallery-top-right\"><\/div><div class=\"envira-gallery-position-overlay  envira-gallery-bottom-left\"><\/div><div class=\"envira-gallery-position-overlay  envira-gallery-bottom-right\"><\/div><a href=\"http:\/\/delamarre.net\/wpprecy\/wp-content\/uploads\/2024\/08\/adm_ecoles3_sortie_1911_resultat.jpg\" class=\"envira-gallery-link\" rel=\"enviragallery948\" title=\"La sortie des &eacute;coles &agrave; Pr&eacute;cy sur Oise\" data-envira-caption=\"La sortie des &eacute;coles &agrave; Pr&eacute;cy sur Oise\" data-envira-retina=\"\" data-thumbnail=\"\" target=\"_blank\"  itemprop=\"contentUrl\"><img decoding=\"async\" id=\"envira-gallery-image-951\" class=\"envira-gallery-image envira-gallery-image-3 envira-normal envira-lazy\" data-envira-index=\"3\" src=\"https:\/\/histoiredeprecy.com\/wp-content\/uploads\/2024\/08\/adm_ecoles3_sortie_1911_resultat-1024x655-640x480.jpg\" data-envira-src=\"https:\/\/histoiredeprecy.com\/wp-content\/uploads\/2024\/08\/adm_ecoles3_sortie_1911_resultat-1024x655-640x480.jpg\" data-envira-gallery-id=\"948\" data-envira-item-id=\"951\" data-envira-caption=\"La sortie des &eacute;coles &agrave; Pr&eacute;cy sur Oise\" alt=\"La sortie des \u00e9coles \u00e0 Pr\u00e9cy sur Oise\" title=\"La sortie des \u00e9coles \u00e0 Pr\u00e9cy sur Oise\"  itemprop=\"thumbnailUrl\" data-envira-srcset=\"https:\/\/histoiredeprecy.com\/wp-content\/uploads\/2024\/08\/adm_ecoles3_sortie_1911_resultat-1024x655-640x480.jpg 400w,https:\/\/histoiredeprecy.com\/wp-content\/uploads\/2024\/08\/adm_ecoles3_sortie_1911_resultat-1024x655-640x480.jpg 2x\" data-envira-width=\"300\" data-envira-height=\"192\" srcset=\"data:image\/gif;base64,R0lGODlhAQABAIAAAP\/\/\/\/\/\/\/yH5BAEKAAEALAAAAAABAAEAAAICTAEAOw==\" data-safe-src=\"data:image\/gif;base64,R0lGODlhAQABAIAAAP\/\/\/\/\/\/\/yH5BAEKAAEALAAAAAABAAEAAAICTAEAOw==\" \/><\/a><\/div><\/div><div id=\"envira-gallery-item-952\" class=\"envira-gallery-item enviratope-item envira-gallery-item-4 envira-lazy-load\" style=\"padding-left: 1px; padding-bottom: 1px; padding-right: 1px;\"  itemscope itemtype=\"https:\/\/schema.org\/ImageObject\"><div class=\"envira-gallery-item-inner\"><div class=\"envira-gallery-position-overlay  envira-gallery-top-left\"><\/div><div class=\"envira-gallery-position-overlay  envira-gallery-top-right\"><\/div><div class=\"envira-gallery-position-overlay  envira-gallery-bottom-left\"><\/div><div class=\"envira-gallery-position-overlay  envira-gallery-bottom-right\"><\/div><a href=\"http:\/\/delamarre.net\/wpprecy\/wp-content\/uploads\/2024\/08\/adm_new_ecoles_resultat.jpg\" class=\"envira-gallery-link\" rel=\"enviragallery948\" title=\"Les nouvelles &eacute;coles de Pr&eacute;cy sur Oise\" data-envira-caption=\"Les nouvelles &eacute;coles de Pr&eacute;cy sur Oise\" data-envira-retina=\"\" data-thumbnail=\"\" target=\"_blank\"  itemprop=\"contentUrl\"><img decoding=\"async\" id=\"envira-gallery-image-952\" class=\"envira-gallery-image envira-gallery-image-4 envira-normal envira-lazy\" data-envira-index=\"4\" src=\"https:\/\/histoiredeprecy.com\/wp-content\/uploads\/2024\/08\/adm_new_ecoles_resultat-1024x658-640x480.jpg\" data-envira-src=\"https:\/\/histoiredeprecy.com\/wp-content\/uploads\/2024\/08\/adm_new_ecoles_resultat-1024x658-640x480.jpg\" data-envira-gallery-id=\"948\" data-envira-item-id=\"952\" data-envira-caption=\"Les nouvelles &eacute;coles de Pr&eacute;cy sur Oise\" alt=\"Les nouvelles \u00e9coles de Pr\u00e9cy sur Oise\" title=\"Les nouvelles \u00e9coles de Pr\u00e9cy sur Oise\"  itemprop=\"thumbnailUrl\" data-envira-srcset=\"https:\/\/histoiredeprecy.com\/wp-content\/uploads\/2024\/08\/adm_new_ecoles_resultat-1024x658-640x480.jpg 400w,https:\/\/histoiredeprecy.com\/wp-content\/uploads\/2024\/08\/adm_new_ecoles_resultat-1024x658-640x480.jpg 2x\" data-envira-width=\"300\" data-envira-height=\"193\" srcset=\"data:image\/gif;base64,R0lGODlhAQABAIAAAP\/\/\/\/\/\/\/yH5BAEKAAEALAAAAAABAAEAAAICTAEAOw==\" data-safe-src=\"data:image\/gif;base64,R0lGODlhAQABAIAAAP\/\/\/\/\/\/\/yH5BAEKAAEALAAAAAABAAEAAAICTAEAOw==\" \/><\/a><\/div><\/div><\/div><\/div><noscript><img decoding=\"async\" src=\"https:\/\/histoiredeprecy.com\/wp-content\/uploads\/2024\/08\/adm_ecoles1_resultat.jpg\" alt=\"Les nouvelles \u00e9coles de Pr\u00e9cy sur Oise\" \/><img decoding=\"async\" src=\"https:\/\/histoiredeprecy.com\/wp-content\/uploads\/2024\/08\/adm_ecoles2_resultat.jpg\" alt=\"Les nouvelles \u00e9coles de Pr\u00e9cy sur Oise\" \/><img decoding=\"async\" src=\"https:\/\/histoiredeprecy.com\/wp-content\/uploads\/2024\/08\/adm_ecoles3_sortie_1911_resultat.jpg\" alt=\"La sortie des \u00e9coles \u00e0 Pr\u00e9cy sur Oise\" \/><img decoding=\"async\" src=\"https:\/\/histoiredeprecy.com\/wp-content\/uploads\/2024\/08\/adm_new_ecoles_resultat.jpg\" alt=\"Les nouvelles \u00e9coles de Pr\u00e9cy sur Oise\" \/><\/noscript><\/div>\n","protected":false},"excerpt":{"rendered":"<p>Pendant longtemps, les cur\u00e9s ont \u00e9t\u00e9 charg\u00e9s de surveiller et de contr\u00f4ler l&rsquo;enseignement des enfants donn\u00e9s par des \u00e9col\u00e2tres, de s&rsquo;assurer des progr\u00e8s accomplis par les \u00e9l\u00e8ves et de les encourager \u00e0 mieux faire encore.Une dame de Pr\u00e9cy, Ang\u00e9lique De VAUCOULEURS fonda cependant en 1664 un H\u00f4tel-Dieu pour secourir les malades, recevoir les orphelins mais [&hellip;]<\/p>\n","protected":false},"author":1,"featured_media":0,"comment_status":"closed","ping_status":"open","sticky":false,"template":"","format":"standard","meta":{"footnotes":""},"categories":[1],"tags":[],"class_list":["post-939","post","type-post","status-publish","format-standard","hentry","category-non-classe"],"_links":{"self":[{"href":"https:\/\/histoiredeprecy.com\/index.php\/wp-json\/wp\/v2\/posts\/939","targetHints":{"allow":["GET"]}}],"collection":[{"href":"https:\/\/histoiredeprecy.com\/index.php\/wp-json\/wp\/v2\/posts"}],"about":[{"href":"https:\/\/histoiredeprecy.com\/index.php\/wp-json\/wp\/v2\/types\/post"}],"author":[{"embeddable":true,"href":"https:\/\/histoiredeprecy.com\/index.php\/wp-json\/wp\/v2\/users\/1"}],"replies":[{"embeddable":true,"href":"https:\/\/histoiredeprecy.com\/index.php\/wp-json\/wp\/v2\/comments?post=939"}],"version-history":[{"count":5,"href":"https:\/\/histoiredeprecy.com\/index.php\/wp-json\/wp\/v2\/posts\/939\/revisions"}],"predecessor-version":[{"id":1793,"href":"https:\/\/histoiredeprecy.com\/index.php\/wp-json\/wp\/v2\/posts\/939\/revisions\/1793"}],"wp:attachment":[{"href":"https:\/\/histoiredeprecy.com\/index.php\/wp-json\/wp\/v2\/media?parent=939"}],"wp:term":[{"taxonomy":"category","embeddable":true,"href":"https:\/\/histoiredeprecy.com\/index.php\/wp-json\/wp\/v2\/categories?post=939"},{"taxonomy":"post_tag","embeddable":true,"href":"https:\/\/histoiredeprecy.com\/index.php\/wp-json\/wp\/v2\/tags?post=939"}],"curies":[{"name":"wp","href":"https:\/\/api.w.org\/{rel}","templated":true}]}}