{"id":974,"date":"2024-08-06T18:18:54","date_gmt":"2024-08-06T16:18:54","guid":{"rendered":"http:\/\/delamarre.net\/wpprecy\/?p=974"},"modified":"2024-08-14T20:51:31","modified_gmt":"2024-08-14T18:51:31","slug":"f-le-quartier-de-leglise","status":"publish","type":"post","link":"https:\/\/histoiredeprecy.com\/index.php\/2024\/08\/06\/f-le-quartier-de-leglise\/","title":{"rendered":"f &#8211; Le quartier de l&rsquo;\u00e9glise"},"content":{"rendered":"\n<p><\/p>\n\n\n\n<div class=\"wp-block-group has-global-padding is-layout-constrained wp-block-group-is-layout-constrained\">\n<figure class=\"wp-block-image alignleft size-full is-resized\"><img loading=\"lazy\" decoding=\"async\" width=\"426\" height=\"600\" src=\"http:\/\/delamarre.net\/wpprecy\/wp-content\/uploads\/2024\/08\/dessin_centre_1789_p-3.jpg\" alt=\"\" class=\"wp-image-975\" style=\"width:239px;height:auto\" srcset=\"https:\/\/histoiredeprecy.com\/wp-content\/uploads\/2024\/08\/dessin_centre_1789_p-3.jpg 426w, https:\/\/histoiredeprecy.com\/wp-content\/uploads\/2024\/08\/dessin_centre_1789_p-3-213x300.jpg 213w\" sizes=\"auto, (max-width: 426px) 100vw, 426px\" \/><figcaption class=\"wp-element-caption\">Dessin du centre de Pr\u00e9cy vers 1789<\/figcaption><\/figure>\n\n\n\n<p><br>Pendant plusieurs si\u00e8cles, les centres de d\u00e9cision de Pr\u00e9cy \u00e9taient dispos\u00e9s dans ce quartier autour de l&rsquo;\u00e9glise, comme le reconstitue le dessin ci-contre r\u00e9alis\u00e9 par le p\u00e8re Speybroeck :<\/p>\n<\/div>\n\n\n\n<p>&#8211; l&rsquo;\u00e9glise, elle-m\u00eame, reste le b\u00e2timent historique le plus ancien du village, celui o\u00f9 se sont d\u00e9roul\u00e9es les c\u00e9r\u00e9monies, o\u00f9 avaient lieu les bapt\u00eames, les mariages et o\u00f9 \u00e9taient ensevelis les grands personnages de la commune (seigneurs, cur\u00e9s, nobles&#8230;).<\/p>\n\n\n\n<p>&#8211; le ch\u00e2teau : d&rsquo;abord un ch\u00e2teau-fort construit pour d\u00e9fendre la commune et dans lequel \u00e9tait install\u00e9 le seigneur des lieux, au moins de la 1\u00e8re croisade jusqu&rsquo;\u00e0 la R\u00e9volution.<\/p>\n\n\n\n<p>&#8211; la pr\u00e9v\u00f4t\u00e9 : ou palais de justice, lieu des arbitrages et des d\u00e9cisions juridiques<\/p>\n\n\n\n<p>&#8211; la ferme : d\u00e9truite au d\u00e9but du XXe si\u00e8cle, elle fut pendant longtemps un des trois grands espaces de culture que connut Pr\u00e9cy (avec la ferme du Martray et la ferme de l&rsquo;Outreleau).<\/p>\n\n\n\n<p>&#8211; les halles : ou le march\u00e9, qui a attir\u00e9 pendant des d\u00e9cennies les habitants des villages environnants, tant la renomm\u00e9e du march\u00e9 de Pr\u00e9cy \u00e9tait grande.<\/p>\n\n\n\n<p>&#8211; l&rsquo;h\u00f4tel-Dieu : d&rsquo;abord appel\u00e9 la Charit\u00e9, avant que de se voir reconna\u00eetre le r\u00f4le d&rsquo;hopital pour les d\u00e9sh\u00e9rit\u00e9s.<\/p>\n\n\n\n<p>&nbsp;Au centre de cet espace, une petite place qui a connu de multiples appellations : place du Duc de Montmorency, place du march\u00e9, place du ch\u00e2teau, place de l&rsquo;\u00e9glise, jusqu&rsquo;\u00e0 adopter \u00a0\u00bb place de Verdun \u00a0\u00bb apr\u00e8s la 1\u00e8re guerre mondiale.<\/p>\n\n\n\n<p>Au nord de la place, seule existait la rue du Ch\u00e2teau, comme aujourd&rsquo;hui, l&rsquo;all\u00e9e Henri Youf actuelle \u00e9tait un couloir arbor\u00e9 qui menait jusqu&rsquo;\u00e0 la ferme.<\/p>\n\n\n\n<p>Au sud, l&rsquo;actuelle rue Gaston Wateau, qui fut maire de Pr\u00e9cy de 1888 \u00e0 1909, s&rsquo;appela rue de Lallemont, avant de se transformer en rue de l&rsquo;\u00e9glise.<\/p>\n\n\n\n<p>Ci-dessous, quelques cartes postales anciennes de ce quartier :<\/p>\n\n\n\n<div class=\"wp-block-envira-envira-gallery\"><div id=\"envira-gallery-wrap-977\" class=\"envira-gallery-wrap envira-gallery-theme-base envira-lightbox-theme-base\" itemscope itemtype=\"https:\/\/schema.org\/ImageGallery\"><div data-row-height=\"150\" data-gallery-theme=\"normal\" id=\"envira-gallery-977\" class=\"envira-gallery-public envira-gallery-justified-public envira-gallery-0-columns envira-clear enviratope envira-gallery-css-animations\" data-envira-columns=\"0\"><div id=\"envira-gallery-item-978\" class=\"envira-gallery-item enviratope-item envira-gallery-item-1 envira-lazy-load\" style=\"padding-left: 1px; padding-bottom: 1px; padding-right: 1px;\"  itemscope itemtype=\"https:\/\/schema.org\/ImageObject\"><div class=\"envira-gallery-item-inner\"><div class=\"envira-gallery-position-overlay  envira-gallery-top-left\"><\/div><div class=\"envira-gallery-position-overlay  envira-gallery-top-right\"><\/div><div class=\"envira-gallery-position-overlay  envira-gallery-bottom-left\"><\/div><div class=\"envira-gallery-position-overlay  envira-gallery-bottom-right\"><\/div><a href=\"http:\/\/delamarre.net\/wpprecy\/wp-content\/uploads\/2024\/08\/rues_eglise1_1910_resultat.jpg\" class=\"envira-gallery-link\" rel=\"enviragallery977\" title=\"La rue de l&amp;#039;&eacute;glise &agrave; Pr&eacute;cy sur Oise\" data-envira-caption=\"La rue de l&amp;#039;&eacute;glise &agrave; Pr&eacute;cy sur Oise\" data-envira-retina=\"\" data-thumbnail=\"\" target=\"_blank\"  itemprop=\"contentUrl\"><img decoding=\"async\" id=\"envira-gallery-image-978\" class=\"envira-gallery-image envira-gallery-image-1 envira-normal envira-lazy\" data-envira-index=\"1\" src=\"https:\/\/histoiredeprecy.com\/wp-content\/uploads\/2024\/08\/rues_eglise1_1910_resultat-1024x660-640x480.jpg\" data-envira-src=\"https:\/\/histoiredeprecy.com\/wp-content\/uploads\/2024\/08\/rues_eglise1_1910_resultat-1024x660-640x480.jpg\" data-envira-gallery-id=\"977\" data-envira-item-id=\"978\" data-envira-caption=\"La rue de l&amp;#039;&eacute;glise &agrave; Pr&eacute;cy sur Oise\" alt=\"La rue de l&#039;\u00e9glise \u00e0 Pr\u00e9cy sur Oise\" title=\"La rue de l&#039;\u00e9glise \u00e0 Pr\u00e9cy sur Oise\"  itemprop=\"thumbnailUrl\" data-envira-srcset=\"https:\/\/histoiredeprecy.com\/wp-content\/uploads\/2024\/08\/rues_eglise1_1910_resultat-1024x660-640x480.jpg 400w,https:\/\/histoiredeprecy.com\/wp-content\/uploads\/2024\/08\/rues_eglise1_1910_resultat-1024x660-640x480.jpg 2x\" data-envira-width=\"300\" data-envira-height=\"193\" srcset=\"data:image\/gif;base64,R0lGODlhAQABAIAAAP\/\/\/\/\/\/\/yH5BAEKAAEALAAAAAABAAEAAAICTAEAOw==\" data-safe-src=\"data:image\/gif;base64,R0lGODlhAQABAIAAAP\/\/\/\/\/\/\/yH5BAEKAAEALAAAAAABAAEAAAICTAEAOw==\" \/><\/a><\/div><\/div><div id=\"envira-gallery-item-979\" class=\"envira-gallery-item enviratope-item envira-gallery-item-2 envira-lazy-load\" style=\"padding-left: 1px; padding-bottom: 1px; padding-right: 1px;\"  itemscope itemtype=\"https:\/\/schema.org\/ImageObject\"><div class=\"envira-gallery-item-inner\"><div class=\"envira-gallery-position-overlay  envira-gallery-top-left\"><\/div><div class=\"envira-gallery-position-overlay  envira-gallery-top-right\"><\/div><div class=\"envira-gallery-position-overlay  envira-gallery-bottom-left\"><\/div><div class=\"envira-gallery-position-overlay  envira-gallery-bottom-right\"><\/div><a href=\"http:\/\/delamarre.net\/wpprecy\/wp-content\/uploads\/2024\/08\/rues_eglise2_resultat.jpg\" class=\"envira-gallery-link\" rel=\"enviragallery977\" title=\"La rue de l&amp;#039;&eacute;glise &agrave; Pr&eacute;cy sur Oise\" data-envira-caption=\"La rue de l&amp;#039;&eacute;glise &agrave; Pr&eacute;cy sur Oise\" data-envira-retina=\"\" data-thumbnail=\"\" target=\"_blank\"  itemprop=\"contentUrl\"><img decoding=\"async\" id=\"envira-gallery-image-979\" class=\"envira-gallery-image envira-gallery-image-2 envira-normal envira-lazy\" data-envira-index=\"2\" src=\"https:\/\/histoiredeprecy.com\/wp-content\/uploads\/2024\/08\/rues_eglise2_resultat-1024x730-640x480.jpg\" data-envira-src=\"https:\/\/histoiredeprecy.com\/wp-content\/uploads\/2024\/08\/rues_eglise2_resultat-1024x730-640x480.jpg\" data-envira-gallery-id=\"977\" data-envira-item-id=\"979\" data-envira-caption=\"La rue de l&amp;#039;&eacute;glise &agrave; Pr&eacute;cy sur Oise\" alt=\"La rue de l&#039;\u00e9glise \u00e0 Pr\u00e9cy sur Oise\" title=\"La rue de l&#039;\u00e9glise \u00e0 Pr\u00e9cy sur Oise\"  itemprop=\"thumbnailUrl\" data-envira-srcset=\"https:\/\/histoiredeprecy.com\/wp-content\/uploads\/2024\/08\/rues_eglise2_resultat-1024x730-640x480.jpg 400w,https:\/\/histoiredeprecy.com\/wp-content\/uploads\/2024\/08\/rues_eglise2_resultat-1024x730-640x480.jpg 2x\" data-envira-width=\"300\" data-envira-height=\"214\" srcset=\"data:image\/gif;base64,R0lGODlhAQABAIAAAP\/\/\/\/\/\/\/yH5BAEKAAEALAAAAAABAAEAAAICTAEAOw==\" data-safe-src=\"data:image\/gif;base64,R0lGODlhAQABAIAAAP\/\/\/\/\/\/\/yH5BAEKAAEALAAAAAABAAEAAAICTAEAOw==\" \/><\/a><\/div><\/div><div id=\"envira-gallery-item-980\" class=\"envira-gallery-item enviratope-item envira-gallery-item-3 envira-lazy-load\" style=\"padding-left: 1px; padding-bottom: 1px; padding-right: 1px;\"  itemscope itemtype=\"https:\/\/schema.org\/ImageObject\"><div class=\"envira-gallery-item-inner\"><div class=\"envira-gallery-position-overlay  envira-gallery-top-left\"><\/div><div class=\"envira-gallery-position-overlay  envira-gallery-top-right\"><\/div><div class=\"envira-gallery-position-overlay  envira-gallery-bottom-left\"><\/div><div class=\"envira-gallery-position-overlay  envira-gallery-bottom-right\"><\/div><a href=\"http:\/\/delamarre.net\/wpprecy\/wp-content\/uploads\/2024\/08\/rues_eglise3_1905_resultat.jpg\" class=\"envira-gallery-link\" rel=\"enviragallery977\" title=\"La rue de l&amp;#039;&eacute;glise &agrave; Pr&eacute;cy sur Oise\" data-envira-caption=\"La rue de l&amp;#039;&eacute;glise &agrave; Pr&eacute;cy sur Oise\" data-envira-retina=\"\" data-thumbnail=\"\" target=\"_blank\"  itemprop=\"contentUrl\"><img decoding=\"async\" id=\"envira-gallery-image-980\" class=\"envira-gallery-image envira-gallery-image-3 envira-normal envira-lazy\" data-envira-index=\"3\" src=\"https:\/\/histoiredeprecy.com\/wp-content\/uploads\/2024\/08\/rues_eglise3_1905_resultat-1024x666-640x480.jpg\" data-envira-src=\"https:\/\/histoiredeprecy.com\/wp-content\/uploads\/2024\/08\/rues_eglise3_1905_resultat-1024x666-640x480.jpg\" data-envira-gallery-id=\"977\" data-envira-item-id=\"980\" data-envira-caption=\"La rue de l&amp;#039;&eacute;glise &agrave; Pr&eacute;cy sur Oise\" alt=\"La rue de l&#039;\u00e9glise \u00e0 Pr\u00e9cy sur Oise\" title=\"La rue de l&#039;\u00e9glise \u00e0 Pr\u00e9cy sur Oise\"  itemprop=\"thumbnailUrl\" data-envira-srcset=\"https:\/\/histoiredeprecy.com\/wp-content\/uploads\/2024\/08\/rues_eglise3_1905_resultat-1024x666-640x480.jpg 400w,https:\/\/histoiredeprecy.com\/wp-content\/uploads\/2024\/08\/rues_eglise3_1905_resultat-1024x666-640x480.jpg 2x\" data-envira-width=\"300\" data-envira-height=\"195\" srcset=\"data:image\/gif;base64,R0lGODlhAQABAIAAAP\/\/\/\/\/\/\/yH5BAEKAAEALAAAAAABAAEAAAICTAEAOw==\" data-safe-src=\"data:image\/gif;base64,R0lGODlhAQABAIAAAP\/\/\/\/\/\/\/yH5BAEKAAEALAAAAAABAAEAAAICTAEAOw==\" \/><\/a><\/div><\/div><div id=\"envira-gallery-item-981\" class=\"envira-gallery-item enviratope-item envira-gallery-item-4 envira-lazy-load\" style=\"padding-left: 1px; padding-bottom: 1px; padding-right: 1px;\"  itemscope itemtype=\"https:\/\/schema.org\/ImageObject\"><div class=\"envira-gallery-item-inner\"><div class=\"envira-gallery-position-overlay  envira-gallery-top-left\"><\/div><div class=\"envira-gallery-position-overlay  envira-gallery-top-right\"><\/div><div class=\"envira-gallery-position-overlay  envira-gallery-bottom-left\"><\/div><div class=\"envira-gallery-position-overlay  envira-gallery-bottom-right\"><\/div><a href=\"http:\/\/delamarre.net\/wpprecy\/wp-content\/uploads\/2024\/08\/rues_place_eglise1_resultat.jpg\" class=\"envira-gallery-link\" rel=\"enviragallery977\" title=\"La place de l&amp;#039;&eacute;glise &agrave; Pr&eacute;cy sur Oise\" data-envira-caption=\"La place de l&amp;#039;&eacute;glise &agrave; Pr&eacute;cy sur Oise\" data-envira-retina=\"\" data-thumbnail=\"\" target=\"_blank\"  itemprop=\"contentUrl\"><img decoding=\"async\" id=\"envira-gallery-image-981\" class=\"envira-gallery-image envira-gallery-image-4 envira-normal envira-lazy\" data-envira-index=\"4\" src=\"https:\/\/histoiredeprecy.com\/wp-content\/uploads\/2024\/08\/rues_place_eglise1_resultat-1024x656-640x480.jpg\" data-envira-src=\"https:\/\/histoiredeprecy.com\/wp-content\/uploads\/2024\/08\/rues_place_eglise1_resultat-1024x656-640x480.jpg\" data-envira-gallery-id=\"977\" data-envira-item-id=\"981\" data-envira-caption=\"La place de l&amp;#039;&eacute;glise &agrave; Pr&eacute;cy sur Oise\" alt=\"La place de l&#039;\u00e9glise \u00e0 Pr\u00e9cy sur Oise\" title=\"La place de l&#039;\u00e9glise \u00e0 Pr\u00e9cy sur Oise\"  itemprop=\"thumbnailUrl\" data-envira-srcset=\"https:\/\/histoiredeprecy.com\/wp-content\/uploads\/2024\/08\/rues_place_eglise1_resultat-1024x656-640x480.jpg 400w,https:\/\/histoiredeprecy.com\/wp-content\/uploads\/2024\/08\/rues_place_eglise1_resultat-1024x656-640x480.jpg 2x\" data-envira-width=\"300\" data-envira-height=\"192\" srcset=\"data:image\/gif;base64,R0lGODlhAQABAIAAAP\/\/\/\/\/\/\/yH5BAEKAAEALAAAAAABAAEAAAICTAEAOw==\" data-safe-src=\"data:image\/gif;base64,R0lGODlhAQABAIAAAP\/\/\/\/\/\/\/yH5BAEKAAEALAAAAAABAAEAAAICTAEAOw==\" \/><\/a><\/div><\/div><div id=\"envira-gallery-item-982\" class=\"envira-gallery-item enviratope-item envira-gallery-item-5 envira-lazy-load\" style=\"padding-left: 1px; padding-bottom: 1px; padding-right: 1px;\"  itemscope itemtype=\"https:\/\/schema.org\/ImageObject\"><div class=\"envira-gallery-item-inner\"><div class=\"envira-gallery-position-overlay  envira-gallery-top-left\"><\/div><div class=\"envira-gallery-position-overlay  envira-gallery-top-right\"><\/div><div class=\"envira-gallery-position-overlay  envira-gallery-bottom-left\"><\/div><div class=\"envira-gallery-position-overlay  envira-gallery-bottom-right\"><\/div><a href=\"http:\/\/delamarre.net\/wpprecy\/wp-content\/uploads\/2024\/08\/rues_place_eglise2_1917_resultat.jpg\" class=\"envira-gallery-link\" rel=\"enviragallery977\" title=\"La place de l&amp;#039;&eacute;glise &agrave; Pr&eacute;cy sur Oise\" data-envira-caption=\"La place de l&amp;#039;&eacute;glise &agrave; Pr&eacute;cy sur Oise\" data-envira-retina=\"\" data-thumbnail=\"\" target=\"_blank\"  itemprop=\"contentUrl\"><img decoding=\"async\" id=\"envira-gallery-image-982\" class=\"envira-gallery-image envira-gallery-image-5 envira-normal envira-lazy\" data-envira-index=\"5\" src=\"https:\/\/histoiredeprecy.com\/wp-content\/uploads\/2024\/08\/rues_place_eglise2_1917_resultat-1024x664-640x480.jpg\" data-envira-src=\"https:\/\/histoiredeprecy.com\/wp-content\/uploads\/2024\/08\/rues_place_eglise2_1917_resultat-1024x664-640x480.jpg\" data-envira-gallery-id=\"977\" data-envira-item-id=\"982\" data-envira-caption=\"La place de l&amp;#039;&eacute;glise &agrave; Pr&eacute;cy sur Oise\" alt=\"La place de l&#039;\u00e9glise \u00e0 Pr\u00e9cy sur Oise\" title=\"La place de l&#039;\u00e9glise \u00e0 Pr\u00e9cy sur Oise\"  itemprop=\"thumbnailUrl\" data-envira-srcset=\"https:\/\/histoiredeprecy.com\/wp-content\/uploads\/2024\/08\/rues_place_eglise2_1917_resultat-1024x664-640x480.jpg 400w,https:\/\/histoiredeprecy.com\/wp-content\/uploads\/2024\/08\/rues_place_eglise2_1917_resultat-1024x664-640x480.jpg 2x\" data-envira-width=\"300\" data-envira-height=\"195\" srcset=\"data:image\/gif;base64,R0lGODlhAQABAIAAAP\/\/\/\/\/\/\/yH5BAEKAAEALAAAAAABAAEAAAICTAEAOw==\" data-safe-src=\"data:image\/gif;base64,R0lGODlhAQABAIAAAP\/\/\/\/\/\/\/yH5BAEKAAEALAAAAAABAAEAAAICTAEAOw==\" \/><\/a><\/div><\/div><div id=\"envira-gallery-item-983\" class=\"envira-gallery-item enviratope-item envira-gallery-item-6 envira-lazy-load\" style=\"padding-left: 1px; padding-bottom: 1px; padding-right: 1px;\"  itemscope itemtype=\"https:\/\/schema.org\/ImageObject\"><div class=\"envira-gallery-item-inner\"><div class=\"envira-gallery-position-overlay  envira-gallery-top-left\"><\/div><div class=\"envira-gallery-position-overlay  envira-gallery-top-right\"><\/div><div class=\"envira-gallery-position-overlay  envira-gallery-bottom-left\"><\/div><div class=\"envira-gallery-position-overlay  envira-gallery-bottom-right\"><\/div><a href=\"http:\/\/delamarre.net\/wpprecy\/wp-content\/uploads\/2024\/08\/rues_place_eglise3_1918_resultat.jpg\" class=\"envira-gallery-link\" rel=\"enviragallery977\" title=\"La place de l&amp;#039;&eacute;glise &agrave; Pr&eacute;cy sur Oise\" data-envira-caption=\"La place de l&amp;#039;&eacute;glise &agrave; Pr&eacute;cy sur Oise\" data-envira-retina=\"\" data-thumbnail=\"\" target=\"_blank\"  itemprop=\"contentUrl\"><img decoding=\"async\" id=\"envira-gallery-image-983\" class=\"envira-gallery-image envira-gallery-image-6 envira-normal envira-lazy\" data-envira-index=\"6\" src=\"https:\/\/histoiredeprecy.com\/wp-content\/uploads\/2024\/08\/rues_place_eglise3_1918_resultat-1024x664-640x480.jpg\" data-envira-src=\"https:\/\/histoiredeprecy.com\/wp-content\/uploads\/2024\/08\/rues_place_eglise3_1918_resultat-1024x664-640x480.jpg\" data-envira-gallery-id=\"977\" data-envira-item-id=\"983\" data-envira-caption=\"La place de l&amp;#039;&eacute;glise &agrave; Pr&eacute;cy sur Oise\" alt=\"La place de l&#039;\u00e9glise \u00e0 Pr\u00e9cy sur Oise\" title=\"La place de l&#039;\u00e9glise \u00e0 Pr\u00e9cy sur Oise\"  itemprop=\"thumbnailUrl\" data-envira-srcset=\"https:\/\/histoiredeprecy.com\/wp-content\/uploads\/2024\/08\/rues_place_eglise3_1918_resultat-1024x664-640x480.jpg 400w,https:\/\/histoiredeprecy.com\/wp-content\/uploads\/2024\/08\/rues_place_eglise3_1918_resultat-1024x664-640x480.jpg 2x\" data-envira-width=\"300\" data-envira-height=\"195\" srcset=\"data:image\/gif;base64,R0lGODlhAQABAIAAAP\/\/\/\/\/\/\/yH5BAEKAAEALAAAAAABAAEAAAICTAEAOw==\" data-safe-src=\"data:image\/gif;base64,R0lGODlhAQABAIAAAP\/\/\/\/\/\/\/yH5BAEKAAEALAAAAAABAAEAAAICTAEAOw==\" \/><\/a><\/div><\/div><div id=\"envira-gallery-item-984\" class=\"envira-gallery-item enviratope-item envira-gallery-item-7 envira-lazy-load\" style=\"padding-left: 1px; padding-bottom: 1px; padding-right: 1px;\"  itemscope itemtype=\"https:\/\/schema.org\/ImageObject\"><div class=\"envira-gallery-item-inner\"><div class=\"envira-gallery-position-overlay  envira-gallery-top-left\"><\/div><div class=\"envira-gallery-position-overlay  envira-gallery-top-right\"><\/div><div class=\"envira-gallery-position-overlay  envira-gallery-bottom-left\"><\/div><div class=\"envira-gallery-position-overlay  envira-gallery-bottom-right\"><\/div><a href=\"http:\/\/delamarre.net\/wpprecy\/wp-content\/uploads\/2024\/08\/rues_place_eglise4_resultat.jpg\" class=\"envira-gallery-link\" rel=\"enviragallery977\" title=\"La place de l&amp;#039;&eacute;glise &agrave; Pr&eacute;cy sur Oise\" data-envira-caption=\"La place de l&amp;#039;&eacute;glise &agrave; Pr&eacute;cy sur Oise\" data-envira-retina=\"\" data-thumbnail=\"\" target=\"_blank\"  itemprop=\"contentUrl\"><img decoding=\"async\" id=\"envira-gallery-image-984\" class=\"envira-gallery-image envira-gallery-image-7 envira-normal envira-lazy\" data-envira-index=\"7\" src=\"https:\/\/histoiredeprecy.com\/wp-content\/uploads\/2024\/08\/rues_place_eglise4_resultat-1024x674-640x480.jpg\" data-envira-src=\"https:\/\/histoiredeprecy.com\/wp-content\/uploads\/2024\/08\/rues_place_eglise4_resultat-1024x674-640x480.jpg\" data-envira-gallery-id=\"977\" data-envira-item-id=\"984\" data-envira-caption=\"La place de l&amp;#039;&eacute;glise &agrave; Pr&eacute;cy sur Oise\" alt=\"La place de l&#039;\u00e9glise \u00e0 Pr\u00e9cy sur Oise\" title=\"La place de l&#039;\u00e9glise \u00e0 Pr\u00e9cy sur Oise\"  itemprop=\"thumbnailUrl\" data-envira-srcset=\"https:\/\/histoiredeprecy.com\/wp-content\/uploads\/2024\/08\/rues_place_eglise4_resultat-1024x674-640x480.jpg 400w,https:\/\/histoiredeprecy.com\/wp-content\/uploads\/2024\/08\/rues_place_eglise4_resultat-1024x674-640x480.jpg 2x\" data-envira-width=\"300\" data-envira-height=\"197\" srcset=\"data:image\/gif;base64,R0lGODlhAQABAIAAAP\/\/\/\/\/\/\/yH5BAEKAAEALAAAAAABAAEAAAICTAEAOw==\" data-safe-src=\"data:image\/gif;base64,R0lGODlhAQABAIAAAP\/\/\/\/\/\/\/yH5BAEKAAEALAAAAAABAAEAAAICTAEAOw==\" \/><\/a><\/div><\/div><div id=\"envira-gallery-item-985\" class=\"envira-gallery-item enviratope-item envira-gallery-item-8 envira-lazy-load\" style=\"padding-left: 1px; padding-bottom: 1px; padding-right: 1px;\"  itemscope itemtype=\"https:\/\/schema.org\/ImageObject\"><div class=\"envira-gallery-item-inner\"><div class=\"envira-gallery-position-overlay  envira-gallery-top-left\"><\/div><div class=\"envira-gallery-position-overlay  envira-gallery-top-right\"><\/div><div class=\"envira-gallery-position-overlay  envira-gallery-bottom-left\"><\/div><div class=\"envira-gallery-position-overlay  envira-gallery-bottom-right\"><\/div><a href=\"http:\/\/delamarre.net\/wpprecy\/wp-content\/uploads\/2024\/08\/rues_place_eglise5_1905_resultat.jpg\" class=\"envira-gallery-link\" rel=\"enviragallery977\" title=\"La place de l&amp;#039;&eacute;glise &agrave; Pr&eacute;cy sur Oise\" data-envira-caption=\"La place de l&amp;#039;&eacute;glise &agrave; Pr&eacute;cy sur Oise\" data-envira-retina=\"\" data-thumbnail=\"\" target=\"_blank\"  itemprop=\"contentUrl\"><img decoding=\"async\" id=\"envira-gallery-image-985\" class=\"envira-gallery-image envira-gallery-image-8 envira-normal envira-lazy\" data-envira-index=\"8\" src=\"https:\/\/histoiredeprecy.com\/wp-content\/uploads\/2024\/08\/rues_place_eglise5_1905_resultat-1024x663-640x480.jpg\" data-envira-src=\"https:\/\/histoiredeprecy.com\/wp-content\/uploads\/2024\/08\/rues_place_eglise5_1905_resultat-1024x663-640x480.jpg\" data-envira-gallery-id=\"977\" data-envira-item-id=\"985\" data-envira-caption=\"La place de l&amp;#039;&eacute;glise &agrave; Pr&eacute;cy sur Oise\" alt=\"La place de l&#039;\u00e9glise \u00e0 Pr\u00e9cy sur Oise\" title=\"La place de l&#039;\u00e9glise \u00e0 Pr\u00e9cy sur Oise\"  itemprop=\"thumbnailUrl\" data-envira-srcset=\"https:\/\/histoiredeprecy.com\/wp-content\/uploads\/2024\/08\/rues_place_eglise5_1905_resultat-1024x663-640x480.jpg 400w,https:\/\/histoiredeprecy.com\/wp-content\/uploads\/2024\/08\/rues_place_eglise5_1905_resultat-1024x663-640x480.jpg 2x\" data-envira-width=\"300\" data-envira-height=\"194\" srcset=\"data:image\/gif;base64,R0lGODlhAQABAIAAAP\/\/\/\/\/\/\/yH5BAEKAAEALAAAAAABAAEAAAICTAEAOw==\" data-safe-src=\"data:image\/gif;base64,R0lGODlhAQABAIAAAP\/\/\/\/\/\/\/yH5BAEKAAEALAAAAAABAAEAAAICTAEAOw==\" \/><\/a><\/div><\/div><div id=\"envira-gallery-item-986\" class=\"envira-gallery-item enviratope-item envira-gallery-item-9 envira-lazy-load\" style=\"padding-left: 1px; padding-bottom: 1px; padding-right: 1px;\"  itemscope itemtype=\"https:\/\/schema.org\/ImageObject\"><div class=\"envira-gallery-item-inner\"><div class=\"envira-gallery-position-overlay  envira-gallery-top-left\"><\/div><div class=\"envira-gallery-position-overlay  envira-gallery-top-right\"><\/div><div class=\"envira-gallery-position-overlay  envira-gallery-bottom-left\"><\/div><div class=\"envira-gallery-position-overlay  envira-gallery-bottom-right\"><\/div><a href=\"http:\/\/delamarre.net\/wpprecy\/wp-content\/uploads\/2024\/08\/rues_place_eglise6_1935_resultat.jpg\" class=\"envira-gallery-link\" rel=\"enviragallery977\" title=\"La place de l&amp;#039;&eacute;glise &agrave; Pr&eacute;cy sur Oise\" data-envira-caption=\"La place de l&amp;#039;&eacute;glise &agrave; Pr&eacute;cy sur Oise\" data-envira-retina=\"\" data-thumbnail=\"\" target=\"_blank\"  itemprop=\"contentUrl\"><img decoding=\"async\" id=\"envira-gallery-image-986\" class=\"envira-gallery-image envira-gallery-image-9 envira-normal envira-lazy\" data-envira-index=\"9\" src=\"https:\/\/histoiredeprecy.com\/wp-content\/uploads\/2024\/08\/rues_place_eglise6_1935_resultat-1024x660-640x480.jpg\" data-envira-src=\"https:\/\/histoiredeprecy.com\/wp-content\/uploads\/2024\/08\/rues_place_eglise6_1935_resultat-1024x660-640x480.jpg\" data-envira-gallery-id=\"977\" data-envira-item-id=\"986\" data-envira-caption=\"La place de l&amp;#039;&eacute;glise &agrave; Pr&eacute;cy sur Oise\" alt=\"La place de l&#039;\u00e9glise \u00e0 Pr\u00e9cy sur Oise\" title=\"La place de l&#039;\u00e9glise \u00e0 Pr\u00e9cy sur Oise\"  itemprop=\"thumbnailUrl\" data-envira-srcset=\"https:\/\/histoiredeprecy.com\/wp-content\/uploads\/2024\/08\/rues_place_eglise6_1935_resultat-1024x660-640x480.jpg 400w,https:\/\/histoiredeprecy.com\/wp-content\/uploads\/2024\/08\/rues_place_eglise6_1935_resultat-1024x660-640x480.jpg 2x\" data-envira-width=\"300\" data-envira-height=\"193\" srcset=\"data:image\/gif;base64,R0lGODlhAQABAIAAAP\/\/\/\/\/\/\/yH5BAEKAAEALAAAAAABAAEAAAICTAEAOw==\" data-safe-src=\"data:image\/gif;base64,R0lGODlhAQABAIAAAP\/\/\/\/\/\/\/yH5BAEKAAEALAAAAAABAAEAAAICTAEAOw==\" \/><\/a><\/div><\/div><div id=\"envira-gallery-item-987\" class=\"envira-gallery-item enviratope-item envira-gallery-item-10 envira-lazy-load\" style=\"padding-left: 1px; padding-bottom: 1px; padding-right: 1px;\"  itemscope itemtype=\"https:\/\/schema.org\/ImageObject\"><div class=\"envira-gallery-item-inner\"><div class=\"envira-gallery-position-overlay  envira-gallery-top-left\"><\/div><div class=\"envira-gallery-position-overlay  envira-gallery-top-right\"><\/div><div class=\"envira-gallery-position-overlay  envira-gallery-bottom-left\"><\/div><div class=\"envira-gallery-position-overlay  envira-gallery-bottom-right\"><\/div><a href=\"http:\/\/delamarre.net\/wpprecy\/wp-content\/uploads\/2024\/08\/rues_place_eglise7_1906_resultat.jpg\" class=\"envira-gallery-link\" rel=\"enviragallery977\" title=\"La place de l&amp;#039;&eacute;glise &agrave; Pr&eacute;cy sur Oise\" data-envira-caption=\"La place de l&amp;#039;&eacute;glise &agrave; Pr&eacute;cy sur Oise\" data-envira-retina=\"\" data-thumbnail=\"\" target=\"_blank\"  itemprop=\"contentUrl\"><img decoding=\"async\" id=\"envira-gallery-image-987\" class=\"envira-gallery-image envira-gallery-image-10 envira-normal envira-lazy\" data-envira-index=\"10\" src=\"https:\/\/histoiredeprecy.com\/wp-content\/uploads\/2024\/08\/rues_place_eglise7_1906_resultat-1024x665-640x480.jpg\" data-envira-src=\"https:\/\/histoiredeprecy.com\/wp-content\/uploads\/2024\/08\/rues_place_eglise7_1906_resultat-1024x665-640x480.jpg\" data-envira-gallery-id=\"977\" data-envira-item-id=\"987\" data-envira-caption=\"La place de l&amp;#039;&eacute;glise &agrave; Pr&eacute;cy sur Oise\" alt=\"La place de l&#039;\u00e9glise \u00e0 Pr\u00e9cy sur Oise\" title=\"La place de l&#039;\u00e9glise \u00e0 Pr\u00e9cy sur Oise\"  itemprop=\"thumbnailUrl\" data-envira-srcset=\"https:\/\/histoiredeprecy.com\/wp-content\/uploads\/2024\/08\/rues_place_eglise7_1906_resultat-1024x665-640x480.jpg 400w,https:\/\/histoiredeprecy.com\/wp-content\/uploads\/2024\/08\/rues_place_eglise7_1906_resultat-1024x665-640x480.jpg 2x\" data-envira-width=\"300\" data-envira-height=\"195\" srcset=\"data:image\/gif;base64,R0lGODlhAQABAIAAAP\/\/\/\/\/\/\/yH5BAEKAAEALAAAAAABAAEAAAICTAEAOw==\" data-safe-src=\"data:image\/gif;base64,R0lGODlhAQABAIAAAP\/\/\/\/\/\/\/yH5BAEKAAEALAAAAAABAAEAAAICTAEAOw==\" \/><\/a><\/div><\/div><div id=\"envira-gallery-item-988\" class=\"envira-gallery-item enviratope-item envira-gallery-item-11 envira-lazy-load\" style=\"padding-left: 1px; padding-bottom: 1px; padding-right: 1px;\"  itemscope itemtype=\"https:\/\/schema.org\/ImageObject\"><div class=\"envira-gallery-item-inner\"><div class=\"envira-gallery-position-overlay  envira-gallery-top-left\"><\/div><div class=\"envira-gallery-position-overlay  envira-gallery-top-right\"><\/div><div class=\"envira-gallery-position-overlay  envira-gallery-bottom-left\"><\/div><div class=\"envira-gallery-position-overlay  envira-gallery-bottom-right\"><\/div><a href=\"http:\/\/delamarre.net\/wpprecy\/wp-content\/uploads\/2024\/08\/rues_place_eglise8_resultat.jpg\" class=\"envira-gallery-link\" rel=\"enviragallery977\" title=\"La place de l&amp;#039;&eacute;glise &agrave; Pr&eacute;cy sur Oise\" data-envira-caption=\"La place de l&amp;#039;&eacute;glise &agrave; Pr&eacute;cy sur Oise\" data-envira-retina=\"\" data-thumbnail=\"\" target=\"_blank\"  itemprop=\"contentUrl\"><img decoding=\"async\" id=\"envira-gallery-image-988\" class=\"envira-gallery-image envira-gallery-image-11 envira-normal envira-lazy\" data-envira-index=\"11\" src=\"https:\/\/histoiredeprecy.com\/wp-content\/uploads\/2024\/08\/rues_place_eglise8_resultat-1024x664-640x480.jpg\" data-envira-src=\"https:\/\/histoiredeprecy.com\/wp-content\/uploads\/2024\/08\/rues_place_eglise8_resultat-1024x664-640x480.jpg\" data-envira-gallery-id=\"977\" data-envira-item-id=\"988\" data-envira-caption=\"La place de l&amp;#039;&eacute;glise &agrave; Pr&eacute;cy sur Oise\" alt=\"La place de l&#039;\u00e9glise \u00e0 Pr\u00e9cy sur Oise\" title=\"La place de l&#039;\u00e9glise \u00e0 Pr\u00e9cy sur Oise\"  itemprop=\"thumbnailUrl\" data-envira-srcset=\"https:\/\/histoiredeprecy.com\/wp-content\/uploads\/2024\/08\/rues_place_eglise8_resultat-1024x664-640x480.jpg 400w,https:\/\/histoiredeprecy.com\/wp-content\/uploads\/2024\/08\/rues_place_eglise8_resultat-1024x664-640x480.jpg 2x\" data-envira-width=\"300\" data-envira-height=\"194\" srcset=\"data:image\/gif;base64,R0lGODlhAQABAIAAAP\/\/\/\/\/\/\/yH5BAEKAAEALAAAAAABAAEAAAICTAEAOw==\" data-safe-src=\"data:image\/gif;base64,R0lGODlhAQABAIAAAP\/\/\/\/\/\/\/yH5BAEKAAEALAAAAAABAAEAAAICTAEAOw==\" \/><\/a><\/div><\/div><div id=\"envira-gallery-item-989\" class=\"envira-gallery-item enviratope-item envira-gallery-item-12 envira-lazy-load\" style=\"padding-left: 1px; padding-bottom: 1px; padding-right: 1px;\"  itemscope itemtype=\"https:\/\/schema.org\/ImageObject\"><div class=\"envira-gallery-item-inner\"><div class=\"envira-gallery-position-overlay  envira-gallery-top-left\"><\/div><div class=\"envira-gallery-position-overlay  envira-gallery-top-right\"><\/div><div class=\"envira-gallery-position-overlay  envira-gallery-bottom-left\"><\/div><div class=\"envira-gallery-position-overlay  envira-gallery-bottom-right\"><\/div><a href=\"http:\/\/delamarre.net\/wpprecy\/wp-content\/uploads\/2024\/08\/rues_place_eglise9_1914_resultat.jpg\" class=\"envira-gallery-link\" rel=\"enviragallery977\" title=\"La place de l&amp;#039;&eacute;glise &agrave; Pr&eacute;cy sur Oise\" data-envira-caption=\"La place de l&amp;#039;&eacute;glise &agrave; Pr&eacute;cy sur Oise\" data-envira-retina=\"\" data-thumbnail=\"\" target=\"_blank\"  itemprop=\"contentUrl\"><img decoding=\"async\" id=\"envira-gallery-image-989\" class=\"envira-gallery-image envira-gallery-image-12 envira-normal envira-lazy\" data-envira-index=\"12\" src=\"https:\/\/histoiredeprecy.com\/wp-content\/uploads\/2024\/08\/rues_place_eglise9_1914_resultat-1024x672-640x480.jpg\" data-envira-src=\"https:\/\/histoiredeprecy.com\/wp-content\/uploads\/2024\/08\/rues_place_eglise9_1914_resultat-1024x672-640x480.jpg\" data-envira-gallery-id=\"977\" data-envira-item-id=\"989\" data-envira-caption=\"La place de l&amp;#039;&eacute;glise &agrave; Pr&eacute;cy sur Oise\" alt=\"La place de l&#039;\u00e9glise \u00e0 Pr\u00e9cy sur Oise\" title=\"La place de l&#039;\u00e9glise \u00e0 Pr\u00e9cy sur Oise\"  itemprop=\"thumbnailUrl\" data-envira-srcset=\"https:\/\/histoiredeprecy.com\/wp-content\/uploads\/2024\/08\/rues_place_eglise9_1914_resultat-1024x672-640x480.jpg 400w,https:\/\/histoiredeprecy.com\/wp-content\/uploads\/2024\/08\/rues_place_eglise9_1914_resultat-1024x672-640x480.jpg 2x\" data-envira-width=\"300\" data-envira-height=\"197\" srcset=\"data:image\/gif;base64,R0lGODlhAQABAIAAAP\/\/\/\/\/\/\/yH5BAEKAAEALAAAAAABAAEAAAICTAEAOw==\" data-safe-src=\"data:image\/gif;base64,R0lGODlhAQABAIAAAP\/\/\/\/\/\/\/yH5BAEKAAEALAAAAAABAAEAAAICTAEAOw==\" \/><\/a><\/div><\/div><div id=\"envira-gallery-item-990\" class=\"envira-gallery-item enviratope-item envira-gallery-item-13 envira-lazy-load\" style=\"padding-left: 1px; padding-bottom: 1px; padding-right: 1px;\"  itemscope itemtype=\"https:\/\/schema.org\/ImageObject\"><div class=\"envira-gallery-item-inner\"><div class=\"envira-gallery-position-overlay  envira-gallery-top-left\"><\/div><div class=\"envira-gallery-position-overlay  envira-gallery-top-right\"><\/div><div class=\"envira-gallery-position-overlay  envira-gallery-bottom-left\"><\/div><div class=\"envira-gallery-position-overlay  envira-gallery-bottom-right\"><\/div><a href=\"http:\/\/delamarre.net\/wpprecy\/wp-content\/uploads\/2024\/08\/rues_place_eglise10_1905_resultat.jpg\" class=\"envira-gallery-link\" rel=\"enviragallery977\" title=\"La place de l&amp;#039;&eacute;glise &agrave; Pr&eacute;cy sur Oise\" data-envira-caption=\"La place de l&amp;#039;&eacute;glise &agrave; Pr&eacute;cy sur Oise\" data-envira-retina=\"\" data-thumbnail=\"\" target=\"_blank\"  itemprop=\"contentUrl\"><img decoding=\"async\" id=\"envira-gallery-image-990\" class=\"envira-gallery-image envira-gallery-image-13 envira-normal envira-lazy\" data-envira-index=\"13\" src=\"https:\/\/histoiredeprecy.com\/wp-content\/uploads\/2024\/08\/rues_place_eglise10_1905_resultat-1024x659-640x480.jpg\" data-envira-src=\"https:\/\/histoiredeprecy.com\/wp-content\/uploads\/2024\/08\/rues_place_eglise10_1905_resultat-1024x659-640x480.jpg\" data-envira-gallery-id=\"977\" data-envira-item-id=\"990\" data-envira-caption=\"La place de l&amp;#039;&eacute;glise &agrave; Pr&eacute;cy sur Oise\" alt=\"La place de l&#039;\u00e9glise \u00e0 Pr\u00e9cy sur Oise\" title=\"La place de l&#039;\u00e9glise \u00e0 Pr\u00e9cy sur Oise\"  itemprop=\"thumbnailUrl\" data-envira-srcset=\"https:\/\/histoiredeprecy.com\/wp-content\/uploads\/2024\/08\/rues_place_eglise10_1905_resultat-1024x659-640x480.jpg 400w,https:\/\/histoiredeprecy.com\/wp-content\/uploads\/2024\/08\/rues_place_eglise10_1905_resultat-1024x659-640x480.jpg 2x\" data-envira-width=\"300\" data-envira-height=\"193\" srcset=\"data:image\/gif;base64,R0lGODlhAQABAIAAAP\/\/\/\/\/\/\/yH5BAEKAAEALAAAAAABAAEAAAICTAEAOw==\" data-safe-src=\"data:image\/gif;base64,R0lGODlhAQABAIAAAP\/\/\/\/\/\/\/yH5BAEKAAEALAAAAAABAAEAAAICTAEAOw==\" \/><\/a><\/div><\/div><div id=\"envira-gallery-item-991\" class=\"envira-gallery-item enviratope-item envira-gallery-item-14 envira-lazy-load\" style=\"padding-left: 1px; padding-bottom: 1px; padding-right: 1px;\"  itemscope itemtype=\"https:\/\/schema.org\/ImageObject\"><div class=\"envira-gallery-item-inner\"><div class=\"envira-gallery-position-overlay  envira-gallery-top-left\"><\/div><div class=\"envira-gallery-position-overlay  envira-gallery-top-right\"><\/div><div class=\"envira-gallery-position-overlay  envira-gallery-bottom-left\"><\/div><div class=\"envira-gallery-position-overlay  envira-gallery-bottom-right\"><\/div><a href=\"http:\/\/delamarre.net\/wpprecy\/wp-content\/uploads\/2024\/08\/rues_place_eglise11_1912_resultat.jpg\" class=\"envira-gallery-link\" rel=\"enviragallery977\" title=\"La place de l&amp;#039;&eacute;glise &agrave; Pr&eacute;cy sur Oise\" data-envira-caption=\"La place de l&amp;#039;&eacute;glise &agrave; Pr&eacute;cy sur Oise\" data-envira-retina=\"\" data-thumbnail=\"\" target=\"_blank\"  itemprop=\"contentUrl\"><img decoding=\"async\" id=\"envira-gallery-image-991\" class=\"envira-gallery-image envira-gallery-image-14 envira-normal envira-lazy\" data-envira-index=\"14\" src=\"https:\/\/histoiredeprecy.com\/wp-content\/uploads\/2024\/08\/rues_place_eglise11_1912_resultat-1024x665-640x480.jpg\" data-envira-src=\"https:\/\/histoiredeprecy.com\/wp-content\/uploads\/2024\/08\/rues_place_eglise11_1912_resultat-1024x665-640x480.jpg\" data-envira-gallery-id=\"977\" data-envira-item-id=\"991\" data-envira-caption=\"La place de l&amp;#039;&eacute;glise &agrave; Pr&eacute;cy sur Oise\" alt=\"La place de l&#039;\u00e9glise \u00e0 Pr\u00e9cy sur Oise\" title=\"La place de l&#039;\u00e9glise \u00e0 Pr\u00e9cy sur Oise\"  itemprop=\"thumbnailUrl\" data-envira-srcset=\"https:\/\/histoiredeprecy.com\/wp-content\/uploads\/2024\/08\/rues_place_eglise11_1912_resultat-1024x665-640x480.jpg 400w,https:\/\/histoiredeprecy.com\/wp-content\/uploads\/2024\/08\/rues_place_eglise11_1912_resultat-1024x665-640x480.jpg 2x\" data-envira-width=\"300\" data-envira-height=\"195\" srcset=\"data:image\/gif;base64,R0lGODlhAQABAIAAAP\/\/\/\/\/\/\/yH5BAEKAAEALAAAAAABAAEAAAICTAEAOw==\" data-safe-src=\"data:image\/gif;base64,R0lGODlhAQABAIAAAP\/\/\/\/\/\/\/yH5BAEKAAEALAAAAAABAAEAAAICTAEAOw==\" \/><\/a><\/div><\/div><div id=\"envira-gallery-item-992\" class=\"envira-gallery-item enviratope-item envira-gallery-item-15 envira-lazy-load\" style=\"padding-left: 1px; padding-bottom: 1px; padding-right: 1px;\"  itemscope itemtype=\"https:\/\/schema.org\/ImageObject\"><div class=\"envira-gallery-item-inner\"><div class=\"envira-gallery-position-overlay  envira-gallery-top-left\"><\/div><div class=\"envira-gallery-position-overlay  envira-gallery-top-right\"><\/div><div class=\"envira-gallery-position-overlay  envira-gallery-bottom-left\"><\/div><div class=\"envira-gallery-position-overlay  envira-gallery-bottom-right\"><\/div><a href=\"http:\/\/delamarre.net\/wpprecy\/wp-content\/uploads\/2024\/08\/rues_place_eglise12_1907_resultat.jpg\" class=\"envira-gallery-link\" rel=\"enviragallery977\" title=\"La place de l&amp;#039;&eacute;glise &agrave; Pr&eacute;cy sur Oise\" data-envira-caption=\"La place de l&amp;#039;&eacute;glise &agrave; Pr&eacute;cy sur Oise\" data-envira-retina=\"\" data-thumbnail=\"\" target=\"_blank\"  itemprop=\"contentUrl\"><img decoding=\"async\" id=\"envira-gallery-image-992\" class=\"envira-gallery-image envira-gallery-image-15 envira-normal envira-lazy\" data-envira-index=\"15\" src=\"https:\/\/histoiredeprecy.com\/wp-content\/uploads\/2024\/08\/rues_place_eglise12_1907_resultat-1024x658-640x480.jpg\" data-envira-src=\"https:\/\/histoiredeprecy.com\/wp-content\/uploads\/2024\/08\/rues_place_eglise12_1907_resultat-1024x658-640x480.jpg\" data-envira-gallery-id=\"977\" data-envira-item-id=\"992\" data-envira-caption=\"La place de l&amp;#039;&eacute;glise &agrave; Pr&eacute;cy sur Oise\" alt=\"La place de l&#039;\u00e9glise \u00e0 Pr\u00e9cy sur Oise\" title=\"La place de l&#039;\u00e9glise \u00e0 Pr\u00e9cy sur Oise\"  itemprop=\"thumbnailUrl\" data-envira-srcset=\"https:\/\/histoiredeprecy.com\/wp-content\/uploads\/2024\/08\/rues_place_eglise12_1907_resultat-1024x658-640x480.jpg 400w,https:\/\/histoiredeprecy.com\/wp-content\/uploads\/2024\/08\/rues_place_eglise12_1907_resultat-1024x658-640x480.jpg 2x\" data-envira-width=\"300\" data-envira-height=\"193\" srcset=\"data:image\/gif;base64,R0lGODlhAQABAIAAAP\/\/\/\/\/\/\/yH5BAEKAAEALAAAAAABAAEAAAICTAEAOw==\" data-safe-src=\"data:image\/gif;base64,R0lGODlhAQABAIAAAP\/\/\/\/\/\/\/yH5BAEKAAEALAAAAAABAAEAAAICTAEAOw==\" \/><\/a><\/div><\/div><div id=\"envira-gallery-item-993\" class=\"envira-gallery-item enviratope-item envira-gallery-item-16 envira-lazy-load\" style=\"padding-left: 1px; padding-bottom: 1px; padding-right: 1px;\"  itemscope itemtype=\"https:\/\/schema.org\/ImageObject\"><div class=\"envira-gallery-item-inner\"><div class=\"envira-gallery-position-overlay  envira-gallery-top-left\"><\/div><div class=\"envira-gallery-position-overlay  envira-gallery-top-right\"><\/div><div class=\"envira-gallery-position-overlay  envira-gallery-bottom-left\"><\/div><div class=\"envira-gallery-position-overlay  envira-gallery-bottom-right\"><\/div><a href=\"http:\/\/delamarre.net\/wpprecy\/wp-content\/uploads\/2024\/08\/rues_place_eglise13_1909_resultat.jpg\" class=\"envira-gallery-link\" rel=\"enviragallery977\" title=\"La place de l&amp;#039;&eacute;glise &agrave; Pr&eacute;cy sur Oise\" data-envira-caption=\"La place de l&amp;#039;&eacute;glise &agrave; Pr&eacute;cy sur Oise\" data-envira-retina=\"\" data-thumbnail=\"\" target=\"_blank\"  itemprop=\"contentUrl\"><img decoding=\"async\" id=\"envira-gallery-image-993\" class=\"envira-gallery-image envira-gallery-image-16 envira-normal envira-lazy\" data-envira-index=\"16\" src=\"https:\/\/histoiredeprecy.com\/wp-content\/uploads\/2024\/08\/rues_place_eglise13_1909_resultat-1024x658-640x480.jpg\" data-envira-src=\"https:\/\/histoiredeprecy.com\/wp-content\/uploads\/2024\/08\/rues_place_eglise13_1909_resultat-1024x658-640x480.jpg\" data-envira-gallery-id=\"977\" data-envira-item-id=\"993\" data-envira-caption=\"La place de l&amp;#039;&eacute;glise &agrave; Pr&eacute;cy sur Oise\" alt=\"La place de l&#039;\u00e9glise \u00e0 Pr\u00e9cy sur Oise\" title=\"La place de l&#039;\u00e9glise \u00e0 Pr\u00e9cy sur Oise\"  itemprop=\"thumbnailUrl\" data-envira-srcset=\"https:\/\/histoiredeprecy.com\/wp-content\/uploads\/2024\/08\/rues_place_eglise13_1909_resultat-1024x658-640x480.jpg 400w,https:\/\/histoiredeprecy.com\/wp-content\/uploads\/2024\/08\/rues_place_eglise13_1909_resultat-1024x658-640x480.jpg 2x\" data-envira-width=\"300\" data-envira-height=\"193\" srcset=\"data:image\/gif;base64,R0lGODlhAQABAIAAAP\/\/\/\/\/\/\/yH5BAEKAAEALAAAAAABAAEAAAICTAEAOw==\" data-safe-src=\"data:image\/gif;base64,R0lGODlhAQABAIAAAP\/\/\/\/\/\/\/yH5BAEKAAEALAAAAAABAAEAAAICTAEAOw==\" \/><\/a><\/div><\/div><div id=\"envira-gallery-item-994\" class=\"envira-gallery-item enviratope-item envira-gallery-item-17 envira-lazy-load\" style=\"padding-left: 1px; padding-bottom: 1px; padding-right: 1px;\"  itemscope itemtype=\"https:\/\/schema.org\/ImageObject\"><div class=\"envira-gallery-item-inner\"><div class=\"envira-gallery-position-overlay  envira-gallery-top-left\"><\/div><div class=\"envira-gallery-position-overlay  envira-gallery-top-right\"><\/div><div class=\"envira-gallery-position-overlay  envira-gallery-bottom-left\"><\/div><div class=\"envira-gallery-position-overlay  envira-gallery-bottom-right\"><\/div><a href=\"http:\/\/delamarre.net\/wpprecy\/wp-content\/uploads\/2024\/08\/rues_place_eglise14_resultat.jpg\" class=\"envira-gallery-link\" rel=\"enviragallery977\" title=\"La place de l&amp;#039;&eacute;glise &agrave; Pr&eacute;cy sur Oise\" data-envira-caption=\"La place de l&amp;#039;&eacute;glise &agrave; Pr&eacute;cy sur Oise\" data-envira-retina=\"\" data-thumbnail=\"\" target=\"_blank\"  itemprop=\"contentUrl\"><img decoding=\"async\" id=\"envira-gallery-image-994\" class=\"envira-gallery-image envira-gallery-image-17 envira-normal envira-lazy\" data-envira-index=\"17\" src=\"https:\/\/histoiredeprecy.com\/wp-content\/uploads\/2024\/08\/rues_place_eglise14_resultat-1024x662-640x480.jpg\" data-envira-src=\"https:\/\/histoiredeprecy.com\/wp-content\/uploads\/2024\/08\/rues_place_eglise14_resultat-1024x662-640x480.jpg\" data-envira-gallery-id=\"977\" data-envira-item-id=\"994\" data-envira-caption=\"La place de l&amp;#039;&eacute;glise &agrave; Pr&eacute;cy sur Oise\" alt=\"La place de l&#039;\u00e9glise \u00e0 Pr\u00e9cy sur Oise\" title=\"La place de l&#039;\u00e9glise \u00e0 Pr\u00e9cy sur Oise\"  itemprop=\"thumbnailUrl\" data-envira-srcset=\"https:\/\/histoiredeprecy.com\/wp-content\/uploads\/2024\/08\/rues_place_eglise14_resultat-1024x662-640x480.jpg 400w,https:\/\/histoiredeprecy.com\/wp-content\/uploads\/2024\/08\/rues_place_eglise14_resultat-1024x662-640x480.jpg 2x\" data-envira-width=\"300\" data-envira-height=\"194\" srcset=\"data:image\/gif;base64,R0lGODlhAQABAIAAAP\/\/\/\/\/\/\/yH5BAEKAAEALAAAAAABAAEAAAICTAEAOw==\" data-safe-src=\"data:image\/gif;base64,R0lGODlhAQABAIAAAP\/\/\/\/\/\/\/yH5BAEKAAEALAAAAAABAAEAAAICTAEAOw==\" \/><\/a><\/div><\/div><div id=\"envira-gallery-item-995\" class=\"envira-gallery-item enviratope-item envira-gallery-item-18 envira-lazy-load\" style=\"padding-left: 1px; padding-bottom: 1px; padding-right: 1px;\"  itemscope itemtype=\"https:\/\/schema.org\/ImageObject\"><div class=\"envira-gallery-item-inner\"><div class=\"envira-gallery-position-overlay  envira-gallery-top-left\"><\/div><div class=\"envira-gallery-position-overlay  envira-gallery-top-right\"><\/div><div class=\"envira-gallery-position-overlay  envira-gallery-bottom-left\"><\/div><div class=\"envira-gallery-position-overlay  envira-gallery-bottom-right\"><\/div><a href=\"http:\/\/delamarre.net\/wpprecy\/wp-content\/uploads\/2024\/08\/rues_place_eglise15_1916_resultat.jpg\" class=\"envira-gallery-link\" rel=\"enviragallery977\" title=\"La place de l&amp;#039;&eacute;glise &agrave; Pr&eacute;cy sur Oise\" data-envira-caption=\"La place de l&amp;#039;&eacute;glise &agrave; Pr&eacute;cy sur Oise\" data-envira-retina=\"\" data-thumbnail=\"\" target=\"_blank\"  itemprop=\"contentUrl\"><img decoding=\"async\" id=\"envira-gallery-image-995\" class=\"envira-gallery-image envira-gallery-image-18 envira-normal envira-lazy\" data-envira-index=\"18\" src=\"https:\/\/histoiredeprecy.com\/wp-content\/uploads\/2024\/08\/rues_place_eglise15_1916_resultat-1024x673-640x480.jpg\" data-envira-src=\"https:\/\/histoiredeprecy.com\/wp-content\/uploads\/2024\/08\/rues_place_eglise15_1916_resultat-1024x673-640x480.jpg\" data-envira-gallery-id=\"977\" data-envira-item-id=\"995\" data-envira-caption=\"La place de l&amp;#039;&eacute;glise &agrave; Pr&eacute;cy sur Oise\" alt=\"La place de l&#039;\u00e9glise \u00e0 Pr\u00e9cy sur Oise\" title=\"La place de l&#039;\u00e9glise \u00e0 Pr\u00e9cy sur Oise\"  itemprop=\"thumbnailUrl\" data-envira-srcset=\"https:\/\/histoiredeprecy.com\/wp-content\/uploads\/2024\/08\/rues_place_eglise15_1916_resultat-1024x673-640x480.jpg 400w,https:\/\/histoiredeprecy.com\/wp-content\/uploads\/2024\/08\/rues_place_eglise15_1916_resultat-1024x673-640x480.jpg 2x\" data-envira-width=\"300\" data-envira-height=\"197\" srcset=\"data:image\/gif;base64,R0lGODlhAQABAIAAAP\/\/\/\/\/\/\/yH5BAEKAAEALAAAAAABAAEAAAICTAEAOw==\" data-safe-src=\"data:image\/gif;base64,R0lGODlhAQABAIAAAP\/\/\/\/\/\/\/yH5BAEKAAEALAAAAAABAAEAAAICTAEAOw==\" \/><\/a><\/div><\/div><div id=\"envira-gallery-item-996\" class=\"envira-gallery-item enviratope-item envira-gallery-item-19 envira-lazy-load\" style=\"padding-left: 1px; padding-bottom: 1px; padding-right: 1px;\"  itemscope itemtype=\"https:\/\/schema.org\/ImageObject\"><div class=\"envira-gallery-item-inner\"><div class=\"envira-gallery-position-overlay  envira-gallery-top-left\"><\/div><div class=\"envira-gallery-position-overlay  envira-gallery-top-right\"><\/div><div class=\"envira-gallery-position-overlay  envira-gallery-bottom-left\"><\/div><div class=\"envira-gallery-position-overlay  envira-gallery-bottom-right\"><\/div><a href=\"http:\/\/delamarre.net\/wpprecy\/wp-content\/uploads\/2024\/08\/rues_place_eglise16_resultat.jpg\" class=\"envira-gallery-link\" rel=\"enviragallery977\" title=\"La place de l&amp;#039;&eacute;glise &agrave; Pr&eacute;cy sur Oise\" data-envira-caption=\"La place de l&amp;#039;&eacute;glise &agrave; Pr&eacute;cy sur Oise\" data-envira-retina=\"\" data-thumbnail=\"\" target=\"_blank\"  itemprop=\"contentUrl\"><img decoding=\"async\" id=\"envira-gallery-image-996\" class=\"envira-gallery-image envira-gallery-image-19 envira-normal envira-lazy\" data-envira-index=\"19\" src=\"https:\/\/histoiredeprecy.com\/wp-content\/uploads\/2024\/08\/rues_place_eglise16_resultat-1024x653-640x480.jpg\" data-envira-src=\"https:\/\/histoiredeprecy.com\/wp-content\/uploads\/2024\/08\/rues_place_eglise16_resultat-1024x653-640x480.jpg\" data-envira-gallery-id=\"977\" data-envira-item-id=\"996\" data-envira-caption=\"La place de l&amp;#039;&eacute;glise &agrave; Pr&eacute;cy sur Oise\" alt=\"La place de l&#039;\u00e9glise \u00e0 Pr\u00e9cy sur Oise\" title=\"La place de l&#039;\u00e9glise \u00e0 Pr\u00e9cy sur Oise\"  itemprop=\"thumbnailUrl\" data-envira-srcset=\"https:\/\/histoiredeprecy.com\/wp-content\/uploads\/2024\/08\/rues_place_eglise16_resultat-1024x653-640x480.jpg 400w,https:\/\/histoiredeprecy.com\/wp-content\/uploads\/2024\/08\/rues_place_eglise16_resultat-1024x653-640x480.jpg 2x\" data-envira-width=\"300\" data-envira-height=\"191\" srcset=\"data:image\/gif;base64,R0lGODlhAQABAIAAAP\/\/\/\/\/\/\/yH5BAEKAAEALAAAAAABAAEAAAICTAEAOw==\" data-safe-src=\"data:image\/gif;base64,R0lGODlhAQABAIAAAP\/\/\/\/\/\/\/yH5BAEKAAEALAAAAAABAAEAAAICTAEAOw==\" \/><\/a><\/div><\/div><div id=\"envira-gallery-item-997\" class=\"envira-gallery-item enviratope-item envira-gallery-item-20 envira-lazy-load\" style=\"padding-left: 1px; padding-bottom: 1px; padding-right: 1px;\"  itemscope itemtype=\"https:\/\/schema.org\/ImageObject\"><div class=\"envira-gallery-item-inner\"><div class=\"envira-gallery-position-overlay  envira-gallery-top-left\"><\/div><div class=\"envira-gallery-position-overlay  envira-gallery-top-right\"><\/div><div class=\"envira-gallery-position-overlay  envira-gallery-bottom-left\"><\/div><div class=\"envira-gallery-position-overlay  envira-gallery-bottom-right\"><\/div><a href=\"http:\/\/delamarre.net\/wpprecy\/wp-content\/uploads\/2024\/08\/rues_place_eglise17_1958_resultat.jpg\" class=\"envira-gallery-link\" rel=\"enviragallery977\" title=\"La place de l&amp;#039;&eacute;glise &agrave; Pr&eacute;cy sur Oise\" data-envira-caption=\"La place de l&amp;#039;&eacute;glise &agrave; Pr&eacute;cy sur Oise\" data-envira-retina=\"\" data-thumbnail=\"\" target=\"_blank\"  itemprop=\"contentUrl\"><img decoding=\"async\" id=\"envira-gallery-image-997\" class=\"envira-gallery-image envira-gallery-image-20 envira-normal envira-lazy\" data-envira-index=\"20\" src=\"https:\/\/histoiredeprecy.com\/wp-content\/uploads\/2024\/08\/rues_place_eglise17_1958_resultat-1024x662-640x480.jpg\" data-envira-src=\"https:\/\/histoiredeprecy.com\/wp-content\/uploads\/2024\/08\/rues_place_eglise17_1958_resultat-1024x662-640x480.jpg\" data-envira-gallery-id=\"977\" data-envira-item-id=\"997\" data-envira-caption=\"La place de l&amp;#039;&eacute;glise &agrave; Pr&eacute;cy sur Oise\" alt=\"La place de l&#039;\u00e9glise \u00e0 Pr\u00e9cy sur Oise\" title=\"La place de l&#039;\u00e9glise \u00e0 Pr\u00e9cy sur Oise\"  itemprop=\"thumbnailUrl\" data-envira-srcset=\"https:\/\/histoiredeprecy.com\/wp-content\/uploads\/2024\/08\/rues_place_eglise17_1958_resultat-1024x662-640x480.jpg 400w,https:\/\/histoiredeprecy.com\/wp-content\/uploads\/2024\/08\/rues_place_eglise17_1958_resultat-1024x662-640x480.jpg 2x\" data-envira-width=\"300\" data-envira-height=\"194\" srcset=\"data:image\/gif;base64,R0lGODlhAQABAIAAAP\/\/\/\/\/\/\/yH5BAEKAAEALAAAAAABAAEAAAICTAEAOw==\" data-safe-src=\"data:image\/gif;base64,R0lGODlhAQABAIAAAP\/\/\/\/\/\/\/yH5BAEKAAEALAAAAAABAAEAAAICTAEAOw==\" \/><\/a><\/div><\/div><div id=\"envira-gallery-item-998\" class=\"envira-gallery-item enviratope-item envira-gallery-item-21 envira-lazy-load\" style=\"padding-left: 1px; padding-bottom: 1px; padding-right: 1px;\"  itemscope itemtype=\"https:\/\/schema.org\/ImageObject\"><div class=\"envira-gallery-item-inner\"><div class=\"envira-gallery-position-overlay  envira-gallery-top-left\"><\/div><div class=\"envira-gallery-position-overlay  envira-gallery-top-right\"><\/div><div class=\"envira-gallery-position-overlay  envira-gallery-bottom-left\"><\/div><div class=\"envira-gallery-position-overlay  envira-gallery-bottom-right\"><\/div><a href=\"http:\/\/delamarre.net\/wpprecy\/wp-content\/uploads\/2024\/08\/rues_place_eglise18_resultat.jpg\" class=\"envira-gallery-link\" rel=\"enviragallery977\" title=\"La place de l&amp;#039;&eacute;glise &agrave; Pr&eacute;cy sur Oise\" data-envira-caption=\"La place de l&amp;#039;&eacute;glise &agrave; Pr&eacute;cy sur Oise\" data-envira-retina=\"\" data-thumbnail=\"\" target=\"_blank\"  itemprop=\"contentUrl\"><img decoding=\"async\" id=\"envira-gallery-image-998\" class=\"envira-gallery-image envira-gallery-image-21 envira-normal envira-lazy\" data-envira-index=\"21\" src=\"https:\/\/histoiredeprecy.com\/wp-content\/uploads\/2024\/08\/rues_place_eglise18_resultat-1024x660-640x480.jpg\" data-envira-src=\"https:\/\/histoiredeprecy.com\/wp-content\/uploads\/2024\/08\/rues_place_eglise18_resultat-1024x660-640x480.jpg\" data-envira-gallery-id=\"977\" data-envira-item-id=\"998\" data-envira-caption=\"La place de l&amp;#039;&eacute;glise &agrave; Pr&eacute;cy sur Oise\" alt=\"La place de l&#039;\u00e9glise \u00e0 Pr\u00e9cy sur Oise\" title=\"La place de l&#039;\u00e9glise \u00e0 Pr\u00e9cy sur Oise\"  itemprop=\"thumbnailUrl\" data-envira-srcset=\"https:\/\/histoiredeprecy.com\/wp-content\/uploads\/2024\/08\/rues_place_eglise18_resultat-1024x660-640x480.jpg 400w,https:\/\/histoiredeprecy.com\/wp-content\/uploads\/2024\/08\/rues_place_eglise18_resultat-1024x660-640x480.jpg 2x\" data-envira-width=\"300\" data-envira-height=\"193\" srcset=\"data:image\/gif;base64,R0lGODlhAQABAIAAAP\/\/\/\/\/\/\/yH5BAEKAAEALAAAAAABAAEAAAICTAEAOw==\" data-safe-src=\"data:image\/gif;base64,R0lGODlhAQABAIAAAP\/\/\/\/\/\/\/yH5BAEKAAEALAAAAAABAAEAAAICTAEAOw==\" \/><\/a><\/div><\/div><div id=\"envira-gallery-item-999\" class=\"envira-gallery-item enviratope-item envira-gallery-item-22 envira-lazy-load\" style=\"padding-left: 1px; padding-bottom: 1px; padding-right: 1px;\"  itemscope itemtype=\"https:\/\/schema.org\/ImageObject\"><div class=\"envira-gallery-item-inner\"><div class=\"envira-gallery-position-overlay  envira-gallery-top-left\"><\/div><div class=\"envira-gallery-position-overlay  envira-gallery-top-right\"><\/div><div class=\"envira-gallery-position-overlay  envira-gallery-bottom-left\"><\/div><div class=\"envira-gallery-position-overlay  envira-gallery-bottom-right\"><\/div><a href=\"http:\/\/delamarre.net\/wpprecy\/wp-content\/uploads\/2024\/08\/rues_place_eglise19_resultat.jpg\" class=\"envira-gallery-link\" rel=\"enviragallery977\" title=\"La place de l&amp;#039;&eacute;glise &agrave; Pr&eacute;cy sur Oise\" data-envira-caption=\"La place de l&amp;#039;&eacute;glise &agrave; Pr&eacute;cy sur Oise\" data-envira-retina=\"\" data-thumbnail=\"\" target=\"_blank\"  itemprop=\"contentUrl\"><img decoding=\"async\" id=\"envira-gallery-image-999\" class=\"envira-gallery-image envira-gallery-image-22 envira-normal envira-lazy\" data-envira-index=\"22\" src=\"https:\/\/histoiredeprecy.com\/wp-content\/uploads\/2024\/08\/rues_place_eglise19_resultat-1024x668-640x480.jpg\" data-envira-src=\"https:\/\/histoiredeprecy.com\/wp-content\/uploads\/2024\/08\/rues_place_eglise19_resultat-1024x668-640x480.jpg\" data-envira-gallery-id=\"977\" data-envira-item-id=\"999\" data-envira-caption=\"La place de l&amp;#039;&eacute;glise &agrave; Pr&eacute;cy sur Oise\" alt=\"La place de l&#039;\u00e9glise \u00e0 Pr\u00e9cy sur Oise\" title=\"La place de l&#039;\u00e9glise \u00e0 Pr\u00e9cy sur Oise\"  itemprop=\"thumbnailUrl\" data-envira-srcset=\"https:\/\/histoiredeprecy.com\/wp-content\/uploads\/2024\/08\/rues_place_eglise19_resultat-1024x668-640x480.jpg 400w,https:\/\/histoiredeprecy.com\/wp-content\/uploads\/2024\/08\/rues_place_eglise19_resultat-1024x668-640x480.jpg 2x\" data-envira-width=\"300\" data-envira-height=\"196\" srcset=\"data:image\/gif;base64,R0lGODlhAQABAIAAAP\/\/\/\/\/\/\/yH5BAEKAAEALAAAAAABAAEAAAICTAEAOw==\" data-safe-src=\"data:image\/gif;base64,R0lGODlhAQABAIAAAP\/\/\/\/\/\/\/yH5BAEKAAEALAAAAAABAAEAAAICTAEAOw==\" \/><\/a><\/div><\/div><\/div><\/div><noscript><img decoding=\"async\" src=\"https:\/\/histoiredeprecy.com\/wp-content\/uploads\/2024\/08\/rues_eglise1_1910_resultat.jpg\" alt=\"La rue de l&#039;\u00e9glise \u00e0 Pr\u00e9cy sur Oise\" \/><img decoding=\"async\" src=\"https:\/\/histoiredeprecy.com\/wp-content\/uploads\/2024\/08\/rues_eglise2_resultat.jpg\" alt=\"La rue de l&#039;\u00e9glise \u00e0 Pr\u00e9cy sur Oise\" \/><img decoding=\"async\" src=\"https:\/\/histoiredeprecy.com\/wp-content\/uploads\/2024\/08\/rues_eglise3_1905_resultat.jpg\" alt=\"La rue de l&#039;\u00e9glise \u00e0 Pr\u00e9cy sur Oise\" \/><img decoding=\"async\" src=\"https:\/\/histoiredeprecy.com\/wp-content\/uploads\/2024\/08\/rues_place_eglise1_resultat.jpg\" alt=\"La place de l&#039;\u00e9glise \u00e0 Pr\u00e9cy sur Oise\" \/><img decoding=\"async\" src=\"https:\/\/histoiredeprecy.com\/wp-content\/uploads\/2024\/08\/rues_place_eglise2_1917_resultat.jpg\" alt=\"La place de l&#039;\u00e9glise \u00e0 Pr\u00e9cy sur Oise\" \/><img decoding=\"async\" src=\"https:\/\/histoiredeprecy.com\/wp-content\/uploads\/2024\/08\/rues_place_eglise3_1918_resultat.jpg\" alt=\"La place de l&#039;\u00e9glise \u00e0 Pr\u00e9cy sur Oise\" \/><img decoding=\"async\" src=\"https:\/\/histoiredeprecy.com\/wp-content\/uploads\/2024\/08\/rues_place_eglise4_resultat.jpg\" alt=\"La place de l&#039;\u00e9glise \u00e0 Pr\u00e9cy sur Oise\" \/><img decoding=\"async\" src=\"https:\/\/histoiredeprecy.com\/wp-content\/uploads\/2024\/08\/rues_place_eglise5_1905_resultat.jpg\" alt=\"La place de l&#039;\u00e9glise \u00e0 Pr\u00e9cy sur Oise\" \/><img decoding=\"async\" src=\"https:\/\/histoiredeprecy.com\/wp-content\/uploads\/2024\/08\/rues_place_eglise6_1935_resultat.jpg\" alt=\"La place de l&#039;\u00e9glise \u00e0 Pr\u00e9cy sur Oise\" \/><img decoding=\"async\" src=\"https:\/\/histoiredeprecy.com\/wp-content\/uploads\/2024\/08\/rues_place_eglise7_1906_resultat.jpg\" alt=\"La place de l&#039;\u00e9glise \u00e0 Pr\u00e9cy sur Oise\" \/><img decoding=\"async\" src=\"https:\/\/histoiredeprecy.com\/wp-content\/uploads\/2024\/08\/rues_place_eglise8_resultat.jpg\" alt=\"La place de l&#039;\u00e9glise \u00e0 Pr\u00e9cy sur Oise\" \/><img decoding=\"async\" src=\"https:\/\/histoiredeprecy.com\/wp-content\/uploads\/2024\/08\/rues_place_eglise9_1914_resultat.jpg\" alt=\"La place de l&#039;\u00e9glise \u00e0 Pr\u00e9cy sur Oise\" \/><img decoding=\"async\" src=\"https:\/\/histoiredeprecy.com\/wp-content\/uploads\/2024\/08\/rues_place_eglise10_1905_resultat.jpg\" alt=\"La place de l&#039;\u00e9glise \u00e0 Pr\u00e9cy sur Oise\" \/><img decoding=\"async\" src=\"https:\/\/histoiredeprecy.com\/wp-content\/uploads\/2024\/08\/rues_place_eglise11_1912_resultat.jpg\" alt=\"La place de l&#039;\u00e9glise \u00e0 Pr\u00e9cy sur Oise\" \/><img decoding=\"async\" src=\"https:\/\/histoiredeprecy.com\/wp-content\/uploads\/2024\/08\/rues_place_eglise12_1907_resultat.jpg\" alt=\"La place de l&#039;\u00e9glise \u00e0 Pr\u00e9cy sur Oise\" \/><img decoding=\"async\" src=\"https:\/\/histoiredeprecy.com\/wp-content\/uploads\/2024\/08\/rues_place_eglise13_1909_resultat.jpg\" alt=\"La place de l&#039;\u00e9glise \u00e0 Pr\u00e9cy sur Oise\" \/><img decoding=\"async\" src=\"https:\/\/histoiredeprecy.com\/wp-content\/uploads\/2024\/08\/rues_place_eglise14_resultat.jpg\" alt=\"La place de l&#039;\u00e9glise \u00e0 Pr\u00e9cy sur Oise\" \/><img decoding=\"async\" src=\"https:\/\/histoiredeprecy.com\/wp-content\/uploads\/2024\/08\/rues_place_eglise15_1916_resultat.jpg\" alt=\"La place de l&#039;\u00e9glise \u00e0 Pr\u00e9cy sur Oise\" \/><img decoding=\"async\" src=\"https:\/\/histoiredeprecy.com\/wp-content\/uploads\/2024\/08\/rues_place_eglise16_resultat.jpg\" alt=\"La place de l&#039;\u00e9glise \u00e0 Pr\u00e9cy sur Oise\" \/><img decoding=\"async\" src=\"https:\/\/histoiredeprecy.com\/wp-content\/uploads\/2024\/08\/rues_place_eglise17_1958_resultat.jpg\" alt=\"La place de l&#039;\u00e9glise \u00e0 Pr\u00e9cy sur Oise\" \/><img decoding=\"async\" src=\"https:\/\/histoiredeprecy.com\/wp-content\/uploads\/2024\/08\/rues_place_eglise18_resultat.jpg\" alt=\"La place de l&#039;\u00e9glise \u00e0 Pr\u00e9cy sur Oise\" \/><img decoding=\"async\" src=\"https:\/\/histoiredeprecy.com\/wp-content\/uploads\/2024\/08\/rues_place_eglise19_resultat.jpg\" alt=\"La place de l&#039;\u00e9glise \u00e0 Pr\u00e9cy sur Oise\" \/><\/noscript><\/div>\n","protected":false},"excerpt":{"rendered":"<p>Pendant plusieurs si\u00e8cles, les centres de d\u00e9cision de Pr\u00e9cy \u00e9taient dispos\u00e9s dans ce quartier autour de l&rsquo;\u00e9glise, comme le reconstitue le dessin ci-contre r\u00e9alis\u00e9 par le p\u00e8re Speybroeck : &#8211; l&rsquo;\u00e9glise, elle-m\u00eame, reste le b\u00e2timent historique le plus ancien du village, celui o\u00f9 se sont d\u00e9roul\u00e9es les c\u00e9r\u00e9monies, o\u00f9 avaient lieu les bapt\u00eames, les mariages [&hellip;]<\/p>\n","protected":false},"author":1,"featured_media":0,"comment_status":"closed","ping_status":"open","sticky":false,"template":"","format":"standard","meta":{"footnotes":""},"categories":[1],"tags":[],"class_list":["post-974","post","type-post","status-publish","format-standard","hentry","category-non-classe"],"_links":{"self":[{"href":"https:\/\/histoiredeprecy.com\/index.php\/wp-json\/wp\/v2\/posts\/974","targetHints":{"allow":["GET"]}}],"collection":[{"href":"https:\/\/histoiredeprecy.com\/index.php\/wp-json\/wp\/v2\/posts"}],"about":[{"href":"https:\/\/histoiredeprecy.com\/index.php\/wp-json\/wp\/v2\/types\/post"}],"author":[{"embeddable":true,"href":"https:\/\/histoiredeprecy.com\/index.php\/wp-json\/wp\/v2\/users\/1"}],"replies":[{"embeddable":true,"href":"https:\/\/histoiredeprecy.com\/index.php\/wp-json\/wp\/v2\/comments?post=974"}],"version-history":[{"count":3,"href":"https:\/\/histoiredeprecy.com\/index.php\/wp-json\/wp\/v2\/posts\/974\/revisions"}],"predecessor-version":[{"id":1795,"href":"https:\/\/histoiredeprecy.com\/index.php\/wp-json\/wp\/v2\/posts\/974\/revisions\/1795"}],"wp:attachment":[{"href":"https:\/\/histoiredeprecy.com\/index.php\/wp-json\/wp\/v2\/media?parent=974"}],"wp:term":[{"taxonomy":"category","embeddable":true,"href":"https:\/\/histoiredeprecy.com\/index.php\/wp-json\/wp\/v2\/categories?post=974"},{"taxonomy":"post_tag","embeddable":true,"href":"https:\/\/histoiredeprecy.com\/index.php\/wp-json\/wp\/v2\/tags?post=974"}],"curies":[{"name":"wp","href":"https:\/\/api.w.org\/{rel}","templated":true}]}}